{"id":12480,"date":"2024-07-26T12:17:21","date_gmt":"2024-07-26T17:17:21","guid":{"rendered":"https:\/\/www.amchambaq.com\/?p=12480"},"modified":"2024-07-26T12:17:21","modified_gmt":"2024-07-26T17:17:21","slug":"cambios-en-el-grupo-olimpica-antonio-char-deja-la-presidencia","status":"publish","type":"post","link":"https:\/\/www.amchambaq.com\/es_co\/cambios-en-el-grupo-olimpica-antonio-char-deja-la-presidencia\/","title":{"rendered":"Cambios en el Grupo Ol\u00edmpica: Antonio Char deja la presidencia"},"content":{"rendered":"<p>El pr\u00f3ximo 1\u00b0 de agosto ser\u00e1 un d\u00eda crucial para el\u00a0<strong>Grupo Ol\u00edmpica<\/strong>. Extraoficialmente se conoci\u00f3 que\u00a0<strong>Antonio Char<\/strong>\u00a0dej\u00f3 la presidencia del grupo empresarial, y a partir de la fecha\u00a0<strong>Jos\u00e9 Manuel Carbonell<\/strong>\u00a0asumir\u00e1 dicho cargo.<\/p>\n<p>Igualmente, se conoci\u00f3 que los cambios llegar\u00e1n hasta otros cargos directivos que son ocupados por miembros de la\u00a0<strong>familia Char<\/strong>. Estos estar\u00e1n hasta el 31 de julio y ser\u00e1n reemplazados tambi\u00e9n a partir del mes de agosto.<\/p>\n<p>Aunque es poco lo que se sabe sobre las razones de los cambios en los cargos directivos, EL HERALDO conoci\u00f3 que hace parte de una estrategia de fortalecimiento de la compa\u00f1\u00eda para afianzarla en el mundo empresarial y seguir creciendo.<\/p>\n<p>De hecho, su m\u00e1s reciente apuesta fue incursionar en el negocio del Hard Discounts, con el lanzamiento en diciembre de 2022 de las tiendas \u00cdsimo.<\/p>\n<p>Antonio Char, hijo de\u00a0<strong>Fuad Char Abdala<\/strong>\u00a0y hermano del exsenador Arturo Char y el alcalde\u00a0<strong>Alejandro Char<\/strong>, estaba al frente del Grupo Ol\u00edmpica desde 1999. Tambi\u00e9n estuvo por varios a\u00f1os en la presidencia del equipo Junior de Barranquilla.<\/p>\n<p>Hoy el grupo empresarial cuenta con\u00a0<strong>Banco Serfinanza<\/strong>, Granos y Cereales, Acondesa, ORO (Organizaci\u00f3n radial Ol\u00edmpica);\u00a0<strong>Sonovista Publicidad<\/strong>, Portales Urbanos, \u00c9ticos Serrano, Laboratorios Best, Empaques Transparentes, entre otras empresas.<\/p>\n<p>Ol\u00edmpica es la cadena de retail m\u00e1s grande de Colombia con capital 100 % nacional. Tambi\u00e9n es reconocida por ser una de las empleadoras m\u00e1s importantes en Colombia, ya que durante siete d\u00e9cadas han trabajado m\u00e1s de 140.000 empleados.<\/p>\n<p>Son reconocidos como una compa\u00f1\u00eda l\u00edder en la comercializaci\u00f3n de productos de consumo masivo de \u00f3ptima calidad, a trav\u00e9s de una cadena privada de establecimientos que incluyen supertiendas, superalmacenes, superdroguer\u00edas y droguer\u00edas.<\/p>\n<p>Adem\u00e1s de comercializar un amplio portafolio de productos de marcas privadas,\u00a0<strong>Ol\u00edmpica\u00a0<\/strong>cuenta con marcas propias disponibles en las categor\u00edas de supermercado, textil, electrodom\u00e9sticos, electromenores, tecnolog\u00eda y hogar.<\/p>\n<p>La compa\u00f1\u00eda ha dicho en varias ocasiones que su crecimiento responde a la capacidad de entender las necesidades de los\u00a0<strong>consumidores\u00a0<\/strong>y la cercan\u00eda como base de la fidelidad; el buen relacionamiento con los productores y con los m\u00e1s de 5 millones de clientes con los que cuenta la compa\u00f1\u00eda<\/p>\n","protected":false},"excerpt":{"rendered":"<p>El pr\u00f3ximo 1\u00b0 de agosto ser\u00e1 un d\u00eda crucial para el\u00a0Grupo Ol\u00edmpica. Extraoficialmente se conoci\u00f3 que\u00a0Antonio Char\u00a0dej\u00f3 la presidencia del grupo empresarial, y a partir de la fecha\u00a0Jos\u00e9 Manuel Carbonell\u00a0asumir\u00e1 dicho cargo. Igualmente, se conoci\u00f3 que los cambios llegar\u00e1n hasta otros cargos directivos que son ocupados por miembros de la\u00a0familia Char. Estos estar\u00e1n hasta el<\/p>\n","protected":false},"author":1,"featured_media":12481,"comment_status":"closed","ping_status":"closed","sticky":false,"template":"","format":"standard","meta":{"footnotes":""},"categories":[342,181],"tags":[],"class_list":["post-12480","post","type-post","status-publish","format-standard","has-post-thumbnail","hentry","category-news","category-noticias"],"views":147,"_links":{"self":[{"href":"https:\/\/www.amchambaq.com\/es_co\/wp-json\/wp\/v2\/posts\/12480","targetHints":{"allow":["GET"]}}],"collection":[{"href":"https:\/\/www.amchambaq.com\/es_co\/wp-json\/wp\/v2\/posts"}],"about":[{"href":"https:\/\/www.amchambaq.com\/es_co\/wp-json\/wp\/v2\/types\/post"}],"author":[{"embeddable":true,"href":"https:\/\/www.amchambaq.com\/es_co\/wp-json\/wp\/v2\/users\/1"}],"replies":[{"embeddable":true,"href":"https:\/\/www.amchambaq.com\/es_co\/wp-json\/wp\/v2\/comments?post=12480"}],"version-history":[{"count":1,"href":"https:\/\/www.amchambaq.com\/es_co\/wp-json\/wp\/v2\/posts\/12480\/revisions"}],"predecessor-version":[{"id":12482,"href":"https:\/\/www.amchambaq.com\/es_co\/wp-json\/wp\/v2\/posts\/12480\/revisions\/12482"}],"wp:featuredmedia":[{"embeddable":true,"href":"https:\/\/www.amchambaq.com\/es_co\/wp-json\/wp\/v2\/media\/12481"}],"wp:attachment":[{"href":"https:\/\/www.amchambaq.com\/es_co\/wp-json\/wp\/v2\/media?parent=12480"}],"wp:term":[{"taxonomy":"category","embeddable":true,"href":"https:\/\/www.amchambaq.com\/es_co\/wp-json\/wp\/v2\/categories?post=12480"},{"taxonomy":"post_tag","embeddable":true,"href":"https:\/\/www.amchambaq.com\/es_co\/wp-json\/wp\/v2\/tags?post=12480"}],"curies":[{"name":"wp","href":"https:\/\/api.w.org\/{rel}","templated":true}]}}