{"id":12470,"date":"2024-07-23T15:57:07","date_gmt":"2024-07-23T20:57:07","guid":{"rendered":"https:\/\/www.amchambaq.com\/?p=12470"},"modified":"2024-07-23T15:57:07","modified_gmt":"2024-07-23T20:57:07","slug":"amcham-colombia-alcaldia-y-camara-de-comercio-de-santa-marta-firman-pacto-por-las-oportunidades-para-el-crecimiento-economico","status":"publish","type":"post","link":"https:\/\/www.amchambaq.com\/es_co\/amcham-colombia-alcaldia-y-camara-de-comercio-de-santa-marta-firman-pacto-por-las-oportunidades-para-el-crecimiento-economico\/","title":{"rendered":"AmCham Colombia, Alcald\u00eda y C\u00e1mara de Comercio de Santa Marta firman \u201cPacto por las oportunidades\u201d para el crecimiento econ\u00f3mico"},"content":{"rendered":"<p class=\"size-16\"><b>Santa Marta D.T.C.H., 23 de julio de 2024.\u00a0<\/b>La C\u00e1mara de Comercio Colombo-Americana, la Alcald\u00eda de Santa Marta y la C\u00e1mara de Comercio de Santa Marta para el Magdalena firman memorando de entendimiento como iniciativa empresarial convocada para contribuir y trabajar por el crecimiento econ\u00f3mico de la regi\u00f3n.<\/p>\n<p class=\"size-16\">En el auditorio de la C\u00e1mara de Comercio, con empresarios de diferentes sectores productivos\u00a0 y directivos de\u00a0 gremios econ\u00f3micos de Santa Marta, se realiz\u00f3 el evento organizado por AmCham Atl\u00e1ntico y Magdalena. Este fue presidido por Mar\u00eda Claudia Lacouture, presidenta ejecutiva de AmCham Colombia; Carlos Pinedo, alcalde de Santa Marta; Silvia Elena Medina, presidenta ejecutiva de la C\u00e1mara de Comercio de Santa Marta para el Magdalena; y Vicky Ib\u00e1nez, directora ejecutiva de AmCham Atl\u00e1ntico y Magdalena para firmar el documento que refleja el compromiso del sector empresarial con el futuro del pa\u00eds.<\/p>\n<p class=\"size-16\">En un momento crucial para la econom\u00eda colombiana, marcado por un entorno global complejo y una incertidumbre nacional, surge el Pacto por las Oportunidades. Esta iniciativa, liderada por los empresarios afiliados a AmCham Colombia, respaldada por la Secretar\u00eda Desarrollo Econ\u00f3mico del Gobierno Distrital y\u00a0 por\u00a0 la Secretar\u00eda T\u00e9cnica de la Comisi\u00f3n Regional de Competitividad que lidera la C\u00e1mara de Comercio\u00a0 busca impulsar el desarrollo sostenible y el crecimiento econ\u00f3mico del pa\u00eds.<\/p>\n<p class=\"size-16\">El proyecto cuenta actualmente con la participaci\u00f3n de representantes de m\u00e1s de 300 empresas de 19 ciudades y 21 sectores econ\u00f3micos, de las cuales el 80 % son pymes. Este acuerdo representa un compromiso colectivo para identificar y aprovechar nuevas oportunidades que contribuyan al progreso de Colombia.<\/p>\n<p class=\"size-16\">\u201cMe alegra traer este Pacto por las Oportunidades a Santa Marta, mi casa\u201d, menciona Mar\u00eda Claudia Lacouture, presidenta ejecutiva de AmCham Colombia. \u201cActualmente estamos en una desaceleraci\u00f3n econ\u00f3mica en el pa\u00eds. Por eso, lo que buscamos a trav\u00e9s de esta estrategia es lograr oportunidades que generen utilidades para las empresas privadas y permitan un mayor desarrollo\u201d, agrega.<\/p>\n<p class=\"size-16\">\u201cHemos trabajado por la uni\u00f3n de estrategias que permitan el fortalecimiento del tejido empresarial, conociendo oportunidades que se presentan en Estados Unidos para la regi\u00f3n caribe. Agradecemos a nuestros aliados en este pacto por creer que todos unidos podemos lograr m\u00e1s por nuestros departamentos y pa\u00eds\u201d, dice Vicky Ib\u00e1nez, directora ejecutiva de AmCham Atl\u00e1ntico y Magdalena.<\/p>\n<p class=\"size-16\">Por su parte, Carlos Pinedo, alcalde de la ciudad, menciona que \u201cla empresa privada es un motor fundamental del desarrollo, si esta se fortalece, de la misma manera lo hace la ciudad. Cuando aumentamos los empleos formales, crece Santa Marta y crece Colombia, por esto este tipo de estrategias son clave para nuestro territorio\u201d.<\/p>\n<p class=\"size-16\">Para Silvia Elena Medina, presidenta ejecutiva de la C\u00e1mara de Comercio, \u201cla C\u00e1mara siempre ha estado comprometida con el desarrollo sostenible y la competitividad de nuestra regi\u00f3n. Estamos convencidos de que, a trav\u00e9s de la cooperaci\u00f3n y el trabajo conjunto entre el sector p\u00fablico y privado, podemos superar los desaf\u00edos actuales y aprovechar las oportunidades que se presenten\u201d.<\/p>\n<p class=\"size-16\"><b>El Pacto por las Oportunidades se fundamenta en cinco pilares estrat\u00e9gicos:\u00a0<\/b><\/p>\n<p class=\"size-16\">\n<ol>\n<li class=\"size-16\"><b>Apertura de nuevos mercados:\u00a0<\/b>Fomentar la creaci\u00f3n de nuevas alianzas comerciales mediante encuentros de networking y eventos empresariales. La meta es explorar y desarrollar nuevos mercados, tanto a nivel nacional como internacional, aprovechando la red de tratados de libre comercio.<\/li>\n<li class=\"size-16\"><b>Adaptaci\u00f3n de productos y empresas:<\/b>\u00a0Proveer informaci\u00f3n relevante, capacitaci\u00f3n especializada y programas de mentor\u00edas para que las empresas puedan competir eficazmente en el mercado global, asegurando que sus productos y servicios cumplan con los est\u00e1ndares internacionales.<\/li>\n<li class=\"size-16\"><b>Capacitaci\u00f3n y formaci\u00f3n:<\/b>\u00a0Implementar programas de capacitaci\u00f3n para actualizar los conocimientos y habilidades de los empresarios y sus equipos. Promover el intercambio de experiencias exitosas y las buenas pr\u00e1cticas para mejorar la competitividad y productividad.<\/li>\n<li class=\"size-16\"><b>Generaci\u00f3n de empleo de calidad:<\/b>\u00a0Promover la contrataci\u00f3n de poblaciones vulnerables, como j\u00f3venes entre 18 y 28 a\u00f1os, mujeres, poblaci\u00f3n migrante, personas en condici\u00f3n de discapacidad y otras poblaciones especiales. El objetivo es contribuir al desarrollo social y econ\u00f3mico del pa\u00eds, fomentando la inclusi\u00f3n y la equidad.<\/li>\n<li class=\"size-16\"><b>Desarrollo sostenible:<\/b>\u00a0Asegurar que las pr\u00e1cticas empresariales sean responsables y sostenibles a largo plazo. Promover iniciativas que minimicen el impacto ambiental, fomenten el uso eficiente de los recursos y contribuyan al bienestar de las comunidades.<\/li>\n<\/ol>\n<p>&nbsp;<\/p>\n<p class=\"size-16\">El Pacto por las Oportunidades refleja el compromiso del sector empresarial con las iniciativas locales para construir un mejor\u00a0 futuro productivo de Santa Marta , demostrando que mediante la colaboraci\u00f3n y la acci\u00f3n conjunta es posible superar los desaf\u00edos y crear un camino hacia un crecimiento econ\u00f3mico sostenible.<\/p>\n","protected":false},"excerpt":{"rendered":"<p>Santa Marta D.T.C.H., 23 de julio de 2024.\u00a0La C\u00e1mara de Comercio Colombo-Americana, la Alcald\u00eda de Santa Marta y la C\u00e1mara de Comercio de Santa Marta para el Magdalena firman memorando de entendimiento como iniciativa empresarial convocada para contribuir y trabajar por el crecimiento econ\u00f3mico de la regi\u00f3n. En el auditorio de la C\u00e1mara de Comercio,<\/p>\n","protected":false},"author":1,"featured_media":12471,"comment_status":"closed","ping_status":"closed","sticky":false,"template":"","format":"standard","meta":{"footnotes":""},"categories":[342,181],"tags":[],"class_list":["post-12470","post","type-post","status-publish","format-standard","has-post-thumbnail","hentry","category-news","category-noticias"],"views":79,"_links":{"self":[{"href":"https:\/\/www.amchambaq.com\/es_co\/wp-json\/wp\/v2\/posts\/12470","targetHints":{"allow":["GET"]}}],"collection":[{"href":"https:\/\/www.amchambaq.com\/es_co\/wp-json\/wp\/v2\/posts"}],"about":[{"href":"https:\/\/www.amchambaq.com\/es_co\/wp-json\/wp\/v2\/types\/post"}],"author":[{"embeddable":true,"href":"https:\/\/www.amchambaq.com\/es_co\/wp-json\/wp\/v2\/users\/1"}],"replies":[{"embeddable":true,"href":"https:\/\/www.amchambaq.com\/es_co\/wp-json\/wp\/v2\/comments?post=12470"}],"version-history":[{"count":1,"href":"https:\/\/www.amchambaq.com\/es_co\/wp-json\/wp\/v2\/posts\/12470\/revisions"}],"predecessor-version":[{"id":12472,"href":"https:\/\/www.amchambaq.com\/es_co\/wp-json\/wp\/v2\/posts\/12470\/revisions\/12472"}],"wp:featuredmedia":[{"embeddable":true,"href":"https:\/\/www.amchambaq.com\/es_co\/wp-json\/wp\/v2\/media\/12471"}],"wp:attachment":[{"href":"https:\/\/www.amchambaq.com\/es_co\/wp-json\/wp\/v2\/media?parent=12470"}],"wp:term":[{"taxonomy":"category","embeddable":true,"href":"https:\/\/www.amchambaq.com\/es_co\/wp-json\/wp\/v2\/categories?post=12470"},{"taxonomy":"post_tag","embeddable":true,"href":"https:\/\/www.amchambaq.com\/es_co\/wp-json\/wp\/v2\/tags?post=12470"}],"curies":[{"name":"wp","href":"https:\/\/api.w.org\/{rel}","templated":true}]}}