{"id":12464,"date":"2024-07-22T10:40:54","date_gmt":"2024-07-22T15:40:54","guid":{"rendered":"https:\/\/www.amchambaq.com\/?p=12464"},"modified":"2024-07-22T10:40:54","modified_gmt":"2024-07-22T15:40:54","slug":"atlantico-entre-los-territorios-que-el-gobierno-fortalecera-economia-popular","status":"publish","type":"post","link":"https:\/\/www.amchambaq.com\/es_co\/atlantico-entre-los-territorios-que-el-gobierno-fortalecera-economia-popular\/","title":{"rendered":"Atl\u00e1ntico, entre los territorios que el Gobierno fortalecer\u00e1 econom\u00eda popular"},"content":{"rendered":"<div id=\"body\" class=\"content-article size-m\">\n<p>El<strong>\u00a0Ministerio de Comercio<\/strong>\u00a0a trav\u00e9s de\u00a0<strong>iNNpulsa Colombia<\/strong>,\u00a0<strong>Fontur<\/strong>, y en alianza con las c\u00e1maras de comercio de\u00a0<strong>Pereira<\/strong>,\u00a0<strong>Barranquilla\u00a0<\/strong>y\u00a0<strong>Armenia<\/strong>, ponen en marcha nuevas convocatorias del programa\u00a0<strong>FortaleSER<\/strong>, destinadas a seleccionar 1.520 unidades productivas de la econom\u00eda popular para que accedan a una completa ruta de acompa\u00f1amiento para fortalecer sus\u00a0<strong>capacidades empresariales<\/strong>.<\/p>\n<\/div>\n<div id=\"paragraphs\" class=\"content-article paragraphs size-m\">\n<div id=\"taboola-mid-article-reco-reel\" class=\" trc_related_container trc_spotlight_widget trc_elastic trc_elastic_rec-reel-2n5-b \" data-placement-name=\"Mid Article Reco Reel\">\n<div class=\"trc_rbox_container tbl-reco-reel story-widget tbl-reco-reel-text-under-slide-in story-widget-text-under-slide-in tbl-reco-reel-desktop tbl-story-desktop\">\n<div>\n<div id=\"trc_wrapper_21005\" class=\"trc_rbox rec-reel-2n5-b trc-content-hybrid \">\n<div id=\"trc_header_21005\" class=\"trc_rbox_header trc_rbox_border_elm\">\n<div class=\"trc_header_ext\">\n<p>Para esta convocatoria se destinaron m\u00e1s de $6.453 millones, con el objetivo de promover mejores pr\u00e1cticas empresariales mediante capacitaciones, mentor\u00edas con expertos y asistencia t\u00e9cnica especializada que le permitir\u00e1 a las\u00a0<strong>microempresas\u00a0<\/strong>y\u00a0<strong>emprendimientos\u00a0<\/strong>beneficiados avanzar en su proceso de crecimiento din\u00e1mico y sostenible.<\/p>\n<p><strong>El ministro de Comercio, Luis Carlos Reyes<\/strong>, destac\u00f3 que \u201cla econom\u00eda popular tiene un papel protag\u00f3nico en la estructura productiva del pa\u00eds y dinamiza la\u00a0<strong>actividad econ\u00f3mica\u00a0<\/strong>nacional. Por eso, en el Gobierno trabajamos por el fortalecimiento productivo, comercial y financiero de las unidades que la integran, para seguir construyendo una econom\u00eda m\u00e1s pr\u00f3spera para todos\u201d.<\/p>\n<div class=\"field-item even\">\n<div class=\"content-titulo\">\n<div class=\"titulo\">Convocatorias FortaleSER regionales<\/div>\n<\/div>\n<\/div>\n<div class=\"field-item odd\">\n<div class=\"entity entity-paragraphs-item paragraphs-item-descripcion\">\n<div class=\"content\">\n<div class=\"field field-name-field-descripcion field-type-text-long field-label-hidden\">\n<div class=\"field-items\">\n<div class=\"field-item even\">\n<p>Con el apoyo de la<strong>\u00a0C\u00e1mara de Comercio de Pereira<\/strong>, en el programa podr\u00e1n participar las unidades productivas de\u00a0<strong>Pereira, Risaralda; Yopal, Casanare; Florencia, Caquet\u00e1 y Manizales, Caldas<\/strong>, que realicen actividades de comercio en tiendas,\u00a0<strong>droguer\u00edas, confecciones y ferreter\u00edas, y de servicios tur\u00edsticos de alojamiento y gastronom\u00eda.<\/strong><\/p>\n<p>Por otro lado, y gracias a la alianza con la\u00a0<strong>C\u00e1mara de Comercio de Barranquilla<\/strong>, otras unidades productivas invitadas a la convocatoria son las ubicadas en<strong>\u00a0Barranquilla, Atl\u00e1ntico; Maicao, La Guajira y Valledupar, Cesar,<\/strong>\u00a0que se dediquen a las actividades relacionadas con moda, alimentos, peluquer\u00edas y tiendas para mascotas.<\/p>\n<p>Por \u00faltimo, en alianza con la<strong>\u00a0C\u00e1mara de Comercio de Armenia<\/strong>, la convocatoria aplica tambi\u00e9n para los municipios de\u00a0<strong>Armenia, Barcelona, Buenavista, Calarc\u00e1, Circasia, C\u00f3rdoba, Filandia, G\u00e9nova, La Tebaida, Montenegro, Pijao, Quimbaya y Salento en Quind\u00edo; Tulu\u00e1, Valle del Cauca y Santa Rosa de Cabal, Risaralda<\/strong>, en actividades enfocadas en comercio al por menor de\u00a0<strong>droguer\u00edas, tiendas de productos de belleza, ferreter\u00edas, tiendas de ropa y de zapatos, as\u00ed como en turismo, agencias de viaje, hoteles urbanos y restaurantes.<\/strong><\/p>\n<p>Las unidades productivas seleccionadas, contar\u00e1n con el acompa\u00f1amiento de consultores expertos que ajustar\u00e1n las asesor\u00edas de acuerdo con las necesidades de cada una y abordar\u00e1n temas como\u00a0<strong>desarrollo financiero, comercial, talento humano, organizativo, tecnol\u00f3gico e innovaci\u00f3n y desarrollo del ser.<\/strong><\/p>\n<div class=\"field-item odd\">\n<div class=\"entity entity-paragraphs-item paragraphs-item-descripcion\">\n<div class=\"content\">\n<div class=\"field field-name-field-descripcion field-type-text-long field-label-hidden\">\n<div class=\"field-items\">\n<div class=\"field-item even\">\n<p>\u201cDesde\u00a0<strong>iNNpulsa\u00a0<\/strong>y el<strong>\u00a0Ministerio de Comercio<\/strong>, estamos comprometidos con la justicia econ\u00f3mica y el fortalecimiento de las tiendas de barrio y microempresas de la econom\u00eda popular, que son motor de desarrollo en sus territorios y en sus familias, por eso hacemos esta gran convocatoria a trav\u00e9s de\u00a0<strong>FortaleSER<\/strong>. En 2023 ya m\u00e1s de 3.000 unidades productivas se beneficiaron de este programa as\u00ed que los invito a no perder esta oportunidad de avanzar en su proceso de crecimiento.\u201d puntualiz\u00f3<strong>\u00a0Hern\u00e1n Ceballos Gacharn\u00e1, gerente general de iNNpulsa Colombia \u2013 Colombia Productiva.<\/strong><\/p>\n<p>Pueden aplicar al programa todas las unidades productivas que cumplan con los requisitos del programa, como contar con al menos 2 trabajadores, incluyendo al propietario (bajo cualquier modalidad de contrataci\u00f3n), al menos un a\u00f1o de operaciones, realizar sus ventas en un punto f\u00edsico o domicilios, entre otros requisitos que se encuentran detallados en los t\u00e9rminos de la convocatoria publicada en\u00a0\u00a0<a href=\"http:\/\/www.innpulsacolombia.com\/\" rel=\"nofollow\">www.innpulsacolombia.com<\/a>.<\/p>\n<\/div>\n<\/div>\n<\/div>\n<\/div>\n<\/div>\n<\/div>\n<div class=\"field-item even\">\n<div id=\"relacionado-body\">\n<div class=\"box-title\">\n<div class=\"field-item odd\">\n<div class=\"entity entity-paragraphs-item paragraphs-item-descripcion\">\n<div class=\"content\">\n<div class=\"field field-name-field-descripcion field-type-text-long field-label-hidden\">\n<div class=\"field-items\">\n<div class=\"field-item even\">\n<p><strong>FortaleSER\u00a0<\/strong>se consolida como una de las apuestas principales el\u00a0<strong>Ministerio de Comercio\u00a0<\/strong>para promover el fortalecimiento y\u00a0<strong>sostenibilidad\u00a0<\/strong>de los micro y\u00a0<strong>peque\u00f1os negocios<\/strong>, enfocado a las unidades econ\u00f3micas de la econom\u00eda popular y comunitaria, el marco de la justicia econ\u00f3mica promovida desde el del\u00a0<strong>Gobierno nacional<\/strong>.<\/p>\n<p>Desde su puesta en marcha en 2023, el\u00a0<strong>programa\u00a0<\/strong>ha beneficiado a 3.591 unidades productivas de la\u00a0<strong>econom\u00eda popular\u00a0<\/strong>en 103 municipios de 25 departamentos de\u00a0<strong>Colombia<\/strong>. En 2024 se espera beneficiar a m\u00e1s de 4.600 nuevas unidades productivas en todo el pa\u00eds con esta y otras convocatorias de del programa que se pondr\u00e1n en marcha en las semanas venideras.<\/p>\n<\/div>\n<\/div>\n<\/div>\n<\/div>\n<\/div>\n<\/div>\n<div class=\"field-item even\">\n<div class=\"content-titulo\">\n<div class=\"titulo\"><strong>Acerca de iNNpulsa Colombia<\/strong><\/div>\n<\/div>\n<\/div>\n<div class=\"field-item odd\">\n<div class=\"entity entity-paragraphs-item paragraphs-item-descripcion\">\n<div class=\"content\">\n<div class=\"field field-name-field-descripcion field-type-text-long field-label-hidden\">\n<div class=\"field-items\">\n<div class=\"field-item even\">\n<p>Es la agencia de\u00a0<strong>emprendimiento\u00a0<\/strong>e innovaci\u00f3n del\u00a0<strong>Gobierno nacional\u00a0<\/strong>que, con el liderazgo del\u00a0<strong>Ministerio de Comercio<\/strong>, ejecuta e integra la estrategia nacional para la\u00a0<strong>reindustrializaci\u00f3n\u00a0<\/strong>y el cierre de brechas sociales y territoriales, a trav\u00e9s del\u00a0<strong>emprendimiento<\/strong>, la innovaci\u00f3n, el desarrollo de la\u00a0<strong>econom\u00eda popular\u00a0<\/strong>y el fortalecimiento de las\u00a0<strong>mipymes\u00a0<\/strong>colombianas.<\/p>\n<\/div>\n<\/div>\n<\/div>\n<\/div>\n<\/div>\n<\/div>\n<\/div>\n<\/div>\n<\/div>\n<\/div>\n<\/div>\n<\/div>\n<\/div>\n<\/div>\n<\/div>\n<\/div>\n<\/div>\n<\/div>\n<\/div>\n<\/div>\n<\/div>\n<\/div>\n","protected":false},"excerpt":{"rendered":"<p>El\u00a0Ministerio de Comercio\u00a0a trav\u00e9s de\u00a0iNNpulsa Colombia,\u00a0Fontur, y en alianza con las c\u00e1maras de comercio de\u00a0Pereira,\u00a0Barranquilla\u00a0y\u00a0Armenia, ponen en marcha nuevas convocatorias del programa\u00a0FortaleSER, destinadas a seleccionar 1.520 unidades productivas de la econom\u00eda popular para que accedan a una completa ruta de acompa\u00f1amiento para fortalecer sus\u00a0capacidades empresariales. Para esta convocatoria se destinaron m\u00e1s de $6.453 millones, con<\/p>\n","protected":false},"author":1,"featured_media":12465,"comment_status":"closed","ping_status":"closed","sticky":false,"template":"","format":"standard","meta":{"footnotes":""},"categories":[342,181],"tags":[],"class_list":["post-12464","post","type-post","status-publish","format-standard","has-post-thumbnail","hentry","category-news","category-noticias"],"views":30,"_links":{"self":[{"href":"https:\/\/www.amchambaq.com\/es_co\/wp-json\/wp\/v2\/posts\/12464","targetHints":{"allow":["GET"]}}],"collection":[{"href":"https:\/\/www.amchambaq.com\/es_co\/wp-json\/wp\/v2\/posts"}],"about":[{"href":"https:\/\/www.amchambaq.com\/es_co\/wp-json\/wp\/v2\/types\/post"}],"author":[{"embeddable":true,"href":"https:\/\/www.amchambaq.com\/es_co\/wp-json\/wp\/v2\/users\/1"}],"replies":[{"embeddable":true,"href":"https:\/\/www.amchambaq.com\/es_co\/wp-json\/wp\/v2\/comments?post=12464"}],"version-history":[{"count":1,"href":"https:\/\/www.amchambaq.com\/es_co\/wp-json\/wp\/v2\/posts\/12464\/revisions"}],"predecessor-version":[{"id":12466,"href":"https:\/\/www.amchambaq.com\/es_co\/wp-json\/wp\/v2\/posts\/12464\/revisions\/12466"}],"wp:featuredmedia":[{"embeddable":true,"href":"https:\/\/www.amchambaq.com\/es_co\/wp-json\/wp\/v2\/media\/12465"}],"wp:attachment":[{"href":"https:\/\/www.amchambaq.com\/es_co\/wp-json\/wp\/v2\/media?parent=12464"}],"wp:term":[{"taxonomy":"category","embeddable":true,"href":"https:\/\/www.amchambaq.com\/es_co\/wp-json\/wp\/v2\/categories?post=12464"},{"taxonomy":"post_tag","embeddable":true,"href":"https:\/\/www.amchambaq.com\/es_co\/wp-json\/wp\/v2\/tags?post=12464"}],"curies":[{"name":"wp","href":"https:\/\/api.w.org\/{rel}","templated":true}]}}