{"id":12448,"date":"2024-07-15T08:41:24","date_gmt":"2024-07-15T13:41:24","guid":{"rendered":"https:\/\/www.amchambaq.com\/?p=12448"},"modified":"2024-07-15T08:41:24","modified_gmt":"2024-07-15T13:41:24","slug":"el-comercio-presento-leve-mejoria-de-sus-ventas-en-junio-afirmo-fenalco","status":"publish","type":"post","link":"https:\/\/www.amchambaq.com\/es_co\/el-comercio-presento-leve-mejoria-de-sus-ventas-en-junio-afirmo-fenalco\/","title":{"rendered":"El comercio present\u00f3 leve mejor\u00eda de sus ventas en junio, afirm\u00f3 Fenalco"},"content":{"rendered":"<div id=\"body\" class=\"content-article size-m\">\n<p>El\u00a0<strong>comercio\u00a0<\/strong>registr\u00f3 leve mejor\u00eda en las ventas durante el pasado mes de junio, as\u00ed lo indica la\u00a0<strong>Bit\u00e1cora Econ\u00f3mica<\/strong>\u00a0divulgada hoy por\u00a0<strong>Fenalco<\/strong>, que registra que un 23 % de los comerciantes tuvo un aumento en sus vol\u00famenes de\u00a0<strong>ventas<\/strong>, frente al mismo mes del a\u00f1o anterior; en mayo este porcentaje fue del 19 %. Sin embargo, para el 77 % de los\u00a0<strong>comerciantes\u00a0<\/strong>sus ventas fueron similares (47 %) o se mantuvieron en terreno negativo (30 %) en junio.<\/p>\n<\/div>\n<div id=\"paragraphs\" class=\"content-article paragraphs size-m\">\n<div id=\"taboola-mid-article-reco-reel\" class=\" trc_related_container trc_spotlight_widget trc_elastic trc_elastic_rec-reel-2n5-b \" data-placement-name=\"Mid Article Reco Reel\">\n<div class=\"trc_rbox_container tbl-reco-reel story-widget tbl-reco-reel-text-under-slide-in story-widget-text-under-slide-in tbl-reco-reel-desktop tbl-story-desktop\">\n<div>\n<div id=\"trc_wrapper_1447\" class=\"trc_rbox rec-reel-2n5-b trc-content-hybrid \">\n<div id=\"trc_header_1447\" class=\"trc_rbox_header trc_rbox_border_elm\">\n<div class=\"trc_header_ext\">\n<p>El\u00a0<strong>D\u00eda del Padr<\/strong>e; la\u00a0<strong>temporada futbolera<\/strong>, que incluye las instancias finales del\u00a0<strong>f\u00fatbol profesional colombiano<\/strong>, la\u00a0<strong>Eurocopa\u00a0<\/strong>y la\u00a0<strong>Copa Am\u00e9rica\u00a0<\/strong>de f\u00fatbol y al cierre del mes la\u00a0<strong>Primat\u00f3n\u00a0<\/strong>salvaron las ventas del comercio el pasado mes, as\u00ed lo indic\u00f3<strong>\u00a0Jaime Alberto Cabal, presidente de Fenalco<\/strong>, quien agreg\u00f3 que a falta de iniciativas propiciadas por el\u00a0<strong>Gobierno<\/strong>, buenos son estos eventos, que ayudan a dinamizar al comercio y en consecuencia a la\u00a0<strong>econom\u00eda<\/strong>.<\/p>\n<p>Los segmentos que tuvieron un mejor desempe\u00f1o fueron el\u00a0<strong>cluster de la moda<\/strong>, que incluye\u00a0<strong>ropa\u00a0<\/strong>y\u00a0<strong>calzado<\/strong>; tambi\u00e9n categor\u00edas como\u00a0<strong>muebles\u00a0<\/strong>y\u00a0<strong>electrodom\u00e9sticos<\/strong>, especialmente televisores, ventiladores y utensilios dom\u00e9sticos que mejoraron su comportamiento, al igual que los alimentos y bebidas en general. El\u00a0<strong>f\u00fatbol\u00a0<\/strong>ha activado, especialmente, sectores como el de los\u00a0<strong>licores<\/strong>.<\/p>\n<p>En cuanto a las expectativas de los empresarios para los pr\u00f3ximos seis meses se advierte tambi\u00e9n una ligera mejor\u00eda. El 21 % de los consultados piensa que las cosas van a mejorar, 57 % ve un comportamiento similar al actual y un 22 % se declara pesimista, este \u00faltimo porcentaje fue de 31 % en mayo de este a\u00f1o.<\/p>\n<p>\u201cSigue siendo preocupante la\u00a0<strong>inversi\u00f3n<\/strong>, motor de una\u00a0<strong>econom\u00eda<\/strong>, la\u00a0<strong>incertidumbre econ\u00f3mica\u00a0<\/strong>y\u00a0<strong>pol\u00edtica\u00a0<\/strong>ha conllevado a un fuerte deterioro en el clima de los\u00a0<strong>negocios\u00a0<\/strong>que se mantendr\u00e1 durante todo el a\u00f1o\u201d, concluy\u00f3 Cabal Sanclemente.<\/p>\n<\/div>\n<\/div>\n<\/div>\n<\/div>\n<\/div>\n<\/div>\n<\/div>\n","protected":false},"excerpt":{"rendered":"<p>El\u00a0comercio\u00a0registr\u00f3 leve mejor\u00eda en las ventas durante el pasado mes de junio, as\u00ed lo indica la\u00a0Bit\u00e1cora Econ\u00f3mica\u00a0divulgada hoy por\u00a0Fenalco, que registra que un 23 % de los comerciantes tuvo un aumento en sus vol\u00famenes de\u00a0ventas, frente al mismo mes del a\u00f1o anterior; en mayo este porcentaje fue del 19 %. Sin embargo, para el 77<\/p>\n","protected":false},"author":1,"featured_media":12449,"comment_status":"closed","ping_status":"closed","sticky":false,"template":"","format":"standard","meta":{"footnotes":""},"categories":[342,181],"tags":[],"class_list":["post-12448","post","type-post","status-publish","format-standard","has-post-thumbnail","hentry","category-news","category-noticias"],"views":40,"_links":{"self":[{"href":"https:\/\/www.amchambaq.com\/es_co\/wp-json\/wp\/v2\/posts\/12448","targetHints":{"allow":["GET"]}}],"collection":[{"href":"https:\/\/www.amchambaq.com\/es_co\/wp-json\/wp\/v2\/posts"}],"about":[{"href":"https:\/\/www.amchambaq.com\/es_co\/wp-json\/wp\/v2\/types\/post"}],"author":[{"embeddable":true,"href":"https:\/\/www.amchambaq.com\/es_co\/wp-json\/wp\/v2\/users\/1"}],"replies":[{"embeddable":true,"href":"https:\/\/www.amchambaq.com\/es_co\/wp-json\/wp\/v2\/comments?post=12448"}],"version-history":[{"count":1,"href":"https:\/\/www.amchambaq.com\/es_co\/wp-json\/wp\/v2\/posts\/12448\/revisions"}],"predecessor-version":[{"id":12450,"href":"https:\/\/www.amchambaq.com\/es_co\/wp-json\/wp\/v2\/posts\/12448\/revisions\/12450"}],"wp:featuredmedia":[{"embeddable":true,"href":"https:\/\/www.amchambaq.com\/es_co\/wp-json\/wp\/v2\/media\/12449"}],"wp:attachment":[{"href":"https:\/\/www.amchambaq.com\/es_co\/wp-json\/wp\/v2\/media?parent=12448"}],"wp:term":[{"taxonomy":"category","embeddable":true,"href":"https:\/\/www.amchambaq.com\/es_co\/wp-json\/wp\/v2\/categories?post=12448"},{"taxonomy":"post_tag","embeddable":true,"href":"https:\/\/www.amchambaq.com\/es_co\/wp-json\/wp\/v2\/tags?post=12448"}],"curies":[{"name":"wp","href":"https:\/\/api.w.org\/{rel}","templated":true}]}}