{"id":12427,"date":"2024-07-08T08:46:42","date_gmt":"2024-07-08T13:46:42","guid":{"rendered":"https:\/\/www.amchambaq.com\/?p=12427"},"modified":"2024-07-08T08:46:42","modified_gmt":"2024-07-08T13:46:42","slug":"desempleo-en-ee-uu-sube-al-41-en-junio-pero-la-creacion-sigue-solida","status":"publish","type":"post","link":"https:\/\/www.amchambaq.com\/es_co\/desempleo-en-ee-uu-sube-al-41-en-junio-pero-la-creacion-sigue-solida\/","title":{"rendered":"Desempleo en EE.UU. sube al 4,1 % en junio pero la creaci\u00f3n sigue s\u00f3lida"},"content":{"rendered":"<div id=\"body\" class=\"content-article size-m\">\n<p>La\u00a0<strong>tasa de desempleo<\/strong>\u00a0en\u00a0<strong>Estados Unidos\u00a0<\/strong>subi\u00f3 una d\u00e9cima en junio y se situ\u00f3 en el 4,1 %, seg\u00fan datos publicados este viernes por la<strong>\u00a0Oficina de Estad\u00edsticas Laborales (BLS, en ingl\u00e9s).<\/strong><\/p>\n<\/div>\n<div id=\"paragraphs\" class=\"content-article paragraphs size-m\">\n<div id=\"taboola-mid-article-reco-reel\" class=\" trc_related_container trc_spotlight_widget trc_elastic trc_elastic_rec-reel-2n5-b \" data-placement-name=\"Mid Article Reco Reel\">\n<div class=\"trc_rbox_container tbl-reco-reel story-widget tbl-reco-reel-text-under-slide-in story-widget-text-under-slide-in tbl-reco-reel-desktop tbl-story-desktop\">\n<div>\n<div id=\"trc_wrapper_50415\" class=\"trc_rbox rec-reel-2n5-b trc-content-hybrid \">\n<div id=\"trc_header_50415\" class=\"trc_rbox_header trc_rbox_border_elm\">\n<div class=\"trc_header_ext\">\n<p>En el sexto mes del a\u00f1o se crearon 206.000 empleos netos, 12.000 menos que en mayo, pero una cifra todav\u00eda muy s\u00f3lida, en un momento en el que la\u00a0<strong>Reserva Federal (Fed)<\/strong>\u00a0analiza de cerca estos datos para ver cu\u00e1ndo comienza a bajar los\u00a0<strong>tipos de inter\u00e9s.<\/strong><\/p>\n<p>Esta cifra es ligeramente inferior al aumento mensual promedio de 220.000 durante el \u00faltimo a\u00f1o. En\u00a0<strong>junio<\/strong>, se produjeron aumentos de\u00a0<strong>empleo\u00a0<\/strong>en el\u00a0<strong>Gobierno<\/strong>, la atenci\u00f3n sanitaria, la asistencia social y la construcci\u00f3n.<\/p>\n<p>Este es el tercer mes consecutivo en el que la<strong>\u00a0tasa de desempleo\u00a0<\/strong>sube y el 4,1 % es la tasa m\u00e1s alta desde noviembre de 2021, aunque es todav\u00eda una cifra muy baja seg\u00fan los analistas, que sigue confirmando la fortaleza del<strong>\u00a0mercado laboral estadounidense.<\/strong><\/p>\n<p>El n\u00famero de\u00a0<strong>desempleados<\/strong>\u00a0se situ\u00f3 en junio en los 6,8 millones de personas.<\/p>\n<p>Hace un a\u00f1o, recuerda la BLS, la tasa de\u00a0<strong>desempleo\u00a0<\/strong>era del 3,6 % y el n\u00famero de\u00a0<strong>desempleados\u00a0<\/strong>era de 6 millones.<\/p>\n<p>El empleo gubernamental aument\u00f3 en 70.000 personas en junio; la atenci\u00f3n m\u00e9dica agreg\u00f3 49.000 puestos de trabajo; el empleo en asistencia social aument\u00f3 en 34.000 personas, mientras que la construcci\u00f3n a\u00f1adi\u00f3 27.000 puestos de trabajo.<\/p>\n<p>El empleo en el comercio minorista baj\u00f3 en 9.000\u00a0<strong>puestos de trabajo\u00a0<\/strong>netos, mientras que en el\u00a0<strong>empleo\u00a0<\/strong>en los\u00a0<strong>servicios profesionales\u00a0<\/strong>y empresariales cay\u00f3 en 17.000.<\/p>\n<p>En junio, los ingresos promedio por hora de todos los\u00a0<strong>empleados\u00a0<\/strong>en n\u00f3minas privadas no agr\u00edcolas aumentaron 10 centavos, o el 0,3 %, a 35 d\u00f3lares.<\/p>\n<p>La solidez del\u00a0<strong>mercado laboral<\/strong>, con cifras de desempleo por debajo de 4 % en los \u00faltimos a\u00f1os, ha sido uno de los principales motivos de orgullo del presidente estadounidense, Joe Biden, quien aspirar\u00e1 a la reelecci\u00f3n el pr\u00f3ximo 5 de noviembre.<\/p>\n<p>Los datos del\u00a0<strong>desempleo\u00a0<\/strong>se conocen en un momento en el que la\u00a0<strong>Fed\u00a0<\/strong>estudia si inicia la senda de bajadas de tipos de inter\u00e9s, que est\u00e1 retrasando porque la inflaci\u00f3n no est\u00e1 bajando al ritmo deseado.<\/p>\n<p>La pr\u00f3xima semana se conocer\u00e1n los datos de\u00a0<strong>inflaci\u00f3n\u00a0<\/strong>de\u00a0<strong>junio<\/strong>, despu\u00e9s de que en mayo la tasa cayera una d\u00e9cima hasta el 3,3 %.<\/p>\n<p>De aqu\u00ed a que acabe 2024, el\u00a0<strong>Comit\u00e9 Federal de Mercado Abierto (FOMC)<\/strong>, el \u00f3rgano encargado de decidir la marcha de la\u00a0<strong>pol\u00edtica monetaria\u00a0<\/strong>de<strong>\u00a0EE.UU.,<\/strong>\u00a0tiene agendadas cuatro reuniones: en julio, septiembre, noviembre y diciembre. En junio, contempl\u00f3 la posibilidad de que haya un solo recorte en lo que queda de a\u00f1o.<\/p>\n<p>Tras once subidas realizadas desde\u00a0<strong>marzo\u00a0<\/strong>de 2022, la\u00a0<strong>Fed\u00a0<\/strong>mantiene los tipos de inter\u00e9s desde\u00a0<strong>julio\u00a0<\/strong>del a\u00f1o pasado en una horquilla de entre el 5,25 % y el 5,5 %, su m\u00e1ximo nivel desde 2001.<\/p>\n<p>En las actas de la \u00faltima reuni\u00f3n de los miembros del\u00a0<strong>FOMC<\/strong>, publicadas esta semana, pudo verse que creen que todav\u00eda es pronto para bajar los tipos de inter\u00e9s ya que el progreso de la\u00a0<strong>inflaci\u00f3n\u00a0<\/strong>hasta el objetivo del 2 % todav\u00eda es &#8220;modesto&#8221;.<\/p>\n<\/div>\n<\/div>\n<\/div>\n<\/div>\n<\/div>\n<\/div>\n<\/div>\n","protected":false},"excerpt":{"rendered":"<p>La\u00a0tasa de desempleo\u00a0en\u00a0Estados Unidos\u00a0subi\u00f3 una d\u00e9cima en junio y se situ\u00f3 en el 4,1 %, seg\u00fan datos publicados este viernes por la\u00a0Oficina de Estad\u00edsticas Laborales (BLS, en ingl\u00e9s). En el sexto mes del a\u00f1o se crearon 206.000 empleos netos, 12.000 menos que en mayo, pero una cifra todav\u00eda muy s\u00f3lida, en un momento en el<\/p>\n","protected":false},"author":1,"featured_media":12428,"comment_status":"closed","ping_status":"closed","sticky":false,"template":"","format":"standard","meta":{"footnotes":""},"categories":[342,181],"tags":[],"class_list":["post-12427","post","type-post","status-publish","format-standard","has-post-thumbnail","hentry","category-news","category-noticias"],"views":17,"_links":{"self":[{"href":"https:\/\/www.amchambaq.com\/es_co\/wp-json\/wp\/v2\/posts\/12427","targetHints":{"allow":["GET"]}}],"collection":[{"href":"https:\/\/www.amchambaq.com\/es_co\/wp-json\/wp\/v2\/posts"}],"about":[{"href":"https:\/\/www.amchambaq.com\/es_co\/wp-json\/wp\/v2\/types\/post"}],"author":[{"embeddable":true,"href":"https:\/\/www.amchambaq.com\/es_co\/wp-json\/wp\/v2\/users\/1"}],"replies":[{"embeddable":true,"href":"https:\/\/www.amchambaq.com\/es_co\/wp-json\/wp\/v2\/comments?post=12427"}],"version-history":[{"count":1,"href":"https:\/\/www.amchambaq.com\/es_co\/wp-json\/wp\/v2\/posts\/12427\/revisions"}],"predecessor-version":[{"id":12429,"href":"https:\/\/www.amchambaq.com\/es_co\/wp-json\/wp\/v2\/posts\/12427\/revisions\/12429"}],"wp:featuredmedia":[{"embeddable":true,"href":"https:\/\/www.amchambaq.com\/es_co\/wp-json\/wp\/v2\/media\/12428"}],"wp:attachment":[{"href":"https:\/\/www.amchambaq.com\/es_co\/wp-json\/wp\/v2\/media?parent=12427"}],"wp:term":[{"taxonomy":"category","embeddable":true,"href":"https:\/\/www.amchambaq.com\/es_co\/wp-json\/wp\/v2\/categories?post=12427"},{"taxonomy":"post_tag","embeddable":true,"href":"https:\/\/www.amchambaq.com\/es_co\/wp-json\/wp\/v2\/tags?post=12427"}],"curies":[{"name":"wp","href":"https:\/\/api.w.org\/{rel}","templated":true}]}}