{"id":12375,"date":"2024-06-21T08:43:12","date_gmt":"2024-06-21T13:43:12","guid":{"rendered":"https:\/\/www.amchambaq.com\/?p=12375"},"modified":"2024-06-21T08:43:12","modified_gmt":"2024-06-21T13:43:12","slug":"atlantico-el-cuarto-territorio-con-mayor-competitividad-de-colombia","status":"publish","type":"post","link":"https:\/\/www.amchambaq.com\/es_co\/atlantico-el-cuarto-territorio-con-mayor-competitividad-de-colombia\/","title":{"rendered":"Atl\u00e1ntico, el cuarto territorio con mayor competitividad de Colombia"},"content":{"rendered":"<div id=\"body\" class=\"content-article size-m\">\n<p>El\u00a0<strong>Consejo Privado de Competitividad (CPC)<\/strong>\u00a0y la\u00a0<strong>Universidad del Rosario<\/strong>\u00a0presentaron por und\u00e9cima vez consecutiva los resultados de su \u00cdndice Departamental de Competitividad (IDC) para los 32 departamentos del pa\u00eds y la ciudad de\u00a0<strong>Bogot\u00e1<\/strong>. En esta oportunidad el departamento de\u00a0<strong>Atl\u00e1ntico\u00a0<\/strong>ocupa la cuarta posici\u00f3n de la medici\u00f3n, con un puntaje de 6,39 sobre 10, ubic\u00e1ndose por delante de los departamentos de\u00a0<strong>Risaralda<\/strong>,\u00a0<strong>Caldas<\/strong>\u00a0y\u00a0<strong>Santander<\/strong>, quienes obtuvieron puntajes de 6,32, 6,27 y 6,24, respectivamente.<\/p>\n<\/div>\n<div id=\"paragraphs\" class=\"content-article paragraphs size-m\">\n<div id=\"taboola-mid-article-reco-reel\" class=\" trc_related_container trc_spotlight_widget trc_elastic trc_elastic_rec-reel-2n5-b \" data-placement-name=\"Mid Article Reco Reel\">\n<div class=\"trc_rbox_container tbl-reco-reel story-widget tbl-reco-reel-text-under-slide-in story-widget-text-under-slide-in tbl-reco-reel-desktop tbl-story-desktop\">\n<div>\n<div id=\"trc_wrapper_37927\" class=\"trc_rbox rec-reel-2n5-b trc-content-hybrid \">\n<div id=\"trc_header_37927\" class=\"trc_rbox_header trc_rbox_border_elm\">\n<div class=\"trc_header_ext\">\n<p>Estos resultados confirman que el departamento conserv\u00f3 dicha posici\u00f3n frente a los resultados de competitividad de 2023.<\/p>\n<p>De acuerdo con la presidenta del\u00a0<strong>Consejo Privado de Competitividad, Ana Fernanda Maiguashca,<\/strong>\u00a0el\u00a0<strong>Atl\u00e1ntico\u00a0<\/strong>se ha logrado mantener en materia de competitividad, y esto es importante, ya que el objetivo es crear de forma constante las capacidades que se necesitan para ser m\u00e1s productivos.<\/p>\n<p>En este informe, el\u00a0<strong>Atl\u00e1ntico\u00a0<\/strong>ocup\u00f3 la tercera posici\u00f3n a nivel nacional en 2 de los 13 pilares que conforman la medici\u00f3n. En particular, destaca en el pilar de tama\u00f1o del mercado, donde obtiene un puntaje de 7,4 sobre 10; y en infraestructura, con un puntaje de 6,07.<\/p>\n<p>\u201cEn materia de tama\u00f1o del mercado, el departamento de\u00a0<strong>Atl\u00e1ntico\u00a0<\/strong>presenta el mejor desempe\u00f1o en el subpilar de tama\u00f1o del mercado externo, que es donde se ven los destinos de exportaci\u00f3n, alcanza un puntaje de 7,3 sobre 10. En el caso de infraestructura, registra la calificaci\u00f3n m\u00e1s alta en el indicador de cobertura de la energ\u00eda el\u00e9ctrica (9,99), porcentaje de v\u00edas primarias en buen estado (9,86), y cobertura de acueducto (9,74)\u201d, resalt\u00f3 Maiguashca.<\/p>\n<p>En ese sentido, agreg\u00f3 que es fundamental que el territorio se enfoque en una internacionalizaci\u00f3n de su econom\u00eda, y que se siga apostando a la\u00a0<strong>demanda externa<\/strong>.<\/p>\n<p>\u201cLo que ha trabajado el\u00a0<strong>Atl\u00e1ntico\u00a0<\/strong>es significativo, y por ende queremos que el departamento se convierta en una parte fundamental de esas cadenas de producci\u00f3n del resto del pa\u00eds\u201d, manifest\u00f3 la\u00a0<strong>presidenta del CPC.<\/strong><\/p>\n<p>Por otro lado,\u00a0<strong>Atl\u00e1ntico\u00a0<\/strong>concentra sus principales oportunidades de mejora en los pilares de\u00a0<strong>sostenibilidad ambiental<\/strong>, educaci\u00f3n superior y formaci\u00f3n para el trabajo, y\u00a0<strong>mercado laboral\u00a0<\/strong>en los que registra puntuaciones de 5,62, 5,51, y 5,83, respectivamente. En relaci\u00f3n con el pilar de\u00a0<strong>sostenibilidad ambiental<\/strong>, presenta retos importantes en las variables de \u00e1reas protegidas y negocios verdes, en los que obtiene puntajes inferiores a 2,6 sobre 10.<\/p>\n<p>El informe data que en el pilar de\u00a0<strong>educaci\u00f3n superior\u00a0<\/strong>y formaci\u00f3n para el trabajo,\u00a0<strong>Atl\u00e1ntico\u00a0<\/strong>ocupa la posici\u00f3n 14 en egresados del SENA vinculados al mercado laboral, adem\u00e1s, ocupa el puesto 12 entre 33 territorios evaluados en cobertura instituciones de educaci\u00f3n superior con acreditaci\u00f3n de alta calidad.<\/p>\n<p>En cuanto al pilar de\u00a0<strong>mercado laboral<\/strong>, presenta oportunidades de mejora en el indicador de subocupaci\u00f3n donde se ubica en la posici\u00f3n 31, con un puntaje de 4,96; y en formalidad laboral donde se ubica en la posici\u00f3n 15, con un puntaje de 4,32.<\/p>\n<p>Sin embargo, el departamento registra su mayor avance en t\u00e9rminos de puntaje en el pilar de tama\u00f1o del\u00a0<strong>mercado<\/strong>, en el que mejora en 0,5 puntos frente a sus resultados de 2023.<\/p>\n<p>El\u00a0<strong>gobernador del Atl\u00e1ntico, Eduardo Verano<\/strong>, expres\u00f3 que con estos resultados, es clave pensar en que hay muchas cosas por mejorar y trabajar en ello.<\/p>\n<p>\u201cEl gran reto es entender c\u00f3mo vamos a tomar cada uno de estos \u00edndices y empezar a tener planes y programas con el\u00a0<strong>sector privado<\/strong>, con el sector acad\u00e9mico y con el\u00a0<strong>sector gubernamental\u00a0<\/strong>para poder mejorar\u201d, sostuvo Verano.<\/p>\n<\/div>\n<\/div>\n<\/div>\n<\/div>\n<\/div>\n<\/div>\n<\/div>\n","protected":false},"excerpt":{"rendered":"<p>El\u00a0Consejo Privado de Competitividad (CPC)\u00a0y la\u00a0Universidad del Rosario\u00a0presentaron por und\u00e9cima vez consecutiva los resultados de su \u00cdndice Departamental de Competitividad (IDC) para los 32 departamentos del pa\u00eds y la ciudad de\u00a0Bogot\u00e1. En esta oportunidad el departamento de\u00a0Atl\u00e1ntico\u00a0ocupa la cuarta posici\u00f3n de la medici\u00f3n, con un puntaje de 6,39 sobre 10, ubic\u00e1ndose por delante de los<\/p>\n","protected":false},"author":1,"featured_media":12376,"comment_status":"closed","ping_status":"closed","sticky":false,"template":"","format":"standard","meta":{"footnotes":""},"categories":[342,181],"tags":[],"class_list":["post-12375","post","type-post","status-publish","format-standard","has-post-thumbnail","hentry","category-news","category-noticias"],"views":55,"_links":{"self":[{"href":"https:\/\/www.amchambaq.com\/es_co\/wp-json\/wp\/v2\/posts\/12375","targetHints":{"allow":["GET"]}}],"collection":[{"href":"https:\/\/www.amchambaq.com\/es_co\/wp-json\/wp\/v2\/posts"}],"about":[{"href":"https:\/\/www.amchambaq.com\/es_co\/wp-json\/wp\/v2\/types\/post"}],"author":[{"embeddable":true,"href":"https:\/\/www.amchambaq.com\/es_co\/wp-json\/wp\/v2\/users\/1"}],"replies":[{"embeddable":true,"href":"https:\/\/www.amchambaq.com\/es_co\/wp-json\/wp\/v2\/comments?post=12375"}],"version-history":[{"count":1,"href":"https:\/\/www.amchambaq.com\/es_co\/wp-json\/wp\/v2\/posts\/12375\/revisions"}],"predecessor-version":[{"id":12377,"href":"https:\/\/www.amchambaq.com\/es_co\/wp-json\/wp\/v2\/posts\/12375\/revisions\/12377"}],"wp:featuredmedia":[{"embeddable":true,"href":"https:\/\/www.amchambaq.com\/es_co\/wp-json\/wp\/v2\/media\/12376"}],"wp:attachment":[{"href":"https:\/\/www.amchambaq.com\/es_co\/wp-json\/wp\/v2\/media?parent=12375"}],"wp:term":[{"taxonomy":"category","embeddable":true,"href":"https:\/\/www.amchambaq.com\/es_co\/wp-json\/wp\/v2\/categories?post=12375"},{"taxonomy":"post_tag","embeddable":true,"href":"https:\/\/www.amchambaq.com\/es_co\/wp-json\/wp\/v2\/tags?post=12375"}],"curies":[{"name":"wp","href":"https:\/\/api.w.org\/{rel}","templated":true}]}}