{"id":12341,"date":"2024-06-11T09:13:26","date_gmt":"2024-06-11T14:13:26","guid":{"rendered":"https:\/\/www.amchambaq.com\/?p=12341"},"modified":"2024-06-11T09:13:26","modified_gmt":"2024-06-11T14:13:26","slug":"la-tasa-de-desempleo-en-ee-uu-sube-al-4-con-272-000-puestos-creados","status":"publish","type":"post","link":"https:\/\/www.amchambaq.com\/es_co\/la-tasa-de-desempleo-en-ee-uu-sube-al-4-con-272-000-puestos-creados\/","title":{"rendered":"La tasa de desempleo en EE. UU. sube al 4 %, con 272.000 puestos creados"},"content":{"rendered":"<div id=\"body\" class=\"content-article size-m\">\n<p>La<strong>\u00a0tasa de desempleo en Estados Unidos\u00a0<\/strong>subi\u00f3 una d\u00e9cima en mayo con respecto a\u00a0<strong>abril<\/strong>, hasta el 4 %, inform\u00f3 este viernes la\u00a0<strong>Oficina de Estad\u00edsticas Laborales de Estados Unidos,<\/strong>\u00a0la cifra m\u00e1s alta desde enero de 2022.<\/p>\n<\/div>\n<div id=\"paragraphs\" class=\"content-article paragraphs size-m\">\n<div id=\"taboola-mid-article-reco-reel\" class=\" trc_related_container trc_spotlight_widget trc_elastic trc_elastic_rec-reel-2n5-b \" data-placement-name=\"Mid Article Reco Reel\">\n<div class=\"trc_rbox_container tbl-reco-reel story-widget tbl-reco-reel-text-under-slide-in story-widget-text-under-slide-in tbl-reco-reel-desktop tbl-story-desktop\">\n<div>\n<div id=\"trc_wrapper_1533\" class=\"trc_rbox rec-reel-2n5-b trc-content-hybrid \">\n<div id=\"trc_header_1533\" class=\"trc_rbox_header trc_rbox_border_elm\">\n<div class=\"trc_header_ext\">\n<p>Sin embargo, tras desplomarse en\u00a0<strong>abril\u00a0<\/strong>hasta los 165.000 puestos creados, en mayo se registro una recuperaci\u00f3n en la creaci\u00f3n neta de nuevos\u00a0<strong>puestos de trabajo<\/strong>\u00a0hasta los 272.000, unos 107.000 m\u00e1s que los generados un mes antes.<\/p>\n<p>Esta cifra es superior a los 232.000 puestos de trabajo mensuales creados de media en los \u00faltimos 12 meses, una cifra que sigue sosteniendo la fuerza del mercado laboral estadounidense, en un momento en el que la\u00a0<strong>Reserva Federal\u00a0<\/strong>analiza datos c\u00f3mo este para decidir cu\u00e1ndo empezar a bajar los tipos de inter\u00e9s.<\/p>\n<p>La solidez del mercado laboral, con cifras de\u00a0<strong>desempleo\u00a0<\/strong>por debajo del 4 % en los \u00faltimos a\u00f1os, ha sido uno de los principales motivos de orgullo del presidente estadounidense,<strong>\u00a0Joe Biden,<\/strong>\u00a0quien aspirar\u00e1 a la reelecci\u00f3n el pr\u00f3ximo 5 de noviembre.<\/p>\n<p>El\u00a0<strong>empleo\u00a0<\/strong>continu\u00f3 con una tendencia al alza en varias\u00a0<strong>industrias<\/strong>, encabezadas por la atenci\u00f3n m\u00e9dica; gobierno; ocio y hosteler\u00eda; y servicios profesionales, cient\u00edficos y t\u00e9cnicos, se\u00f1ala la BLS.<\/p>\n<p>El n\u00famero de\u00a0<strong>desempleados\u00a0<\/strong>se situ\u00f3 en mayo en los 6,6 millones. Hace justo un a\u00f1o, la tasa de desempleo era del 3,7 % y el n\u00famero de desempleados era de 6,1 millones.<\/p>\n<p>En mayo, los ingresos medios por hora de todos los empleados en n\u00f3minas privadas no agr\u00edcolas aumentaron 14 centavos o el 0,4 %, hasta los 34,91 d\u00f3lares. En los \u00faltimos 12 meses, el salario medio por hora ha aumentado un 4,1 %.<\/p>\n<p>Los datos del desempleo se conocen una semana antes de que la\u00a0<strong>Reserva Federal (Fed)<\/strong>\u00a0se re\u00fana para decidir si inicia la senda de bajadas de tipos de inter\u00e9s, que ya ha comenzado esta semana el\u00a0<strong>Banco Central Europeo (BCE),<\/strong>\u00a0y que en\u00a0<strong>Estados Unidos\u00a0<\/strong>est\u00e1 tardando m\u00e1s de lo pronosticado.<\/p>\n<p>La pr\u00f3xima semana se conocer\u00e1n tambi\u00e9n nuevos datos de\u00a0<strong>inflaci\u00f3n<\/strong>. Los \u00faltimos que se conocen son los correspondientes al mes de abril, cuando la tasa cay\u00f3 una d\u00e9cima hasta el 3,4 %, tras dos meses de subidas consecutivas.<\/p>\n<p>Fue la primera bajada de los precios en los \u00faltimos tres meses ya que tanto en marzo como en febrero se registraron subidas y la leve bajada de una d\u00e9cima confirm\u00f3 la advertencia del presidente de la Fed,\u00a0<strong>Jerome Powell<\/strong>, de que costar\u00e1 bajar la inflaci\u00f3n de manera sostenida.<\/p>\n<p>Tras las 11 subidas realizadas desde\u00a0<strong>marzo\u00a0<\/strong>de 2022, la\u00a0<strong>Fed\u00a0<\/strong>mantiene los tipos de inter\u00e9s desde julio del a\u00f1o pasado en una horquilla de entre el 5,25 % y el 5,5 %, su m\u00e1ximo nivel desde 2001.<\/p>\n<p>En sus \u00faltimos actos p\u00fablicos Powell ha reiterado que es &#8220;probable&#8221; que la instituci\u00f3n mantenga los<strong>\u00a0tipos de inter\u00e9s<\/strong>\u00a0en su nivel actual en su pr\u00f3xima reuni\u00f3n que se celebrar\u00e1 el 11 y 12 de junio, e insisti\u00f3 en que estos tendr\u00e1n que seguir altos durante m\u00e1s tiempo del esperado.<\/p>\n<p>Powell afirm\u00f3 que son necesarios m\u00e1s datos econ\u00f3micos que los del\u00a0<strong>primer trimestre\u00a0<\/strong>para saber si la inflaci\u00f3n ser\u00e1 m\u00e1s persistente de aqu\u00ed en adelante y si costar\u00e1 m\u00e1s tiempo del previsto bajarla hasta el objetivo del 2 %.<\/p>\n<p>A\u00fan as\u00ed, insisti\u00f3 en que para que haya bajadas la tasa no tiene por qu\u00e9 llegar hasta el 2 % puesto que no estaba en ese nivel antes de la pandemia.<\/p>\n<p>Para decidir cu\u00e1ndo es el momento de bajar los tipos, la\u00a0<strong>Fed\u00a0<\/strong>tendr\u00e1 en cuenta datos macroecon\u00f3micos como el del desempleo, la inflaci\u00f3n o el \u00edndice de precios en gastos de consumo personal (PCE, en ingl\u00e9s), que en abril se mantuvo en el 2,7 % interanual, con respecto a marzo.<\/p>\n<\/div>\n<\/div>\n<\/div>\n<\/div>\n<\/div>\n<\/div>\n<\/div>\n","protected":false},"excerpt":{"rendered":"<p>La\u00a0tasa de desempleo en Estados Unidos\u00a0subi\u00f3 una d\u00e9cima en mayo con respecto a\u00a0abril, hasta el 4 %, inform\u00f3 este viernes la\u00a0Oficina de Estad\u00edsticas Laborales de Estados Unidos,\u00a0la cifra m\u00e1s alta desde enero de 2022. Sin embargo, tras desplomarse en\u00a0abril\u00a0hasta los 165.000 puestos creados, en mayo se registro una recuperaci\u00f3n en la creaci\u00f3n neta de nuevos\u00a0puestos<\/p>\n","protected":false},"author":1,"featured_media":12342,"comment_status":"closed","ping_status":"closed","sticky":false,"template":"","format":"standard","meta":{"footnotes":""},"categories":[342,181],"tags":[],"class_list":["post-12341","post","type-post","status-publish","format-standard","has-post-thumbnail","hentry","category-news","category-noticias"],"views":37,"_links":{"self":[{"href":"https:\/\/www.amchambaq.com\/es_co\/wp-json\/wp\/v2\/posts\/12341","targetHints":{"allow":["GET"]}}],"collection":[{"href":"https:\/\/www.amchambaq.com\/es_co\/wp-json\/wp\/v2\/posts"}],"about":[{"href":"https:\/\/www.amchambaq.com\/es_co\/wp-json\/wp\/v2\/types\/post"}],"author":[{"embeddable":true,"href":"https:\/\/www.amchambaq.com\/es_co\/wp-json\/wp\/v2\/users\/1"}],"replies":[{"embeddable":true,"href":"https:\/\/www.amchambaq.com\/es_co\/wp-json\/wp\/v2\/comments?post=12341"}],"version-history":[{"count":1,"href":"https:\/\/www.amchambaq.com\/es_co\/wp-json\/wp\/v2\/posts\/12341\/revisions"}],"predecessor-version":[{"id":12343,"href":"https:\/\/www.amchambaq.com\/es_co\/wp-json\/wp\/v2\/posts\/12341\/revisions\/12343"}],"wp:featuredmedia":[{"embeddable":true,"href":"https:\/\/www.amchambaq.com\/es_co\/wp-json\/wp\/v2\/media\/12342"}],"wp:attachment":[{"href":"https:\/\/www.amchambaq.com\/es_co\/wp-json\/wp\/v2\/media?parent=12341"}],"wp:term":[{"taxonomy":"category","embeddable":true,"href":"https:\/\/www.amchambaq.com\/es_co\/wp-json\/wp\/v2\/categories?post=12341"},{"taxonomy":"post_tag","embeddable":true,"href":"https:\/\/www.amchambaq.com\/es_co\/wp-json\/wp\/v2\/tags?post=12341"}],"curies":[{"name":"wp","href":"https:\/\/api.w.org\/{rel}","templated":true}]}}