{"id":12332,"date":"2024-06-06T09:21:59","date_gmt":"2024-06-06T14:21:59","guid":{"rendered":"https:\/\/www.amchambaq.com\/?p=12332"},"modified":"2024-06-06T09:21:59","modified_gmt":"2024-06-06T14:21:59","slug":"se-recuperaron-las-exportaciones-del-pais-crecimiento-fue-de-179-en-abril","status":"publish","type":"post","link":"https:\/\/www.amchambaq.com\/es_co\/se-recuperaron-las-exportaciones-del-pais-crecimiento-fue-de-179-en-abril\/","title":{"rendered":"Se recuperaron las exportaciones del pa\u00eds; crecimiento fue de 17,9 % en abril"},"content":{"rendered":"<div id=\"body\" class=\"content-article size-m\">\n<p>Las\u00a0<strong>exportaciones\u00a0<\/strong>de\u00a0<strong>Colombia\u00a0<\/strong>por fin tuvieron un respiro y presentaron crecimiento. De acuerdo con el\u00a0<strong>Dane\u00a0<\/strong>y la\u00a0<strong>Dian<\/strong>, en abril de 2024 las\u00a0<strong>ventas externas\u00a0<\/strong>del pa\u00eds fueron de USD4.408,8 millones y presentaron un aumento de 17,9 % en relaci\u00f3n con abril de 2023.<\/p>\n<\/div>\n<div id=\"paragraphs\" class=\"content-article paragraphs size-m\">\n<div id=\"taboola-mid-article-reco-reel\" class=\" trc_related_container trc_spotlight_widget trc_elastic trc_elastic_rec-reel-2n5-b \" data-placement-name=\"Mid Article Reco Reel\">\n<div class=\"trc_rbox_container tbl-reco-reel story-widget tbl-reco-reel-text-under-slide-in story-widget-text-under-slide-in tbl-reco-reel-desktop tbl-story-desktop\">\n<div>\n<div id=\"trc_wrapper_2722\" class=\"trc_rbox rec-reel-2n5-b trc-content-hybrid \">\n<div id=\"trc_header_2722\" class=\"trc_rbox_header trc_rbox_border_elm\">\n<div class=\"trc_header_ext\">\n<div class=\"field-item odd\">\n<div class=\"entity entity-paragraphs-item paragraphs-item-descripcion\">\n<div class=\"content\">\n<div class=\"field field-name-field-descripcion field-type-text-long field-label-hidden\">\n<div class=\"field-items\">\n<div class=\"field-item even\">\n<p>De acuerdo con las dos entidades, este resultado se debi\u00f3 principalmente al\u00a0<strong>crecimiento\u00a0<\/strong>de 12,3 % en las ventas externas de\u00a0<strong>combustibles\u00a0<\/strong>y productos de las\u00a0<strong>industrias extractivas.<\/strong><\/p>\n<p>En el mes de referencia, las\u00a0<strong>exportaciones\u00a0<\/strong>de\u00a0<strong>combustibles\u00a0<\/strong>y productos de las\u00a0<strong>industrias<\/strong>\u00a0<strong>extractivas\u00a0<\/strong>participaron con el 48,5 % del valor total de las exportaciones; as\u00ed mismo, agropecuarios, alimentos y bebidas con 21,5 %, manufacturas con 21,4 %, y otros sectores con 8,6 %.<\/p>\n<p>Entre tanto, en el cuarto mes del presente a\u00f1o, se exportaron 15 millones de barriles de\u00a0<strong>petr\u00f3leo\u00a0<\/strong>crudo, lo que represent\u00f3 una ca\u00edda de 2,4 % frente a abril de 2023.<\/p>\n<\/div>\n<\/div>\n<\/div>\n<\/div>\n<\/div>\n<\/div>\n<div class=\"field-item even\">\n<div id=\"relacionado-body\">\n<div class=\"box-title\">\n<p><strong>Estados Unidos\u00a0<\/strong>fue el principal destino de las\u00a0<strong>exportaciones\u00a0<\/strong>colombianas con una participaci\u00f3n de 26,8 % en el valor total exportado; le siguieron en su orden las participaciones de:\u00a0<strong>Panam\u00e1\u00a0<\/strong>(12,8 %),\u00a0<strong>M\u00e9xico\u00a0<\/strong>(5,3 %),\u00a0<strong>India\u00a0<\/strong>(4,5 %),\u00a0<strong>China\u00a0<\/strong>(4,2 %),\u00a0<strong>Ecuador\u00a0<\/strong>(4,2 %) y\u00a0<strong>Brasil\u00a0<\/strong>(3 %).<\/p>\n<p>Las estad\u00edsticas de\u00a0<strong>exportaciones\u00a0<\/strong>de\u00a0<strong>mercanc\u00edas\u00a0<\/strong>miden la salida legal de bienes hacia otro pa\u00eds o una<strong>\u00a0zona franca<\/strong>\u00a0colombiana.<\/p>\n<p>Estas estad\u00edsticas se basan en las declaraciones de\u00a0<strong>exportaciones\u00a0<\/strong>presentadas ante las diferentes administraciones de\u00a0<strong>aduanas<\/strong>\u00a0del pa\u00eds y los reportes de exportaciones de\u00a0<strong>petr\u00f3leo\u00a0<\/strong>y derivados, suministrados por las\u00a0<strong>empresas exportadoras<\/strong>\u00a0de estos productos.<\/p>\n<p>Las\u00a0<strong>exportaciones\u00a0<\/strong>se consideran registradas cuando la\u00a0<strong>aduana\u00a0<\/strong>ha realizado el cierre de la declaraci\u00f3n de exportaci\u00f3n, y para la consolidaci\u00f3n de las estad\u00edsticas se tiene en cuenta la fecha de la declaraci\u00f3n y no la fecha de embarque de la misma, excepto para las exportaciones de petr\u00f3leo y derivados, las cuales s\u00ed se registran por fecha de\u00a0<strong>embarque<\/strong>.<\/p>\n<\/div>\n<\/div>\n<\/div>\n<\/div>\n<\/div>\n<\/div>\n<\/div>\n<\/div>\n<\/div>\n<\/div>\n","protected":false},"excerpt":{"rendered":"<p>Las\u00a0exportaciones\u00a0de\u00a0Colombia\u00a0por fin tuvieron un respiro y presentaron crecimiento. De acuerdo con el\u00a0Dane\u00a0y la\u00a0Dian, en abril de 2024 las\u00a0ventas externas\u00a0del pa\u00eds fueron de USD4.408,8 millones y presentaron un aumento de 17,9 % en relaci\u00f3n con abril de 2023. De acuerdo con las dos entidades, este resultado se debi\u00f3 principalmente al\u00a0crecimiento\u00a0de 12,3 % en las ventas externas<\/p>\n","protected":false},"author":1,"featured_media":12333,"comment_status":"closed","ping_status":"closed","sticky":false,"template":"","format":"standard","meta":{"footnotes":""},"categories":[342,181],"tags":[],"class_list":["post-12332","post","type-post","status-publish","format-standard","has-post-thumbnail","hentry","category-news","category-noticias"],"views":30,"_links":{"self":[{"href":"https:\/\/www.amchambaq.com\/es_co\/wp-json\/wp\/v2\/posts\/12332","targetHints":{"allow":["GET"]}}],"collection":[{"href":"https:\/\/www.amchambaq.com\/es_co\/wp-json\/wp\/v2\/posts"}],"about":[{"href":"https:\/\/www.amchambaq.com\/es_co\/wp-json\/wp\/v2\/types\/post"}],"author":[{"embeddable":true,"href":"https:\/\/www.amchambaq.com\/es_co\/wp-json\/wp\/v2\/users\/1"}],"replies":[{"embeddable":true,"href":"https:\/\/www.amchambaq.com\/es_co\/wp-json\/wp\/v2\/comments?post=12332"}],"version-history":[{"count":1,"href":"https:\/\/www.amchambaq.com\/es_co\/wp-json\/wp\/v2\/posts\/12332\/revisions"}],"predecessor-version":[{"id":12334,"href":"https:\/\/www.amchambaq.com\/es_co\/wp-json\/wp\/v2\/posts\/12332\/revisions\/12334"}],"wp:featuredmedia":[{"embeddable":true,"href":"https:\/\/www.amchambaq.com\/es_co\/wp-json\/wp\/v2\/media\/12333"}],"wp:attachment":[{"href":"https:\/\/www.amchambaq.com\/es_co\/wp-json\/wp\/v2\/media?parent=12332"}],"wp:term":[{"taxonomy":"category","embeddable":true,"href":"https:\/\/www.amchambaq.com\/es_co\/wp-json\/wp\/v2\/categories?post=12332"},{"taxonomy":"post_tag","embeddable":true,"href":"https:\/\/www.amchambaq.com\/es_co\/wp-json\/wp\/v2\/tags?post=12332"}],"curies":[{"name":"wp","href":"https:\/\/api.w.org\/{rel}","templated":true}]}}