{"id":12300,"date":"2024-05-30T15:03:52","date_gmt":"2024-05-30T20:03:52","guid":{"rendered":"https:\/\/www.amchambaq.com\/?p=12300"},"modified":"2024-05-30T15:03:52","modified_gmt":"2024-05-30T20:03:52","slug":"firman-pacto-que-fortalecera-lazos-del-sector-publico-y-empresarial-del-atlco","status":"publish","type":"post","link":"https:\/\/www.amchambaq.com\/es_co\/firman-pacto-que-fortalecera-lazos-del-sector-publico-y-empresarial-del-atlco\/","title":{"rendered":"Firman pacto que fortalecer\u00e1 lazos del sector p\u00fablico y empresarial del Atlco"},"content":{"rendered":"<div id=\"body\" class=\"content-article size-m\">\n<p>Con el objetivo de fortalecer los lazos entre el\u00a0<strong>sector p\u00fablico\u00a0<\/strong>y\u00a0<strong>empresarial\u00a0<\/strong>y aprovechar las oportunidades comerciales de la regi\u00f3n y del pa\u00eds, se firm\u00f3 un pacto llamado \u2018Pacto por las Oportunidades para el Crecimiento de Colombia\u2019.<\/p>\n<\/div>\n<div id=\"paragraphs\" class=\"content-article paragraphs size-m\">\n<div id=\"taboola-mid-article-reco-reel\" class=\" trc_related_container trc_spotlight_widget trc_elastic trc_elastic_rec-reel-2n5-b \" data-placement-name=\"Mid Article Reco Reel\">\n<div class=\"trc_rbox_container tbl-reco-reel story-widget tbl-reco-reel-text-under-slide-in story-widget-text-under-slide-in tbl-reco-reel-desktop tbl-story-desktop\">\n<div>\n<div id=\"trc_wrapper_80292\" class=\"trc_rbox rec-reel-2n5-b trc-content-hybrid \">\n<div id=\"trc_header_80292\" class=\"trc_rbox_header trc_rbox_border_elm\">\n<div class=\"trc_header_ext\">\n<p>En di\u00e1logo con EL HERALDO,\u00a0<strong>Mar\u00eda Claudia Lacouture, presidenta de la C\u00e1mara de Comercio Colombo Americana (AmCham Colombia)<\/strong>, sostuvo que esto hace parte de un impulso desde el\u00a0<strong>sector<\/strong>\u00a0<strong>empresarial\u00a0<\/strong>al\u00a0<strong>crecimiento econ\u00f3mico<\/strong>.<\/p>\n<p>\u201cNo podemos estar tranquilos con un crecimiento del 0,7 %, y por lo tanto se cre\u00f3 un ecosistema de empresarios para\u00a0<strong>empresarios\u00a0<\/strong>que permitan acompa\u00f1ar y aprovechar las\u00a0<strong>oportunidades<\/strong>. Al aprovecharlas, estamos generando un dinamismo que va a permitir tener resultados positivos a las empresas que necesitan crecer\u201d, expuso Lacouture.<\/p>\n<p>En ese sentido, agreg\u00f3 que mientras las empresas crecen, se va a requerir un mayor recurso humano, lo que permitir\u00e1 as\u00ed tener m\u00e1s recursos sostenibles para los ciudadanos, generando un proceso virtuoso de crecimiento.<\/p>\n<p>\u201cFirmamos este pacto con la Gobernaci\u00f3n del Atl\u00e1ntico, y el compromiso es trabajar todos juntos en un proceso de generar oportunidades, aprovechar las oportunidades y ayudarnos entre todos\u201d, expres\u00f3\u00a0<strong>Mar\u00eda Claudia Lacouture<\/strong>, quien estuvo en la XXVI Asamblea de Afiliados de\u00a0<strong>AmCham\u00a0<\/strong>en la ciudad de\u00a0<strong>Barranquilla<\/strong>.<\/p>\n<p>Por su parte, el<strong>\u00a0gobernador del Atl\u00e1ntico, Eduardo Verano De La Rosa<\/strong>, manifest\u00f3 que esta alianza impulsar\u00e1 el\u00a0<strong>crecimiento econ\u00f3mico\u00a0<\/strong>del departamento del Atl\u00e1ntico mediante el fortalecimiento de las relaciones y actividades comerciales y acad\u00e9micas con los Estados Unidos, especialmente con el estado de\u00a0<strong>Florida<\/strong>.<\/p>\n<\/div>\n<\/div>\n<\/div>\n<\/div>\n<\/div>\n<\/div>\n<\/div>\n","protected":false},"excerpt":{"rendered":"<p>Con el objetivo de fortalecer los lazos entre el\u00a0sector p\u00fablico\u00a0y\u00a0empresarial\u00a0y aprovechar las oportunidades comerciales de la regi\u00f3n y del pa\u00eds, se firm\u00f3 un pacto llamado \u2018Pacto por las Oportunidades para el Crecimiento de Colombia\u2019. En di\u00e1logo con EL HERALDO,\u00a0Mar\u00eda Claudia Lacouture, presidenta de la C\u00e1mara de Comercio Colombo Americana (AmCham Colombia), sostuvo que esto hace<\/p>\n","protected":false},"author":1,"featured_media":12301,"comment_status":"closed","ping_status":"closed","sticky":false,"template":"","format":"standard","meta":{"footnotes":""},"categories":[342,181],"tags":[],"class_list":["post-12300","post","type-post","status-publish","format-standard","has-post-thumbnail","hentry","category-news","category-noticias"],"views":28,"_links":{"self":[{"href":"https:\/\/www.amchambaq.com\/es_co\/wp-json\/wp\/v2\/posts\/12300","targetHints":{"allow":["GET"]}}],"collection":[{"href":"https:\/\/www.amchambaq.com\/es_co\/wp-json\/wp\/v2\/posts"}],"about":[{"href":"https:\/\/www.amchambaq.com\/es_co\/wp-json\/wp\/v2\/types\/post"}],"author":[{"embeddable":true,"href":"https:\/\/www.amchambaq.com\/es_co\/wp-json\/wp\/v2\/users\/1"}],"replies":[{"embeddable":true,"href":"https:\/\/www.amchambaq.com\/es_co\/wp-json\/wp\/v2\/comments?post=12300"}],"version-history":[{"count":1,"href":"https:\/\/www.amchambaq.com\/es_co\/wp-json\/wp\/v2\/posts\/12300\/revisions"}],"predecessor-version":[{"id":12302,"href":"https:\/\/www.amchambaq.com\/es_co\/wp-json\/wp\/v2\/posts\/12300\/revisions\/12302"}],"wp:featuredmedia":[{"embeddable":true,"href":"https:\/\/www.amchambaq.com\/es_co\/wp-json\/wp\/v2\/media\/12301"}],"wp:attachment":[{"href":"https:\/\/www.amchambaq.com\/es_co\/wp-json\/wp\/v2\/media?parent=12300"}],"wp:term":[{"taxonomy":"category","embeddable":true,"href":"https:\/\/www.amchambaq.com\/es_co\/wp-json\/wp\/v2\/categories?post=12300"},{"taxonomy":"post_tag","embeddable":true,"href":"https:\/\/www.amchambaq.com\/es_co\/wp-json\/wp\/v2\/tags?post=12300"}],"curies":[{"name":"wp","href":"https:\/\/api.w.org\/{rel}","templated":true}]}}