{"id":12292,"date":"2024-05-22T08:37:15","date_gmt":"2024-05-22T13:37:15","guid":{"rendered":"https:\/\/www.amchambaq.com\/?p=12292"},"modified":"2024-05-22T08:37:15","modified_gmt":"2024-05-22T13:37:15","slug":"caen-otra-vez-las-importaciones-de-colombia-y-ya-suman-15-meses-a-la-baja","status":"publish","type":"post","link":"https:\/\/www.amchambaq.com\/es_co\/caen-otra-vez-las-importaciones-de-colombia-y-ya-suman-15-meses-a-la-baja\/","title":{"rendered":"Caen otra vez las importaciones de Colombia y ya suman 15 meses a la baja"},"content":{"rendered":"<div id=\"body\" class=\"content-article size-m\">\n<p>No se recuperan las\u00a0<strong>importaciones de Colombia\u00a0<\/strong>y persiste la racha negativa en sus indicadores. Para\u00a0<strong>marzo\u00a0<\/strong>del presente a\u00f1o, estas compras externas fueron de USD4.757,3 millones, lo que represent\u00f3 una ca\u00edda del 18,8 % en relaci\u00f3n con el mismo mes de 2023.<\/p>\n<\/div>\n<div id=\"paragraphs\" class=\"content-article paragraphs size-m\">\n<div id=\"taboola-mid-article-reco-reel\" class=\" trc_related_container trc_spotlight_widget trc_elastic trc_elastic_rec-reel-2n5-b \" data-placement-name=\"Mid Article Reco Reel\">\n<div class=\"trc_rbox_container tbl-reco-reel story-widget tbl-reco-reel-text-under-slide-in story-widget-text-under-slide-in tbl-reco-reel-desktop tbl-story-desktop\">\n<div>\n<div id=\"trc_wrapper_20410\" class=\"trc_rbox rec-reel-2n5-b trc-content-hybrid \">\n<div id=\"trc_header_20410\" class=\"trc_rbox_header trc_rbox_border_elm\">\n<div class=\"trc_header_ext\">\n<p>As\u00ed lo confirm\u00f3 el\u00a0<strong>Departamento Administrativo Nacional de Estad\u00edstica (Dane)\u00a0<\/strong>con base a las declaraciones de importaci\u00f3n registradas en la<strong>\u00a0Direcci\u00f3n de Impuestos y Aduanas Nacionales (Dian).<\/strong><\/p>\n<p>De acuerdo a la entidad, este comportamiento obedeci\u00f3 principalmente a la disminuci\u00f3n de un 22,1 % en productos de\u00a0<strong>manufacturas<\/strong>.<\/p>\n<p>En dicho mes, las\u00a0<strong>importaciones\u00a0<\/strong>de\u00a0<strong>manufacturas\u00a0<\/strong>participaron con el 71,1 % del valor total de las importaciones, seguido por productos\u00a0<strong>agropecuarios<\/strong>,\u00a0<strong>alimentos\u00a0<\/strong>y\u00a0<strong>bebidas\u00a0<\/strong>con 16,5 %,\u00a0<strong>combustibles\u00a0<\/strong>y productos de las\u00a0<strong>industrias extractivas\u00a0<\/strong>con 12,4 % y otros sectores con 0,1 %.<\/p>\n<p>Las\u00a0<strong>importaciones\u00a0<\/strong>de\u00a0<strong>Colombia\u00a0<\/strong>originarias de\u00a0<strong>Estados Unidos\u00a0<\/strong>participaron con el 29,2 % del total de las\u00a0<strong>importaciones<\/strong>; le siguieron las compras externas desde\u00a0<strong>China, Brasil, Francia, M\u00e9xico, Alemania e India.<\/strong><\/p>\n<p>\u201cEn\u00a0<strong>marzo\u00a0<\/strong>de 2024 en comparaci\u00f3n con\u00a0<strong>marzo\u00a0<\/strong>de 2023, la contribuci\u00f3n m\u00e1s importante se present\u00f3 en las compras originarias en\u00a0<strong>Estados Unidos\u00a0<\/strong>(-15,9 %) y\u00a0<strong>Alemania\u00a0<\/strong>(-49,7 %) al aportar en conjunto 7,2 puntos porcentuales negativos a la variaci\u00f3n total del mes (-18,8 %). En contraste, las importaciones desde\u00a0<strong>Francia\u00a0<\/strong>(12,1 %) contribuyeron con 0,5 puntos porcentuales a la variaci\u00f3n total del mes\u201d, precis\u00f3 el\u00a0<strong>Dane<\/strong>.<\/p>\n<p>La\u00a0<strong>disminuci\u00f3n\u00a0<\/strong>en las\u00a0<strong>importaciones\u00a0<\/strong>originarias de\u00a0<strong>Estados Unidos\u00a0<\/strong>en\u00a0<strong>marzo\u00a0<\/strong>de 2024 en comparaci\u00f3n con\u00a0<strong>marzo\u00a0<\/strong>de 2023 se explic\u00f3 por las menores compras de\u00a0<strong>aviones\u00a0<\/strong>de m\u00e1s de 15.000 kg (-100,0 %) y tortas de semillas oleaginosas (-41,8 %).<\/p>\n<p>Las estad\u00edsticas de\u00a0<strong>importaciones\u00a0<\/strong>registran el ingreso legal de\u00a0<strong>mercanc\u00edas\u00a0<\/strong>originarias de otro pa\u00eds o de una\u00a0<strong>zona franca\u00a0<\/strong>colombiana hacia el territorio aduanero nacional.<\/p>\n<p>stas cifras se producen con base en las declaraciones de\u00a0<strong>importaci\u00f3n<\/strong>, presentadas ante las diferentes administraciones de aduanas del pa\u00eds, y se registran estad\u00edsticamente seg\u00fan la fecha de presentaci\u00f3n ante las entidades financieras autorizadas para recaudar los\u00a0<strong>tributos aduaneros<\/strong>.<\/p>\n<p>Los registros de las importaciones colombianas son producidos por la<strong>\u00a0Direcci\u00f3n de Impuestos y Aduanas Nacionales (Dian).<\/strong><\/p>\n<p>Por su parte, en\u00a0<strong>marzo\u00a0<\/strong>de 2024 se registr\u00f3 un d\u00e9ficit en la\u00a0<strong>balanza comercial\u00a0<\/strong>colombiana de USD686,6 millones, mientras que en marzo de 2023 se present\u00f3 un d\u00e9ficit de USD1.081,9 millones, originando as\u00ed una disminuci\u00f3n en el\u00a0<strong>d\u00e9ficit<\/strong>.<\/p>\n<p>La\u00a0<strong>balanza comercial\u00a0<\/strong>es la diferencia que existe entre el total de las\u00a0<strong>exportaciones\u00a0<\/strong>e\u00a0<strong>importaciones\u00a0<\/strong>de un pa\u00eds.<\/p>\n<\/div>\n<\/div>\n<\/div>\n<\/div>\n<\/div>\n<\/div>\n<\/div>\n","protected":false},"excerpt":{"rendered":"<p>No se recuperan las\u00a0importaciones de Colombia\u00a0y persiste la racha negativa en sus indicadores. Para\u00a0marzo\u00a0del presente a\u00f1o, estas compras externas fueron de USD4.757,3 millones, lo que represent\u00f3 una ca\u00edda del 18,8 % en relaci\u00f3n con el mismo mes de 2023. As\u00ed lo confirm\u00f3 el\u00a0Departamento Administrativo Nacional de Estad\u00edstica (Dane)\u00a0con base a las declaraciones de importaci\u00f3n registradas<\/p>\n","protected":false},"author":1,"featured_media":12169,"comment_status":"closed","ping_status":"closed","sticky":false,"template":"","format":"standard","meta":{"footnotes":""},"categories":[342,181],"tags":[],"class_list":["post-12292","post","type-post","status-publish","format-standard","has-post-thumbnail","hentry","category-news","category-noticias"],"views":40,"_links":{"self":[{"href":"https:\/\/www.amchambaq.com\/es_co\/wp-json\/wp\/v2\/posts\/12292","targetHints":{"allow":["GET"]}}],"collection":[{"href":"https:\/\/www.amchambaq.com\/es_co\/wp-json\/wp\/v2\/posts"}],"about":[{"href":"https:\/\/www.amchambaq.com\/es_co\/wp-json\/wp\/v2\/types\/post"}],"author":[{"embeddable":true,"href":"https:\/\/www.amchambaq.com\/es_co\/wp-json\/wp\/v2\/users\/1"}],"replies":[{"embeddable":true,"href":"https:\/\/www.amchambaq.com\/es_co\/wp-json\/wp\/v2\/comments?post=12292"}],"version-history":[{"count":1,"href":"https:\/\/www.amchambaq.com\/es_co\/wp-json\/wp\/v2\/posts\/12292\/revisions"}],"predecessor-version":[{"id":12293,"href":"https:\/\/www.amchambaq.com\/es_co\/wp-json\/wp\/v2\/posts\/12292\/revisions\/12293"}],"wp:featuredmedia":[{"embeddable":true,"href":"https:\/\/www.amchambaq.com\/es_co\/wp-json\/wp\/v2\/media\/12169"}],"wp:attachment":[{"href":"https:\/\/www.amchambaq.com\/es_co\/wp-json\/wp\/v2\/media?parent=12292"}],"wp:term":[{"taxonomy":"category","embeddable":true,"href":"https:\/\/www.amchambaq.com\/es_co\/wp-json\/wp\/v2\/categories?post=12292"},{"taxonomy":"post_tag","embeddable":true,"href":"https:\/\/www.amchambaq.com\/es_co\/wp-json\/wp\/v2\/tags?post=12292"}],"curies":[{"name":"wp","href":"https:\/\/api.w.org\/{rel}","templated":true}]}}