{"id":12282,"date":"2024-05-15T08:41:24","date_gmt":"2024-05-15T13:41:24","guid":{"rendered":"https:\/\/www.amchambaq.com\/?p=12282"},"modified":"2024-05-15T08:41:24","modified_gmt":"2024-05-15T13:41:24","slug":"luis-gilberto-murillo-asumira-como-canciller-en-propiedad","status":"publish","type":"post","link":"https:\/\/www.amchambaq.com\/es_co\/luis-gilberto-murillo-asumira-como-canciller-en-propiedad\/","title":{"rendered":"Luis Gilberto Murillo asumir\u00e1 como canciller en propiedad"},"content":{"rendered":"<p><strong>Luis Gilberto Murillo Urrutia<\/strong>, quien hasta el momento hab\u00eda estado reemplazando como ministro de<strong>\u00a0Relaciones Exteriores<\/strong>\u00a0encargado al exfuncionario\u00a0<strong>\u00c1lvaro Leyva<\/strong>, asumir\u00e1 a partir de ahora su cargo en la cartera como\u00a0<strong>canciller\u00a0<\/strong>en propiedad. As\u00ed se conoci\u00f3 durante la ma\u00f1ana de este mi\u00e9rcoles, 15 de mayo, mediante la publicaci\u00f3n de su hoja de vida en la p\u00e1gina de aspirantes al puesto\u00a0en el portal de la\u00a0<strong>Presidencia\u00a0<\/strong>de la Rep\u00fablica.<\/p>\n<p>Murillo, quien dejar\u00e1 la\u00a0<strong>Embajada\u00a0<\/strong>de<strong>\u00a0Estados Unidos<\/strong>\u00a0para asumir de lleno su rol en la\u00a0<strong>Canciller\u00eda<\/strong>, se encontraba ejerciendo dicho cargo como encargado desde el pasado mes de enero, debido a la inhabilitaci\u00f3n que se hab\u00eda impuesto a Leyva, en el marco de las investigaciones que lleva a cabo la\u00a0<strong>Procuradur\u00eda\u00a0<\/strong>en el caso relacionado con la licitaci\u00f3n para la impresi\u00f3n de\u00a0<strong>pasaportes<\/strong>.<\/p>\n<p>Respecto a la<strong>\u00a0hoja de vida<\/strong>\u00a0del canciller, la Presidencia dio a conocer que es<strong>\u00a0ingeniero de Minas\u00a0<\/strong>con maestr\u00eda en Ciencias de la Ingenier\u00eda y experto en pol\u00edtica p\u00fablica, con m\u00e1s de 30 a\u00f1os de experiencia en \u00e1reas relacionadas con\u00a0<strong>ambiente<\/strong>, cambio clim\u00e1tico, inclusi\u00f3n social y desarrollo regional sostenible. Adem\u00e1s, fue el primer ministro de Ambiente y Desarrollo Sostenible de origen afrocolombiano y procedente de la regi\u00f3n costera del\u00a0<strong>Pac\u00edfico<\/strong>.<\/p>\n<p>En dos a\u00f1os como ministro en dicha cartera, Murilo increment\u00f3 sustancialmente las \u00e1reas naturales protegidas de\u00a0<strong>Colombia<\/strong>, incorpor\u00f3 a las comunidades negras, afrocolombianas, ind\u00edgenas y campesinas al centro de la gesti\u00f3n ambiental. Cre\u00f3 el marco de la pol\u00edtica p\u00fablica de mitigaci\u00f3n y adaptaci\u00f3n al cambio clim\u00e1tico y, asimismo, fue determinante en la creaci\u00f3n e implementaci\u00f3n del impuesto nacional al carbono y los mercados de carbono. Tambi\u00e9n, del\u00a0<strong>impuesto\u00a0<\/strong>a las\u00a0<strong>bolsas pl\u00e1sticas<\/strong>, lo que permiti\u00f3 una disminuci\u00f3n del 70% de su uso en Colombia, entre otros logros significativos.<\/p>\n<p>Murillo Urrutia naci\u00f3 en\u00a0<strong>Andagoya<\/strong>, en el Medio San Juan del Choc\u00f3 (Colombia), hace 56 a\u00f1os. Es Martin Luther King Scholar de MIT, vinculado a la Iniciativa de\u00a0<strong>Soluciones Ambientales<\/strong>. Durante la pasada campa\u00f1a presidencial fue candidato a la Vicepresidencia por la Coalici\u00f3n Centro Esperanza y, en segunda vuelta electoral, adhiri\u00f3 al candidato (hoy presidente)\u00a0<strong>Gustavo Petro<\/strong>.<\/p>\n<p>En 1991, se desempe\u00f1\u00f3 como experto en control ambiental de zonas mineras de la Corporaci\u00f3n para el Desarrollo del Choc\u00f3 (<strong>Codechoc\u00f3<\/strong>), de la que posteriormente fue su director general. Despu\u00e9s, en Bogot\u00e1, lleg\u00f3 a la Subdirecci\u00f3n de Planeaci\u00f3n del Departamento Administrativo del Medio Ambiente (<strong>DAMA<\/strong>), hoy Secretar\u00eda del Medio Ambiente, en el gobierno del alcalde Antanas Mockus.<\/p>\n<p>Fue elegido gobernador del Choc\u00f3 en 1997. Durante la Gobernaci\u00f3n tuvo como plataforma la lucha contra la corrupci\u00f3n, protecci\u00f3n del medio ambiental y la defensa de los derechos de las comunidades rurales. Propuso e inici\u00f3, en conjunto con la Iglesia, la implementaci\u00f3n de la estrategia<strong>\u00a0&#8216;Choc\u00f3: territorio de Paz&#8217;<\/strong>, por lo que fue blanco de ataques y, posteriormente, fue obligado a dejar el cargo.<\/p>\n<p>En el\u00a0<strong>2000<\/strong>, tras un secuestro con fines pol\u00edticos por un\u00a0<strong>grupo paramilitar<\/strong>, recibi\u00f3 asilo en\u00a0<strong>Estados Unidos<\/strong>. Se desempe\u00f1\u00f3 en la ciudad de Washington como asesor principal de pol\u00edtica internacional en la Agencia de Cooperaci\u00f3n Internacional Lutheran World Relief. Tambi\u00e9n fue vicepresidente de Operaciones de Phelps Stokes, fundaci\u00f3n dedicada al desarrollo de las comunidades afroamericanas, latinas y africanas.<\/p>\n<p>Hizo parte activa de\u00a0<strong>Comit\u00e9 de Derechos Humanos de Colombianos<\/strong>\u00a0en Washington, D.C. Prest\u00f3 sus servicios como consultor de la Agencia de los Estados Unidos para el Desarrollo Internacional (<strong>USAID<\/strong>), del Programa de las Naciones Unidas para el Desarrollo (<strong>PNUD<\/strong>) y de la Organizaci\u00f3n de Naciones Unidas para la Alimentaci\u00f3n y la Agricultura (<strong>FAO<\/strong>).<\/p>\n<p>Tras 11 a\u00f1os,\u00a0regres\u00f3 a Colombia y en el 2011 fue elegido por segunda vez gobernador del Choc\u00f3. De nuevo dio continuidad a su\u00a0<strong>plataforma pol\u00edtica\u00a0<\/strong>y volvi\u00f3 a ser v\u00edctima de ataques, lo que solo le permiti\u00f3 estar ocho meses en el cargo y volvi\u00f3 a sus actividades de consultor\u00eda internacional.<\/p>\n<div id=\"body\" class=\"content-article size-m\">\n<p>En\u00a0<strong>2014\u00a0<\/strong>fue designado por el presidente\u00a0<strong>Juan Manuel Santos<\/strong>\u00a0como director del programa presidencial\u00a0<strong>Todos Somos Pazc\u00edfico<\/strong>.\u00a0Entre\u00a0<strong>2016\u00a0<\/strong>y\u00a0<strong>2018\u00a0<\/strong>ocup\u00f3 el cargo de ministro de Ambiente y Desarrollo Sostenible.<\/p>\n<p>Ha estado vinculado a la academia. Fue catedr\u00e1tico de la\u00a0<strong>Universidad Externado<\/strong>, Santo Tomas y de la Universidad Tecnol\u00f3gica del Choc\u00f3. Desde\u00a0<strong>2019\u00a0<\/strong>es investigador del Centro de Estudios Latinoamericanos y Latinos (CLALS), de American University, en Washington, DC. Desde\u00a0<strong>2020\u00a0<\/strong>y hasta antes de su nombramiento fue Martin Luther King Scholar de MIT adscrito a la Iniciativa de Soluciones Ambientales de ese destacado centro acad\u00e9mico.<\/p>\n<\/div>\n<div id=\"paragraphs\" class=\"content-article paragraphs size-m\"><\/div>\n<div id=\"taboola-mid-article-reco-reel\" class=\" trc_related_container trc_spotlight_widget trc_elastic trc_elastic_rec-reel-2n5-b \" data-placement-name=\"Mid Article Reco Reel\">\n<div class=\"trc_rbox_container tbl-reco-reel story-widget tbl-reco-reel-text-under-slide-in story-widget-text-under-slide-in tbl-reco-reel-desktop tbl-story-desktop\">\n<div>\n<div id=\"trc_wrapper_35998\" class=\"trc_rbox rec-reel-2n5-b trc-content-hybrid \">\n<div id=\"trc_header_35998\" class=\"trc_rbox_header trc_rbox_border_elm\">\n<div class=\"trc_header_ext\"><\/div>\n<\/div>\n<\/div>\n<\/div>\n<\/div>\n<\/div>\n","protected":false},"excerpt":{"rendered":"<p>Luis Gilberto Murillo Urrutia, quien hasta el momento hab\u00eda estado reemplazando como ministro de\u00a0Relaciones Exteriores\u00a0encargado al exfuncionario\u00a0\u00c1lvaro Leyva, asumir\u00e1 a partir de ahora su cargo en la cartera como\u00a0canciller\u00a0en propiedad. As\u00ed se conoci\u00f3 durante la ma\u00f1ana de este mi\u00e9rcoles, 15 de mayo, mediante la publicaci\u00f3n de su hoja de vida en la p\u00e1gina de aspirantes<\/p>\n","protected":false},"author":1,"featured_media":12283,"comment_status":"closed","ping_status":"closed","sticky":false,"template":"","format":"standard","meta":{"footnotes":""},"categories":[342,181],"tags":[],"class_list":["post-12282","post","type-post","status-publish","format-standard","has-post-thumbnail","hentry","category-news","category-noticias"],"views":44,"_links":{"self":[{"href":"https:\/\/www.amchambaq.com\/es_co\/wp-json\/wp\/v2\/posts\/12282","targetHints":{"allow":["GET"]}}],"collection":[{"href":"https:\/\/www.amchambaq.com\/es_co\/wp-json\/wp\/v2\/posts"}],"about":[{"href":"https:\/\/www.amchambaq.com\/es_co\/wp-json\/wp\/v2\/types\/post"}],"author":[{"embeddable":true,"href":"https:\/\/www.amchambaq.com\/es_co\/wp-json\/wp\/v2\/users\/1"}],"replies":[{"embeddable":true,"href":"https:\/\/www.amchambaq.com\/es_co\/wp-json\/wp\/v2\/comments?post=12282"}],"version-history":[{"count":1,"href":"https:\/\/www.amchambaq.com\/es_co\/wp-json\/wp\/v2\/posts\/12282\/revisions"}],"predecessor-version":[{"id":12284,"href":"https:\/\/www.amchambaq.com\/es_co\/wp-json\/wp\/v2\/posts\/12282\/revisions\/12284"}],"wp:featuredmedia":[{"embeddable":true,"href":"https:\/\/www.amchambaq.com\/es_co\/wp-json\/wp\/v2\/media\/12283"}],"wp:attachment":[{"href":"https:\/\/www.amchambaq.com\/es_co\/wp-json\/wp\/v2\/media?parent=12282"}],"wp:term":[{"taxonomy":"category","embeddable":true,"href":"https:\/\/www.amchambaq.com\/es_co\/wp-json\/wp\/v2\/categories?post=12282"},{"taxonomy":"post_tag","embeddable":true,"href":"https:\/\/www.amchambaq.com\/es_co\/wp-json\/wp\/v2\/tags?post=12282"}],"curies":[{"name":"wp","href":"https:\/\/api.w.org\/{rel}","templated":true}]}}