{"id":12279,"date":"2024-05-15T08:37:39","date_gmt":"2024-05-15T13:37:39","guid":{"rendered":"https:\/\/www.amchambaq.com\/?p=12279"},"modified":"2024-05-15T08:37:39","modified_gmt":"2024-05-15T13:37:39","slug":"lanzan-programa-que-conecta-a-la-academia-con-el-tejido-empresarial","status":"publish","type":"post","link":"https:\/\/www.amchambaq.com\/es_co\/lanzan-programa-que-conecta-a-la-academia-con-el-tejido-empresarial\/","title":{"rendered":"Lanzan programa que conecta a la academia con el tejido empresarial"},"content":{"rendered":"<div id=\"body\" class=\"content-article size-m\">\n<p>En\u00a0<strong>Barranquilla\u00a0<\/strong>se llev\u00f3 a cabo el lanzamiento del programa\u00a0<strong>SolversLab\u00a0<\/strong>de la\u00a0<strong>Instituci\u00f3n Universitaria CEIPA<\/strong>. Esta iniciativa tiene como objetivo transformar la manera en que se enfrentan los\u00a0<strong>desaf\u00edos\u00a0<\/strong>empresariales, aprovechando el\u00a0<strong>talento\u00a0<\/strong>y la creatividad de los j\u00f3venes para generar soluciones pr\u00e1cticas y efectivas.<\/p>\n<\/div>\n<div id=\"paragraphs\" class=\"content-article paragraphs size-m\">\n<div class=\"field-collection-container clearfix\">\n<div class=\"field field-name-field-contenido-articulos-2 field-type-field-collection field-label-hidden\">\n<div class=\"field-item even\">\n<div class=\"field-collection-view clearfix view-mode-full field-collection-view-final\">\n<div>\n<div class=\"content\">\n<div class=\"paragraphs-items paragraphs-items-field-campos paragraphs-items-field-campos-full paragraphs-items-full\">\n<div class=\"field field-name-field-campos field-type-paragraphs field-label-hidden\">\n<div class=\"field-item even\">\n<div id=\"relacionado-body\">\n<div class=\"box-title\">\n<p>El reto de este programa, seg\u00fan la\u00a0<strong>instituci\u00f3n universitaria<\/strong>, es desafiar a los\u00a0<strong>estudiantes\u00a0<\/strong>a aprender mientras contribuyen a resolver problemas reales de las\u00a0<strong>empresas<\/strong>, que son certificables para su<strong>\u00a0hoja de vida.<\/strong><\/p>\n<p>De acuerdo con\u00a0<strong>Giovanny Cardona Montoya, vicerrector Acad\u00e9mico de CEIPA<\/strong>, es un programa creado por esta\u00a0<strong>instituci\u00f3n\u00a0<\/strong>bajo un proceso que ha tenido desde hace unos a\u00f1os sobre la convicci\u00f3n de dos grandes retos: uno tiene que ver con transforma la educaci\u00f3n tradicional que est\u00e1 alejada de la realidad de los\u00a0<strong>retos empresariales<\/strong>, y la otra de conectar la academia con las realidades sociales y empresariales.<\/p>\n<p>Cabe destacar que esta iniciativa cuenta con el apoyo del sector p\u00fablico por parte de la\u00a0<strong>Secretar\u00eda de Desarrollo Econ\u00f3mico del Distrito de Barranquilla.<\/strong><\/p>\n<div class=\"field-item odd\">\n<div class=\"entity entity-paragraphs-item paragraphs-item-descripcion\">\n<div class=\"content\">\n<div class=\"field field-name-field-descripcion field-type-text-long field-label-hidden\">\n<div class=\"field-items\">\n<div class=\"field-item even\">\n<p>\u201cCon el\u00a0<strong>sector p\u00fablico<\/strong>, tanto las\u00a0<strong>alcald\u00edas\u00a0<\/strong>como las\u00a0<strong>gobernaciones\u00a0<\/strong>como en el\u00a0<strong>sector privado\u00a0<\/strong>como es el caso de gremios y\u00a0<strong>C\u00e1mara de Comercio<\/strong>, ha habido un inter\u00e9s general en materia de\u00a0<strong>desarrollo empresarial<\/strong>, ya sea sectorial o territorial. Esta alianza p\u00fablico, privada y academia, lo vemos como una oportunidad que la detonamos desde el\u00a0<strong>curr\u00edculum<\/strong>, cuando decidimos construir una propuesta de formaci\u00f3n te\u00f3rico-pr\u00e1ctica, donde los estudiantes no estudian la teor\u00eda luego practicarla, sino que su proceso educativo es colocar un reto empresarial, pero tambi\u00e9n puede ser un reto territorial y de comunidades, y en ese orden de ideas el estudiante desarrolla su\u00a0<strong>proceso formativo<\/strong>\u201d, resalt\u00f3 Cardona a\u00a0<a href=\"https:\/\/www.elheraldo.co\/\" rel=\"nofollow\">EL HERALDO<\/a>.<\/p>\n<p>En ese sentido, agreg\u00f3 que el objetivo principal de este programa es que los\u00a0<strong>estudiantes\u00a0<\/strong>se grad\u00faen con una experiencia adquirida por el lado empresarial.<\/p>\n<p>\u201cEl objetivo es tener entre 4 mil y 5 mil estudiantes, tambi\u00e9n tener entre 150 y 200 profesores, y tener los\u00a0<strong>curr\u00edculum\u00a0<\/strong>dispuestos para que cada ocho semanas, unas 100 o 150 empresas nos presenten sus retos o necesidades que tienen que resolver, y es sin ning\u00fan costo\u201d, dijo Cardona.<\/p>\n<p>Por su parte,<strong>\u00a0Richard Fern\u00e1ndez, secretario de Desarrollo Econ\u00f3mico del Distrito<\/strong>, expres\u00f3 que este enfoque colaborativo permite una experiencia enriquecedora tanto para los\u00a0<strong>estudiantes\u00a0<\/strong>como para las\u00a0<strong>empresas<\/strong>, fomentando el aprendizaje pr\u00e1ctico y la\u00a0<strong>innovaci\u00f3n empresarial<\/strong>.<\/p>\n<p>\u201cEste programa contribuye al crecimiento empresarial ofreciendo herramientas y estrategias para superar obst\u00e1culos y alcanzar nuevos niveles de \u00e9xito, y fomenta la\u00a0<strong>innovaci\u00f3n\u00a0<\/strong>como un laboratorio de ideas, generando soluciones disruptivas y transformadoras. Desde la\u00a0<strong>Secretar\u00eda de Desarrollo Econ\u00f3mico<\/strong>\u00a0estamos complacidos de apoyar esta iniciativa e invito a las empresas y emprendedores a unirse al programa y ser parte de esta comunidad dedicada a impulsar el crecimiento y la\u00a0<strong>innovaci\u00f3n empresarial<\/strong>\u201d, resalt\u00f3.<\/p>\n<\/div>\n<\/div>\n<\/div>\n<\/div>\n<\/div>\n<\/div>\n<div class=\"field-item even\">\n<div class=\"content-imagen\">\n<div class=\"image\" data-bg-desk=\"https:\/\/www.elheraldo.co\/sites\/default\/files\/styles\/width_1180\/public\/articulo\/2024\/05\/10\/_ora4928_1.jpg?itok=ykPsy6N3\" data-bg-mob=\"https:\/\/www.elheraldo.co\/sites\/default\/files\/styles\/414x780\/public\/articulo\/2024\/05\/10\/_ora4928_1.jpg?itok=ZlpqHqNW\"><picture><source srcset=\"https:\/\/www.elheraldo.co\/sites\/default\/files\/styles\/width_820\/public\/articulo\/2024\/05\/10\/_ora4928_1.jpg?itok=JDAnaVx4\" media=\"(min-width: 1180px)\" \/><source srcset=\"https:\/\/www.elheraldo.co\/sites\/default\/files\/styles\/width_768\/public\/articulo\/2024\/05\/10\/_ora4928_1.jpg?itok=Mxo1Ukcg\" media=\"(min-width: 768px)\" \/><source srcset=\"https:\/\/www.elheraldo.co\/sites\/default\/files\/styles\/width_414\/public\/articulo\/2024\/05\/10\/_ora4928_1.jpg?itok=9lKYxOs6\" media=\"(max-width: 767px)\" \/><\/picture><\/div>\n<div data-bg-desk=\"https:\/\/www.elheraldo.co\/sites\/default\/files\/styles\/width_1180\/public\/articulo\/2024\/05\/10\/_ora4928_1.jpg?itok=ykPsy6N3\" data-bg-mob=\"https:\/\/www.elheraldo.co\/sites\/default\/files\/styles\/414x780\/public\/articulo\/2024\/05\/10\/_ora4928_1.jpg?itok=ZlpqHqNW\">\n<p>El lanzamiento de este programa ha sido de gran acogida para el sector empresarial. De acuerdo con\u00a0<strong>Lady Marriaga<\/strong>, representante de la compa\u00f1\u00eda\u00a0<strong>Supply Logistics<\/strong>, ven con buenos ojos esta alianza realizada por\u00a0<strong>CEIPA<\/strong>.<\/p>\n<p>\u201cTenemos una\u00a0<strong>planeaci\u00f3n estrat\u00e9gica\u00a0<\/strong>y tenemos un reto ambicioso a\u00a0<strong>nivel nacional\u00a0<\/strong>que es la internacionalizaci\u00f3n de nuestro servicios log\u00edsticos, en especial al cargue y descargue\u201d, puntualiz\u00f3 Marriaga.<\/p>\n<\/div>\n<\/div>\n<\/div>\n<\/div>\n<\/div>\n<\/div>\n<\/div>\n<\/div>\n<\/div>\n<\/div>\n<\/div>\n<\/div>\n<\/div>\n<\/div>\n<\/div>\n","protected":false},"excerpt":{"rendered":"<p>En\u00a0Barranquilla\u00a0se llev\u00f3 a cabo el lanzamiento del programa\u00a0SolversLab\u00a0de la\u00a0Instituci\u00f3n Universitaria CEIPA. Esta iniciativa tiene como objetivo transformar la manera en que se enfrentan los\u00a0desaf\u00edos\u00a0empresariales, aprovechando el\u00a0talento\u00a0y la creatividad de los j\u00f3venes para generar soluciones pr\u00e1cticas y efectivas. El reto de este programa, seg\u00fan la\u00a0instituci\u00f3n universitaria, es desafiar a los\u00a0estudiantes\u00a0a aprender mientras contribuyen a resolver problemas<\/p>\n","protected":false},"author":1,"featured_media":12280,"comment_status":"closed","ping_status":"closed","sticky":false,"template":"","format":"standard","meta":{"footnotes":""},"categories":[342,181],"tags":[],"class_list":["post-12279","post","type-post","status-publish","format-standard","has-post-thumbnail","hentry","category-news","category-noticias"],"views":42,"_links":{"self":[{"href":"https:\/\/www.amchambaq.com\/es_co\/wp-json\/wp\/v2\/posts\/12279","targetHints":{"allow":["GET"]}}],"collection":[{"href":"https:\/\/www.amchambaq.com\/es_co\/wp-json\/wp\/v2\/posts"}],"about":[{"href":"https:\/\/www.amchambaq.com\/es_co\/wp-json\/wp\/v2\/types\/post"}],"author":[{"embeddable":true,"href":"https:\/\/www.amchambaq.com\/es_co\/wp-json\/wp\/v2\/users\/1"}],"replies":[{"embeddable":true,"href":"https:\/\/www.amchambaq.com\/es_co\/wp-json\/wp\/v2\/comments?post=12279"}],"version-history":[{"count":1,"href":"https:\/\/www.amchambaq.com\/es_co\/wp-json\/wp\/v2\/posts\/12279\/revisions"}],"predecessor-version":[{"id":12281,"href":"https:\/\/www.amchambaq.com\/es_co\/wp-json\/wp\/v2\/posts\/12279\/revisions\/12281"}],"wp:featuredmedia":[{"embeddable":true,"href":"https:\/\/www.amchambaq.com\/es_co\/wp-json\/wp\/v2\/media\/12280"}],"wp:attachment":[{"href":"https:\/\/www.amchambaq.com\/es_co\/wp-json\/wp\/v2\/media?parent=12279"}],"wp:term":[{"taxonomy":"category","embeddable":true,"href":"https:\/\/www.amchambaq.com\/es_co\/wp-json\/wp\/v2\/categories?post=12279"},{"taxonomy":"post_tag","embeddable":true,"href":"https:\/\/www.amchambaq.com\/es_co\/wp-json\/wp\/v2\/tags?post=12279"}],"curies":[{"name":"wp","href":"https:\/\/api.w.org\/{rel}","templated":true}]}}