{"id":12277,"date":"2024-05-15T08:35:25","date_gmt":"2024-05-15T13:35:25","guid":{"rendered":"https:\/\/www.amchambaq.com\/?p=12277"},"modified":"2024-05-15T08:35:25","modified_gmt":"2024-05-15T13:35:25","slug":"abril-fue-otro-mes-negativo-para-el-comercio-y-la-economia-esta-sin-timonel","status":"publish","type":"post","link":"https:\/\/www.amchambaq.com\/es_co\/abril-fue-otro-mes-negativo-para-el-comercio-y-la-economia-esta-sin-timonel\/","title":{"rendered":"\u201cAbril fue otro mes negativo para el comercio y la econom\u00eda est\u00e1 sin timonel\u201d"},"content":{"rendered":"<p>Las ventas del\u00a0<strong>comercio\u00a0<\/strong>en\u00a0<strong>abril\u00a0<\/strong>volvieron a mostrar signo negativo, al tiempo que las expectativas inmediatas no mejoraron. As\u00ed lo revela la m\u00e1s reciente encuesta de\u00a0<strong>opini\u00f3n comercial\u00a0<\/strong>divulgada en el bolet\u00edn mensual de\u00a0<strong>Fenalco<\/strong>.<\/p>\n<p>El presidente de la agremiaci\u00f3n,\u00a0<strong>Jaime Alberto Cabal<\/strong>\u00a0manifest\u00f3 su preocupaci\u00f3n por la persistencia del mal desempe\u00f1o del\u00a0<strong>comercio\u00a0<\/strong>en\u00a0<strong>abril<\/strong>.<\/p>\n<p>\u201cEl 81% de los consultados report\u00f3 descenso o\u00a0<strong>ventas\u00a0<\/strong>iguales frente a las registradas en el mismo mes del a\u00f1o anterior, lo que sin duda es un mal resultado. No se avizora luz al final del t\u00fanel, luego de m\u00e1s de 16 meses de retroceso en las ventas \u201c, se\u00f1al\u00f3.<\/p>\n<p>Tampoco las expectativas de la\u00a0<strong>situaci\u00f3n econ\u00f3mica\u00a0<\/strong>levantaron cabeza en\u00a0<strong>abril<\/strong>. De acuerdo con\u00a0<strong>Bit\u00e1cora<\/strong>, para el 77 % de los empresarios de todo el pa\u00eds las cosas en el corto plazo empeorar\u00e1n o ser\u00e1n similares al dif\u00edcil momento actual.<\/p>\n<p>El informe revela que no obstante la dif\u00edcil\u00a0<strong>coyuntura<\/strong>, en mayo al parecer las ventas se comportar\u00edan un poco mejor, resultado jalonado por la celebraci\u00f3n del\u00a0<strong>D\u00eda de la Madre<\/strong>, que seg\u00fan reportes preliminares de comerciantes y de bancos, recogidos por\u00a0<strong>Fenalco\u00a0<\/strong>tuvieron un aceptable desempe\u00f1o frente al registro de la misma fecha del 2023.<\/p>\n<p>Seg\u00fan explic\u00f3 el presidente de\u00a0<strong>Fenalco<\/strong>, en abril hubo un mayor dinamismo en los sectores de veh\u00edculos y motos, librer\u00edas por efecto de la celebraci\u00f3n de la\u00a0<strong>Feria Internacional del Libro<\/strong>,\u00a0<strong>vestuario\u00a0<\/strong>y\u00a0<strong>calzado<\/strong>.<\/p>\n<p>\u201cNo perdemos la esperanza de que el Gobierno nacional por fin decida concertar un plan de\u00a0<strong>reactivaci\u00f3n\u00a0<\/strong>teniendo como eje principal la contribuci\u00f3n de la empresa privada al desarrollo del pa\u00eds. Las estimaciones de crecimiento de la econom\u00eda para el primer trimestre se ubican en un promedio del 1,3 %, un resultado esperado realmente muy pobre, con el agravante de que el desempleo ha vuelto aumentar\u201d, puntualiz\u00f3 el\u00a0<strong>dirigente<\/strong>.<\/p>\n","protected":false},"excerpt":{"rendered":"<p>Las ventas del\u00a0comercio\u00a0en\u00a0abril\u00a0volvieron a mostrar signo negativo, al tiempo que las expectativas inmediatas no mejoraron. As\u00ed lo revela la m\u00e1s reciente encuesta de\u00a0opini\u00f3n comercial\u00a0divulgada en el bolet\u00edn mensual de\u00a0Fenalco. El presidente de la agremiaci\u00f3n,\u00a0Jaime Alberto Cabal\u00a0manifest\u00f3 su preocupaci\u00f3n por la persistencia del mal desempe\u00f1o del\u00a0comercio\u00a0en\u00a0abril. \u201cEl 81% de los consultados report\u00f3 descenso o\u00a0ventas\u00a0iguales frente a<\/p>\n","protected":false},"author":1,"featured_media":12174,"comment_status":"closed","ping_status":"closed","sticky":false,"template":"","format":"standard","meta":{"footnotes":""},"categories":[342,181],"tags":[],"class_list":["post-12277","post","type-post","status-publish","format-standard","has-post-thumbnail","hentry","category-news","category-noticias"],"views":36,"_links":{"self":[{"href":"https:\/\/www.amchambaq.com\/es_co\/wp-json\/wp\/v2\/posts\/12277","targetHints":{"allow":["GET"]}}],"collection":[{"href":"https:\/\/www.amchambaq.com\/es_co\/wp-json\/wp\/v2\/posts"}],"about":[{"href":"https:\/\/www.amchambaq.com\/es_co\/wp-json\/wp\/v2\/types\/post"}],"author":[{"embeddable":true,"href":"https:\/\/www.amchambaq.com\/es_co\/wp-json\/wp\/v2\/users\/1"}],"replies":[{"embeddable":true,"href":"https:\/\/www.amchambaq.com\/es_co\/wp-json\/wp\/v2\/comments?post=12277"}],"version-history":[{"count":1,"href":"https:\/\/www.amchambaq.com\/es_co\/wp-json\/wp\/v2\/posts\/12277\/revisions"}],"predecessor-version":[{"id":12278,"href":"https:\/\/www.amchambaq.com\/es_co\/wp-json\/wp\/v2\/posts\/12277\/revisions\/12278"}],"wp:featuredmedia":[{"embeddable":true,"href":"https:\/\/www.amchambaq.com\/es_co\/wp-json\/wp\/v2\/media\/12174"}],"wp:attachment":[{"href":"https:\/\/www.amchambaq.com\/es_co\/wp-json\/wp\/v2\/media?parent=12277"}],"wp:term":[{"taxonomy":"category","embeddable":true,"href":"https:\/\/www.amchambaq.com\/es_co\/wp-json\/wp\/v2\/categories?post=12277"},{"taxonomy":"post_tag","embeddable":true,"href":"https:\/\/www.amchambaq.com\/es_co\/wp-json\/wp\/v2\/tags?post=12277"}],"curies":[{"name":"wp","href":"https:\/\/api.w.org\/{rel}","templated":true}]}}