{"id":12257,"date":"2024-05-07T09:03:14","date_gmt":"2024-05-07T14:03:14","guid":{"rendered":"https:\/\/www.amchambaq.com\/?p=12257"},"modified":"2024-05-07T09:03:14","modified_gmt":"2024-05-07T14:03:14","slug":"sanciones-de-ee-uu-a-empresarios-colombianos-por-facilitar-transporte-de-migrantes","status":"publish","type":"post","link":"https:\/\/www.amchambaq.com\/es_co\/sanciones-de-ee-uu-a-empresarios-colombianos-por-facilitar-transporte-de-migrantes\/","title":{"rendered":"Sanciones de EE. UU.  a empresarios colombianos por &#8216;facilitar transporte de migrantes&#8217;"},"content":{"rendered":"<p><b>El Gobierno de Estados Unidos <\/b>anunci\u00f3, este lunes 6 de mayo, que\u00a0<b>cancel\u00f3 los visados de varios empresarios colombianos por estar facilitando el transporte mar\u00edtimo de migrantes\u00a0<\/b>que buscan llegar de &#8220;<i>manera irregular<\/i>&#8221; hacia el pa\u00eds norteamericano.<\/p>\n<p>Washington no detall\u00f3 los nombres o la cantidad de personas afectadas por esta nueva medida, pero precis\u00f3 que los sancionados\u00a0<b>son due\u00f1os de\u00a0empresas\u00a0<\/b>que &#8220;<i>ofrecen transportes mar\u00edtimos que facilitan el movimiento irregular<\/i>&#8221; de personas en el continente.<\/p>\n<p><b>El portavoz del Departamento de Estado, Matthew Miller,\u00a0<\/b>se\u00f1al\u00f3 en un comunicado que las restricciones de los visados &#8220;<i>env\u00edan una se\u00f1al de que nadie debe aprovecharse de los migrantes en situaci\u00f3n vulnerable: ni los contrabandistas, ni las empresas privadas ni los funcionarios p\u00fablicos<\/i>&#8220;.<\/p>\n<p><b>El funcionario agreg\u00f3 que esta medida se engloba en los esfuerzos de EE. UU.,\u00a0<\/b>junto con pa\u00edses aliados en la regi\u00f3n,\u00a0<b>contra quienes explotan la migraci\u00f3n.<\/b><\/p>\n<p id=\"pnull-m200-3-201\" class=\"parrafo\" spellcheck=\"false\" data-lt-tmp-id=\"lt-729129\" data-gramm=\"false\"><b>Colombia es un importante pa\u00eds de paso en las nuevas rutas migratorias hacia EE. UU.,\u00a0<\/b>debido a su posici\u00f3n geogr\u00e1fica de puente entre sur y Centroam\u00e9rica y a que no exige visado a varias nacionalidades.<\/p>\n<div id=\"pnull-m267-3-268\" class=\"captioned-image\">En el \u00faltimo a\u00f1o,\u00a0<b>se ha popularizado una ruta a trav\u00e9s de la isla de San Andr\u00e9s,<\/b>\u00a0que es parte del territorio colombiano y est\u00e1 cerca a las costas de Nicaragua.<\/div>\n<div>En lanchas o embarcaciones clandestinas desde el archipi\u00e9lago hasta el pa\u00eds centroamericano, los migrantes consiguen<b>\u00a0evitar la peligrosa selva del Dari\u00e9n, que divide Colombia de Panam\u00e1.<\/b><\/p>\n<p>Este trayecto a trav\u00e9s del mar Caribe ha puesto a cientos de migrantes en riesgo y, de acuerdo con cifras de la Procuradur\u00eda colombiana,<b>\u00a0en 2023 se registraron m\u00e1s de 100 naufragios de personas de diferentes nacionalidades.<\/b><\/div>\n","protected":false},"excerpt":{"rendered":"<p>El Gobierno de Estados Unidos anunci\u00f3, este lunes 6 de mayo, que\u00a0cancel\u00f3 los visados de varios empresarios colombianos por estar facilitando el transporte mar\u00edtimo de migrantes\u00a0que buscan llegar de &#8220;manera irregular&#8221; hacia el pa\u00eds norteamericano. Washington no detall\u00f3 los nombres o la cantidad de personas afectadas por esta nueva medida, pero precis\u00f3 que los sancionados\u00a0son<\/p>\n","protected":false},"author":1,"featured_media":12258,"comment_status":"closed","ping_status":"closed","sticky":false,"template":"","format":"standard","meta":{"footnotes":""},"categories":[342,181],"tags":[],"class_list":["post-12257","post","type-post","status-publish","format-standard","has-post-thumbnail","hentry","category-news","category-noticias"],"views":38,"_links":{"self":[{"href":"https:\/\/www.amchambaq.com\/es_co\/wp-json\/wp\/v2\/posts\/12257","targetHints":{"allow":["GET"]}}],"collection":[{"href":"https:\/\/www.amchambaq.com\/es_co\/wp-json\/wp\/v2\/posts"}],"about":[{"href":"https:\/\/www.amchambaq.com\/es_co\/wp-json\/wp\/v2\/types\/post"}],"author":[{"embeddable":true,"href":"https:\/\/www.amchambaq.com\/es_co\/wp-json\/wp\/v2\/users\/1"}],"replies":[{"embeddable":true,"href":"https:\/\/www.amchambaq.com\/es_co\/wp-json\/wp\/v2\/comments?post=12257"}],"version-history":[{"count":1,"href":"https:\/\/www.amchambaq.com\/es_co\/wp-json\/wp\/v2\/posts\/12257\/revisions"}],"predecessor-version":[{"id":12259,"href":"https:\/\/www.amchambaq.com\/es_co\/wp-json\/wp\/v2\/posts\/12257\/revisions\/12259"}],"wp:featuredmedia":[{"embeddable":true,"href":"https:\/\/www.amchambaq.com\/es_co\/wp-json\/wp\/v2\/media\/12258"}],"wp:attachment":[{"href":"https:\/\/www.amchambaq.com\/es_co\/wp-json\/wp\/v2\/media?parent=12257"}],"wp:term":[{"taxonomy":"category","embeddable":true,"href":"https:\/\/www.amchambaq.com\/es_co\/wp-json\/wp\/v2\/categories?post=12257"},{"taxonomy":"post_tag","embeddable":true,"href":"https:\/\/www.amchambaq.com\/es_co\/wp-json\/wp\/v2\/tags?post=12257"}],"curies":[{"name":"wp","href":"https:\/\/api.w.org\/{rel}","templated":true}]}}