{"id":12233,"date":"2024-05-06T08:26:32","date_gmt":"2024-05-06T13:26:32","guid":{"rendered":"https:\/\/www.amchambaq.com\/?p=12233"},"modified":"2024-05-06T08:26:32","modified_gmt":"2024-05-06T13:26:32","slug":"este-miercoles-se-abre-nuevo-tramo-de-la-gran-via-verano","status":"publish","type":"post","link":"https:\/\/www.amchambaq.com\/es_co\/este-miercoles-se-abre-nuevo-tramo-de-la-gran-via-verano\/","title":{"rendered":"Este mi\u00e9rcoles se abre nuevo tramo de la Gran V\u00eda: Verano"},"content":{"rendered":"<p>Los moradores del sector de\u00a0<strong>Villa Campestre<\/strong>\u00a0y la comunidad educativa del corredor universitario tendr\u00e1n a su servicio, desde este mi\u00e9rcoles, un nuevo tramo de la Gran V\u00eda.<\/p>\n<p>En total se entregar\u00e1n cerca de dos kil\u00f3metros pavimentados de v\u00eda, de los cuales, 1.200 metros lineales corresponden a la\u00a0<strong>primera fase o Unidad Funcional 1<\/strong>, que incluye el primer deprimido, y que va desde la Circunvalar hasta la Universidad del Norte. Adicionalmente, se habilitar\u00e1n cerca de 800 metros de la Unidad Funcional 2, es decir, hasta la entrada a Villa Campestre.<\/p>\n<p>El anuncio de la habilitaci\u00f3n de este tramo lo hizo el gobernador del Atl\u00e1ntico,\u00a0<strong>Eduardo Verano<\/strong>,\u00a0 durante un recorrido de inspecci\u00f3n de los trabajos que realiz\u00f3 con los representantes de los dos consorcios encargados de la obra.<\/p>\n<p>El mandatario afirm\u00f3 que esta\u00a0 obra, incluyendo las dos unidades funcionales, tiene un avance del\u00a0<strong>75 %<\/strong>.<\/p>\n<p>Adem\u00e1s, confirm\u00f3 que la entrega se dar\u00e1 en dos tiempos: \u201cEl primer tiempo ser\u00e1 en julio; mientras que el segundo tiempo, en diciembre. Estamos vigilando y chequeando porque adem\u00e1s de eso estamos probando hasta la vegetaci\u00f3n para que sea una obra amigable con el ambiente\u201d, expres\u00f3 el gobernador.<\/p>\n<p>En este sentido, el mandatario departamental destac\u00f3 que con esta apertura se aliviar\u00e1n las dificultades que en materia de movilidad tiene la comunidad educativa y los residentes de este sector. \u201cCon el funcionamiento de la primera etapa de esta gran v\u00eda le va dar una\u00a0<strong>gran conectividad a todo el sistema universitario<\/strong>, a los colegios, m\u00e1s de 14 instituciones, por lo menos\u00a0<strong>200.000 j\u00f3venes<\/strong>\u00a0transitan por ac\u00e1 con todas las dificultades en materia de movilidad, ahora van a tener una v\u00eda generosamente elaborada, construida\u201d.<\/p>\n<p>Tambi\u00e9n resalt\u00f3 que esta obra fue construida pensando en el futuro. Asegur\u00f3 que no tendr\u00e1 limitaciones en materia de crecimiento econ\u00f3mico y urban\u00edstico porque quedar\u00e1 lista para que se pueda conectar agua, alcantarillado, v\u00edas internas de las mismas universidades. \u201cTodo est\u00e1 previsto y yo creo que ha sido un excelente dise\u00f1o, yo creo que una muy importante ejecuci\u00f3n\u201d.<\/p>\n<div class=\"field-item even\">\n<div class=\"content-titulo\">\n<div class=\"titulo\">Mejora en la movilidad<\/div>\n<\/div>\n<\/div>\n<div class=\"field-item odd\">\n<div class=\"entity entity-paragraphs-item paragraphs-item-descripcion\">\n<div class=\"content\">\n<div class=\"field field-name-field-descripcion field-type-text-long field-label-hidden\">\n<div class=\"field-items\">\n<div class=\"field-item even\">\n<p>El secretario de Infraestructura del Atl\u00e1ntico,\u00a0<strong>Azael Charris<\/strong>, explic\u00f3 que la entrega de este tramo va a mejorar ostensiblemente la movilidad. \u201cEstamos habilitando casi dos kil\u00f3metros de v\u00eda que van desde la Circunvalar hasta la entrada de Las Dunas, un poco antes de Le Champ. Esto va a permitir que mejore mucho el tr\u00e1nsito, tanto de los peatones como de los veh\u00edculos, que sea de una manera segura y continua\u201d.<\/p>\n<p>Con respecto al impacto ambiental destac\u00f3 que la obra le ha dado mucha importancia a la\u00a0<strong>vegetaci\u00f3n en el separador central de esta v\u00eda<\/strong>, al igual que las zonas laterales. \u201cEl proyecto ser\u00e1 amigable con el medio ambiente\u201d.<\/p>\n<div class=\"field-item odd\">\n<div class=\"entity entity-paragraphs-item paragraphs-item-descripcion\">\n<div class=\"content\">\n<div class=\"field field-name-field-descripcion field-type-text-long field-label-hidden\">\n<div class=\"field-items\">\n<div class=\"field-item even\">\n<p>Explic\u00f3 que est\u00e1n ensayando con diferentes especies de\u00a0<strong>arbustos<\/strong>\u00a0con el fin de ver cu\u00e1l de esas se adapta mejor y poder utilizarla. \u201cDe seguro que va a ser una v\u00eda muy bonita y va a ser muy amigable con el medio ambiente\u201d, reiter\u00f3.<\/p>\n<\/div>\n<\/div>\n<\/div>\n<\/div>\n<\/div>\n<\/div>\n<div class=\"field-item even\">\n<div class=\"shares\"><\/div>\n<div class=\"content-titulo\">\n<div class=\"titulo\">Qu\u00e9 dice la comunidad<\/div>\n<\/div>\n<\/div>\n<div class=\"field-item odd\">\n<div class=\"entity entity-paragraphs-item paragraphs-item-descripcion\">\n<div class=\"content\">\n<div class=\"field field-name-field-descripcion field-type-text-long field-label-hidden\">\n<div class=\"field-items\">\n<div class=\"field-item even\">\n<p>Sin duda los m\u00e1s contentos con la apertura de este tramo es la comunidad. Jes\u00fas Morron, residente del barrio Villa Campestre, asegur\u00f3 que es una muy buena noticia porque esto descongestionar\u00e1 las v\u00edas internas de este importante sector.<\/p>\n<p>Por su parte, el l\u00edder comunitario Miller Cort\u00e9s agradeci\u00f3 al gobernador por la obra y sobre todo porque ya empezaron a habilitar algunos tramos. \u201cVemos que los trabajos van a buen ritmo y yo s\u00e9 que la comunidad le va a agradecer todo esto que est\u00e1 haciendo con nuestro corredor universitario\u201d, indic\u00f3.<\/p>\n<\/div>\n<\/div>\n<\/div>\n<\/div>\n<\/div>\n<\/div>\n<div class=\"field-item even\">\n<div class=\"shares\"><\/div>\n<div class=\"content-titulo\">\n<div class=\"titulo\">Detalles de la obra<\/div>\n<\/div>\n<\/div>\n<div class=\"field-item odd\">\n<div class=\"entity entity-paragraphs-item paragraphs-item-descripcion\">\n<div class=\"content\">\n<div class=\"field field-name-field-descripcion field-type-text-long field-label-hidden\">\n<div class=\"field-items\">\n<div class=\"field-item even\">\n<p>El proyecto est\u00e1 dividido en dos unidades funcionales. La primera unidad consta de\u00a0<strong>1.2 kil\u00f3metros a cargo del Consorcio Vial Barranquilla<\/strong>\u00a0con la interventor\u00eda de Inv\u00edas.<\/p>\n<p>La segunda unidad comprende 2,37 kil\u00f3metros\u00a0 a cargo del Consorcio Corredor Vial UND F2.<\/p>\n<div class=\"field-item odd\">\n<div class=\"entity entity-paragraphs-item paragraphs-item-descripcion\">\n<div class=\"content\">\n<div class=\"field field-name-field-descripcion field-type-text-long field-label-hidden\">\n<div class=\"field-items\">\n<div class=\"field-item even\">\n<p>En total la obra consta de 3.5 kil\u00f3metros con una inversi\u00f3n de cerca de<strong>\u00a0208 millones de pesos<\/strong>, se espera que se entregu\u00e9 en su totalidad a finales del 2024.<\/p>\n<\/div>\n<\/div>\n<\/div>\n<\/div>\n<\/div>\n<\/div>\n<div class=\"field-item even\">\n<div class=\"shares\"><\/div>\n<div class=\"content-titulo\">\n<div class=\"titulo\">Muelle 1888 est\u00e1 listo para entregarlo pronto<\/div>\n<\/div>\n<\/div>\n<div class=\"field-item odd\">\n<div class=\"entity entity-paragraphs-item paragraphs-item-descripcion\">\n<div class=\"content\">\n<div class=\"field field-name-field-descripcion field-type-text-long field-label-hidden\">\n<div class=\"field-items\">\n<div class=\"field-item even\">\n<p>El gobernador Eduardo Verano asegur\u00f3 que muy pronto iniciar\u00e1 actividades el centro gastron\u00f3mico Muelle 1888 en el municipio de Puerto Colombia.<\/p>\n<p>Con respecto a la fecha de entrega, se\u00f1al\u00f3 que de parte de su\u00a0<strong>administraci\u00f3n<\/strong>\u00a0est\u00e1 todo listo. La espera ha sido por parte de los due\u00f1os de los restaurantes que est\u00e1n terminando de adecuar sus locales y quieren tener todo en \u00f3ptimas condiciones para iniciar. \u201cNos pidieron un poco m\u00e1s de un mes para que ellos tengan tiempo de terminar sus adecuaciones\u201d.<\/p>\n<p>Indic\u00f3 que ahora la lucha es por buscar parqueaderos para los visitantes, \u201cAhora lo que estamos es luchando para buscar un sitio para parqueaderos. Tenemos un lugar para poderlo comprar y adecuar, pero all\u00ed hay una parte de playa con parqueadero para<strong>\u00a0120 personas<\/strong>\u201d.<\/p>\n<\/div>\n<\/div>\n<\/div>\n<\/div>\n<\/div>\n<\/div>\n<div class=\"field-item even\">\n<div class=\"content-imagen\">\n<div class=\"image\" data-bg-desk=\"https:\/\/www.elheraldo.co\/sites\/default\/files\/styles\/width_1180\/public\/articulo\/2024\/05\/05\/whatsapp_image_2024-05-05_at_10.17.49_pm_0.jpeg?itok=q9f6nXv9\" data-bg-mob=\"https:\/\/www.elheraldo.co\/sites\/default\/files\/styles\/414x780\/public\/articulo\/2024\/05\/05\/whatsapp_image_2024-05-05_at_10.17.49_pm_0.jpeg?itok=EzIkqvu7\"><picture><source srcset=\"https:\/\/www.elheraldo.co\/sites\/default\/files\/styles\/width_820\/public\/articulo\/2024\/05\/05\/whatsapp_image_2024-05-05_at_10.17.49_pm_0.jpeg?itok=9Bhm2jn1\" media=\"(min-width: 1180px)\" \/><source srcset=\"https:\/\/www.elheraldo.co\/sites\/default\/files\/styles\/width_768\/public\/articulo\/2024\/05\/05\/whatsapp_image_2024-05-05_at_10.17.49_pm_0.jpeg?itok=dbIDx9Ue\" media=\"(min-width: 768px)\" \/><source srcset=\"https:\/\/www.elheraldo.co\/sites\/default\/files\/styles\/width_414\/public\/articulo\/2024\/05\/05\/whatsapp_image_2024-05-05_at_10.17.49_pm_0.jpeg?itok=nuzV81ME\" media=\"(max-width: 767px)\" \/><\/picture><\/div>\n<div data-bg-desk=\"https:\/\/www.elheraldo.co\/sites\/default\/files\/styles\/width_1180\/public\/articulo\/2024\/05\/05\/whatsapp_image_2024-05-05_at_10.17.49_pm_0.jpeg?itok=q9f6nXv9\" data-bg-mob=\"https:\/\/www.elheraldo.co\/sites\/default\/files\/styles\/414x780\/public\/articulo\/2024\/05\/05\/whatsapp_image_2024-05-05_at_10.17.49_pm_0.jpeg?itok=EzIkqvu7\">Tomado de: EL HERALDO<\/div>\n<\/div>\n<\/div>\n<\/div>\n<\/div>\n<\/div>\n<\/div>\n<\/div>\n<\/div>\n<\/div>\n<\/div>\n<\/div>\n<\/div>\n<\/div>\n<\/div>\n","protected":false},"excerpt":{"rendered":"<p>Los moradores del sector de\u00a0Villa Campestre\u00a0y la comunidad educativa del corredor universitario tendr\u00e1n a su servicio, desde este mi\u00e9rcoles, un nuevo tramo de la Gran V\u00eda. En total se entregar\u00e1n cerca de dos kil\u00f3metros pavimentados de v\u00eda, de los cuales, 1.200 metros lineales corresponden a la\u00a0primera fase o Unidad Funcional 1, que incluye el primer<\/p>\n","protected":false},"author":1,"featured_media":12234,"comment_status":"closed","ping_status":"closed","sticky":false,"template":"","format":"standard","meta":{"footnotes":""},"categories":[342,181],"tags":[],"class_list":["post-12233","post","type-post","status-publish","format-standard","has-post-thumbnail","hentry","category-news","category-noticias"],"views":33,"_links":{"self":[{"href":"https:\/\/www.amchambaq.com\/es_co\/wp-json\/wp\/v2\/posts\/12233","targetHints":{"allow":["GET"]}}],"collection":[{"href":"https:\/\/www.amchambaq.com\/es_co\/wp-json\/wp\/v2\/posts"}],"about":[{"href":"https:\/\/www.amchambaq.com\/es_co\/wp-json\/wp\/v2\/types\/post"}],"author":[{"embeddable":true,"href":"https:\/\/www.amchambaq.com\/es_co\/wp-json\/wp\/v2\/users\/1"}],"replies":[{"embeddable":true,"href":"https:\/\/www.amchambaq.com\/es_co\/wp-json\/wp\/v2\/comments?post=12233"}],"version-history":[{"count":1,"href":"https:\/\/www.amchambaq.com\/es_co\/wp-json\/wp\/v2\/posts\/12233\/revisions"}],"predecessor-version":[{"id":12235,"href":"https:\/\/www.amchambaq.com\/es_co\/wp-json\/wp\/v2\/posts\/12233\/revisions\/12235"}],"wp:featuredmedia":[{"embeddable":true,"href":"https:\/\/www.amchambaq.com\/es_co\/wp-json\/wp\/v2\/media\/12234"}],"wp:attachment":[{"href":"https:\/\/www.amchambaq.com\/es_co\/wp-json\/wp\/v2\/media?parent=12233"}],"wp:term":[{"taxonomy":"category","embeddable":true,"href":"https:\/\/www.amchambaq.com\/es_co\/wp-json\/wp\/v2\/categories?post=12233"},{"taxonomy":"post_tag","embeddable":true,"href":"https:\/\/www.amchambaq.com\/es_co\/wp-json\/wp\/v2\/tags?post=12233"}],"curies":[{"name":"wp","href":"https:\/\/api.w.org\/{rel}","templated":true}]}}