{"id":12181,"date":"2024-04-24T16:59:46","date_gmt":"2024-04-24T21:59:46","guid":{"rendered":"https:\/\/www.amchambaq.com\/?p=12181"},"modified":"2024-04-24T16:59:46","modified_gmt":"2024-04-24T21:59:46","slug":"ocupacion-hotelera-en-semana-santa-en-2024-subio-frente-a-2023-cotelco","status":"publish","type":"post","link":"https:\/\/www.amchambaq.com\/es_co\/ocupacion-hotelera-en-semana-santa-en-2024-subio-frente-a-2023-cotelco\/","title":{"rendered":"Ocupaci\u00f3n hotelera en Semana Santa en 2024 subi\u00f3 frente a 2023: Cotelco"},"content":{"rendered":"<p>De acuerdo con el\u00a0<strong>Sistema de Informaci\u00f3n Hotelero (SIH)<\/strong>\u00a0de\u00a0<strong>Cotelco<\/strong>, aunque el resultado de ocupaci\u00f3n hotelera de\u00a0<strong>Semana Santa\u00a0<\/strong>present\u00f3 una ligera mejor\u00eda con respecto a 2023, el resultado no alcanz\u00f3 los niveles registrados en 2022, el cual fue el a\u00f1o con la mejor tasa de ocupaci\u00f3n en 7 a\u00f1os.<\/p>\n<p>La\u00a0<strong>ocupaci\u00f3n hotelera\u00a0<\/strong>de esta semana, que se llev\u00f3 a cabo del 23 al 30 de marzo, se situ\u00f3 en 55,02%, lo que refleja un incremento de 1,5 puntos porcentuales con respecto a 2023, pero una disminuci\u00f3n de 6,09 puntos porcentuales a comparaci\u00f3n de 2022, ubic\u00e1ndose en el l\u00edmite inferior m\u00e1s bajo proyectado, teniendo en cuenta que se estim\u00f3 un rango entre 55,21 % y 60,35 %.<\/p>\n<p>El incremento de\u00a0<strong>ocupaci\u00f3n\u00a0<\/strong>de 1,5 puntos porcentuales se debe, en buena parte, al\u00a0<strong>puente\u00a0<\/strong>festivo y a la baja demanda de los meses previos por parte de los\u00a0<strong>hogares colombianos\u00a0<\/strong>que esperaban esta temporada de\u00a0<strong>Semana Santa<\/strong>, entre otras.<\/p>\n<p>Aunque la mirada puntual sobre Semana Santa es positiva, no compensa el comportamiento de ocupaci\u00f3n de los primeros meses del a\u00f1o. Las cifras del primer trimestre de 2024 registran ca\u00eddas que se evidencian desde\u00a0<strong>Cotelco\u00a0<\/strong>y desde la\u00a0<strong>Encuesta Mensual de Alojamiento (EMA) del DANE<\/strong>. Seg\u00fan la\u00a0<strong>EMA<\/strong>, entre\u00a0<strong>enero\u00a0<\/strong>y\u00a0<strong>febrero\u00a0<\/strong>de 2024, frente a los mismos meses de 2023, se evidenci\u00f3 una ca\u00edda de 3,3 puntos porcentuales.<\/p>\n<p>El SIH tambi\u00e9n reporta que, de enero a marzo, la ca\u00edda fue de 4,4 puntos porcentuales.<\/p>\n<p>De acuerdo con\u00a0<strong>Jos\u00e9 Andr\u00e9s Duarte, presidente ejecutivo de Cotelco<\/strong>, \u201cno hemos visto la reactivaci\u00f3n del sector esperada, la cual est\u00e1 atada a la contracci\u00f3n en el\u00a0<strong>consumo\u00a0<\/strong>por parte de los\u00a0<strong>hogares colombianos<\/strong>; y se suman los efectos del\u00a0<strong>IVA\u00a0<\/strong>y la competencia de otros jugadores del mercado que impactan las regiones en t\u00e9rminos de gentrificaci\u00f3n, seguridad, formalidad y\u00a0<strong>confianza<\/strong>. Seguimos con una preocupaci\u00f3n grande que necesitamos abordar de la mano del\u00a0<strong>Gobierno<\/strong>. Buscamos que el sector responda a una expectativa de crecimiento que no vemos\u201d.<\/p>\n<p>Tomado de: EL HERALDO<\/p>\n","protected":false},"excerpt":{"rendered":"<p>De acuerdo con el\u00a0Sistema de Informaci\u00f3n Hotelero (SIH)\u00a0de\u00a0Cotelco, aunque el resultado de ocupaci\u00f3n hotelera de\u00a0Semana Santa\u00a0present\u00f3 una ligera mejor\u00eda con respecto a 2023, el resultado no alcanz\u00f3 los niveles registrados en 2022, el cual fue el a\u00f1o con la mejor tasa de ocupaci\u00f3n en 7 a\u00f1os. La\u00a0ocupaci\u00f3n hotelera\u00a0de esta semana, que se llev\u00f3 a cabo<\/p>\n","protected":false},"author":1,"featured_media":12182,"comment_status":"closed","ping_status":"closed","sticky":false,"template":"","format":"standard","meta":{"footnotes":""},"categories":[342,181],"tags":[],"class_list":["post-12181","post","type-post","status-publish","format-standard","has-post-thumbnail","hentry","category-news","category-noticias"],"views":91,"_links":{"self":[{"href":"https:\/\/www.amchambaq.com\/es_co\/wp-json\/wp\/v2\/posts\/12181","targetHints":{"allow":["GET"]}}],"collection":[{"href":"https:\/\/www.amchambaq.com\/es_co\/wp-json\/wp\/v2\/posts"}],"about":[{"href":"https:\/\/www.amchambaq.com\/es_co\/wp-json\/wp\/v2\/types\/post"}],"author":[{"embeddable":true,"href":"https:\/\/www.amchambaq.com\/es_co\/wp-json\/wp\/v2\/users\/1"}],"replies":[{"embeddable":true,"href":"https:\/\/www.amchambaq.com\/es_co\/wp-json\/wp\/v2\/comments?post=12181"}],"version-history":[{"count":1,"href":"https:\/\/www.amchambaq.com\/es_co\/wp-json\/wp\/v2\/posts\/12181\/revisions"}],"predecessor-version":[{"id":12183,"href":"https:\/\/www.amchambaq.com\/es_co\/wp-json\/wp\/v2\/posts\/12181\/revisions\/12183"}],"wp:featuredmedia":[{"embeddable":true,"href":"https:\/\/www.amchambaq.com\/es_co\/wp-json\/wp\/v2\/media\/12182"}],"wp:attachment":[{"href":"https:\/\/www.amchambaq.com\/es_co\/wp-json\/wp\/v2\/media?parent=12181"}],"wp:term":[{"taxonomy":"category","embeddable":true,"href":"https:\/\/www.amchambaq.com\/es_co\/wp-json\/wp\/v2\/categories?post=12181"},{"taxonomy":"post_tag","embeddable":true,"href":"https:\/\/www.amchambaq.com\/es_co\/wp-json\/wp\/v2\/tags?post=12181"}],"curies":[{"name":"wp","href":"https:\/\/api.w.org\/{rel}","templated":true}]}}