{"id":12173,"date":"2024-04-23T08:20:01","date_gmt":"2024-04-23T13:20:01","guid":{"rendered":"https:\/\/www.amchambaq.com\/?p=12173"},"modified":"2024-04-23T08:20:01","modified_gmt":"2024-04-23T13:20:01","slug":"gremios-del-atlantico-evaluan-el-impacto-de-un-posible-apagon","status":"publish","type":"post","link":"https:\/\/www.amchambaq.com\/es_co\/gremios-del-atlantico-evaluan-el-impacto-de-un-posible-apagon\/","title":{"rendered":"Gremios del Atl\u00e1ntico eval\u00faan el impacto de un posible apag\u00f3n"},"content":{"rendered":"<p>La energ\u00eda se convirti\u00f3 en ese servicio esencial y casi que de primera necesidad para el desarrollo social y econ\u00f3mico de un territorio. Los impactos, para el caso del sector productivo, ser\u00edan abismales si se llegase a tener un corto prolongado en el suministro o los llamados<strong>\u00a0racionamientos.<\/strong><\/p>\n<p>As\u00ed lo han referido los distintos gremios en el Atl\u00e1ntico, quienes\u00a0 adem\u00e1s de expresar su malestar por las medidas tard\u00edas del Gobierno nacional frente a la situaci\u00f3n, manifestaron las afectaciones que podr\u00eda tener el tejido empresarial del departamento con el\u00a0<strong>posible apag\u00f3n.<\/strong><\/p>\n<p><strong>Efra\u00edn Cepeda<\/strong>, presidente Ejecutivo del Comit\u00e9 Intergremial del Atl\u00e1ntico, sostuvo que los racionamientos de energ\u00eda rompen los ciclos de producci\u00f3n de las empresas, lo que causa afectaci\u00f3n en sus niveles de eficiencia, incrementa sus costos de operaci\u00f3n, impacta los tiempos de cumplimiento de los compromisos con los clientes, y por ende \u2013dijo\u2013 reduce su rentabilidad.<\/p>\n<p>Manifest\u00f3 que para el caso del sector del comercio y de servicios como restaurantes, en muchos de los casos, se ven obligados al cierre de establecimientos y por consiguiente a una baja en sus ventas y rentabilidad. Y en una econom\u00eda digital, precis\u00f3 que se suspenden los canales de comunicaci\u00f3n b\u00e1sicos para la operaci\u00f3n de sectores como el BPO.<\/p>\n<p>\u201cPara mitigar el fuerte impacto de esta situaci\u00f3n se pueden comprar plantas de generaci\u00f3n de energ\u00eda, pero ello implica costos en esos equipos y en compra de combustible para que funcionen, aumentando los niveles de contaminaci\u00f3n del aire y de ruido. Y sabemos que cualquier incremento en costos lleva a alzas en los precios de los productos y servicios, aumentando la inflaci\u00f3n y afectando la econom\u00eda de hogares y empresas\u201d, se\u00f1al\u00f3.<\/p>\n<p>Por su parte,\u00a0<strong>Diana Cantillo,\u00a0<\/strong>directora Ejecutiva de la Corporaci\u00f3n Empresarial del Oriente del Atl\u00e1ntico (CEO), indic\u00f3 que para el sector un apag\u00f3n significar\u00eda detener los procesos de producci\u00f3n, lo que \u201cresta competitividad\u201d como regi\u00f3n y pa\u00eds.<\/p>\n<p>\u201cSer\u00eda una p\u00e9rdida de confianza en nuestro territorio por parte de las empresas extranjeras. Adicionalmente, un apag\u00f3n para las empresas de sectores como de alimentos y bebidas, retail y salud, podr\u00eda resultar en p\u00e9rdida de productos perecederos o interrumpir cadenas de fr\u00edo para medicamentos en hospitales, limitar la atenci\u00f3n al p\u00fablico, lo cual se convierte en<strong>\u00a0p\u00e9rdidas financieras importantes\u201d<\/strong>, argument\u00f3.<\/p>\n<p>Expuso el panorama del mercado energ\u00e9tico y la necesidad de contar con respaldo de nuevas fuentes de energ\u00eda para evitar tener estas crisis de suministro y simult\u00e1neamente impactos a gran escala en el sector productivo del pa\u00eds y el departamento.<\/p>\n<p>\u201cHoy nuestras t\u00e9rmicas est\u00e1n trabajando a toda marcha para evitar un apag\u00f3n,\u00a0<strong>est\u00e1n atendiendo el 30 % de la demanda de energ\u00eda del pa\u00eds.<\/strong>\u00a0De acuerdo con datos de TEBSA, el martes 17 de abril se entregaron 110 gigavatios hora de energ\u00eda, valor muy por encima de lo generado por las hidroel\u00e9ctricas. La importancia de las t\u00e9rmicas es que son energ\u00eda en firme y demuestran que el gas natural es el combustible de la transici\u00f3n\u201d, se\u00f1al\u00f3.<\/p>\n<p>En cuanto a las energ\u00edas renovables, sostuvo que de acuerdo con datos de XM de los 1.8 gigavatios nuevos que se esperaban en el 2021 solo ingres\u00f3 el 7 %; para el 2022 solo fue el 28 % del total esperado (3,6 gigavatios) y en 2023 la cifra baja tambi\u00e9n significativamente por cuanto de los 6,6 gigavatios que se esperaban solo ingres\u00f3 el 17 % (1,1 gigavatios).<\/p>\n<p>\u201cEsto quiere decir que muchos proyectos que hoy deber\u00edan estar funcionando tambi\u00e9n como como complemento y respaldo, no est\u00e1n listos\u201d, anot\u00f3 la l\u00edder gremial, quien agreg\u00f3 que desde el\u00a0 sector productivo en el Oriente del Atl\u00e1ntico se han adelantado\u00a0<strong>proyectos de eficiencia energ\u00e9tica,<\/strong>\u00a0gran parte de estos fotovoltaicos, que derivan en ahorros en su consumo y les permita funcionamiento en situaciones de crisis como la que actualmente enfrenta el pa\u00eds.<\/p>\n<div class=\"field-item odd\">\n<div class=\"content-titulo\">\n<div class=\"titulo\">Las mypimes<\/div>\n<\/div>\n<\/div>\n<div class=\"field-item even\">\n<div class=\"entity entity-paragraphs-item paragraphs-item-descripcion\">\n<div class=\"content\">\n<div class=\"field field-name-field-descripcion field-type-text-long field-label-hidden\">\n<div class=\"field-items\">\n<div class=\"field-item even\">\n<p><strong>C\u00e9sar Uparela, directivo de Acopi,<\/strong>\u00a0manifest\u00f3 que los racionamientos afectan de manera muy fuerte a las mypimes que representan el 99 % del tejido empresarial del pa\u00eds, debido a que ninguna posee fuentes de generaci\u00f3n de energ\u00eda como s\u00ed lo tienen las grandes empresas.<\/p>\n<p>Indic\u00f3 que esas implicaciones negativas se sumar\u00edan a la cadena de infortunios que viene atravesando desde hace un a\u00f1o las empresas manufactureras con una baja significativa de su producci\u00f3n.<\/p>\n<p>\u201cEn 11 meses consecutivos,\u00a0<strong>el \u00edndice de productividad es negativo<\/strong>\u00a0y como quiera que la energ\u00eda es uno de los insumos fundamentales para toda unidad productiva naturalmente esto va a conllevar a una mayor preocupaci\u00f3n y afectaci\u00f3n de lo que ya tenemos en este momento\u201d, dijo Uparela, quien cuestion\u00f3 la respuesta tard\u00eda del Gobierno nacional frente al fen\u00f3meno de El Ni\u00f1o y sus impactos, muy a pesar que fueron advertidos hace mucho tiempo por las organizaciones y gremios conocedores del tema.<\/p>\n<p>Precis\u00f3 que desde la agremiaci\u00f3n se vienen estudiando alternativas para mitigar las afectaciones que se est\u00e1n teniendo por cuenta de este fen\u00f3meno de variabilidad clim\u00e1tica y as\u00ed poder espantar los \u201cfantasmas\u201d de un posible apag\u00f3n.<\/p>\n<div class=\"field-item even\">\n<div class=\"entity entity-paragraphs-item paragraphs-item-descripcion\">\n<div class=\"content\">\n<div class=\"field field-name-field-descripcion field-type-text-long field-label-hidden\">\n<div class=\"field-items\">\n<div class=\"field-item even\">\n<p>Sostuvo que\u00a0<strong>el ahorro de agua y energ\u00eda debe ser una pol\u00edtica a nivel nacional<\/strong>\u00a0de manera permanente y no por la coyuntura. Se mostr\u00f3 de acuerdo con que se implemente este ahorro en el consumo de ambos servicios y que el Gobierno nacional a su vez premie con alg\u00fan incentivo a quienes se contribuyan a ello y castigue a quienes sobrepasen los l\u00edmites de consumo establecidos.<\/p>\n<p>\u201cDe esa manera obligatoriamente conducen a las personas a que tengan la cultura del ahorro porque en estos momentos todos debemos colaborar, No es un problema solamente del Gobierno, sino\u00a0<strong>una problem\u00e1tica que ata\u00f1e a todos y a cada uno de los colombianos<\/strong>\u201d, afirm\u00f3.<\/p>\n<\/div>\n<\/div>\n<\/div>\n<\/div>\n<\/div>\n<\/div>\n<div class=\"field-item odd\">\n<div class=\"shares\"><\/div>\n<div class=\"content-titulo\">\n<div class=\"titulo\">Algunas medidas<\/div>\n<\/div>\n<\/div>\n<div class=\"field-item even\">\n<div class=\"entity entity-paragraphs-item paragraphs-item-descripcion\">\n<div class=\"content\">\n<div class=\"field field-name-field-descripcion field-type-text-long field-label-hidden\">\n<div class=\"field-items\">\n<div class=\"field-item even\">\n<p><strong>Yilda Castro,<\/strong>\u00a0directora Ejecutiva de<strong>\u00a0Fenalco Atl\u00e1ntic<\/strong>o, cont\u00f3 que las empresas afiliadas est\u00e1n implementando medidas para la disminuci\u00f3n del consumo de energ\u00eda en \u00e1reas que no se requieran para su funcionamiento.<\/p>\n<p>Entre las acciones est\u00e1 el apagar los aires acondicionados en zonas donde no est\u00e9n personas; reducci\u00f3n de la producci\u00f3n de pedidos no esenciales y desconexi\u00f3n de enchufes sin uso.<\/p>\n<p>\u201cHay zonas en donde ya sufren cortes de energ\u00eda con frecuencia y para ello se apoyan con plantas el\u00e9ctricas. En este sentido, frente a un posible apag\u00f3n las empresas que cuentan con plantas el\u00e9ctricas les han realizado mantenimientos para que est\u00e9n en \u00f3ptimas condiciones de uso\u201d, dijo.<\/p>\n<p>Precis\u00f3 que hay empresas que ya han implementado proyectos de paneles solares\u00a0 como respaldo y otras estudian la posibilidad de acogerse a esta iniciativa de las energ\u00edas renovables.<\/p>\n<p>\u201cLas empresas que ya sufren de cortes de energ\u00eda frecuentes y usan plantas el\u00e9ctricas\u00a0<strong>han tenido incrementos en los \u00faltimos a\u00f1os por concepto de ACPM hasta un 200 %,<\/strong>\u00a0seg\u00fan lo revel\u00f3 una de nuestras empresas afiliadas y en algunas ocasiones han sufrido da\u00f1os en equipos\u201d, expuso.<\/p>\n<p>Castro se\u00f1al\u00f3 que algunas empresas consideran que se pueden ver afectadas por el consumo adicional de combustible, mantenimiento de las plantas el\u00e9ctricas y ante un eventual aumento en la demanda estar en capacidad de atenderla por los racionamientos.<\/p>\n<p>\u201cUn posible racionamiento\u00a0<strong>podr\u00eda afectar en general la normal operaci\u00f3n de las empresas,<\/strong>\u00a0sus presupuestos y\u00a0 la debida atenci\u00f3n del cliente.\u00a0 Por ello, insistimos en la apropiaci\u00f3n de conductas que nos permitan el ahorro de energ\u00eda y agua, implementar procesos sostenibles que perduren en el tiempo y permitan mitigar el impacto del cambio clim\u00e1tico\u201d, anot\u00f3.<\/p>\n<p>Para Alberto Vives, gerente de la Andi en Atl\u00e1ntico y Magdalena, se debieron tomar acciones desde el d\u00eda uno en que fue advertida la incidencia del fen\u00f3meno de El Ni\u00f1o en el territorio para estar preparados y protegidos ante las afectaciones y no llegar a la situaci\u00f3n de crisis que actualmente se vive.<\/p>\n<p>Indic\u00f3 que para el Caribe, el sector energ\u00e9tico y particularmente el tema el\u00e9ctrico son de la mayor trascendencia no solamente frente a la tarifa, sino a la disponibilidad y precio por su impacto\u00a0<strong>directo a la competitividad como regi\u00f3n.<\/strong><\/p>\n<p>\u201cEl sector productivo est\u00e1 revisando sus plantas de respaldo (quienes tienen). Esto les permitir\u00e1 incluso participar en los programas de respuesta de la demanda que est\u00e1 dise\u00f1ando el Gobierno nacional y sobre el cual ya hay una propuesta de resoluci\u00f3n de la CREG. El impacto de un racionamiento es fuerte y por supuesto, esperamos no llegar al mismo\u201d, mencion\u00f3.<\/p>\n<p>Los expertos en temas energ\u00e9ticos consultados por\u00a0<a href=\"https:\/\/www.elheraldo.co\/\" target=\"_blank\" rel=\"nofollow noopener\"><strong>EL HERALDO<\/strong><\/a>\u00a0han coincidido que una de las acciones que se debe implementar en esta crisis por parte del Gobierno nacional es aquella que induzca a la cultura del ahorro a trav\u00e9s del uso de recompensas y castigos.<\/p>\n<p>\u201cEst\u00e1 para comentarios una resoluci\u00f3n de la CREG que incentiva a los consumidores para que ahorren energ\u00eda con una estrategia de zanahoria, con descuento en la factura, y garrote, cobrando una especie de penalizaci\u00f3n, con cuyo recaudo se cubrir\u00edan la bonificaci\u00f3n a los \u201cjuiciosos\u201d\u201d, explic\u00f3 Amylkar Acosta, exministro de energ\u00eda y consultor para temas energ\u00e9ticos.<\/p>\n<p>Acosta sostuvo que tambi\u00e9n se puede ahorrar \u2013en el caso de los hogares\u2013\u00a0 desconectando los electrodom\u00e9sticos cuando no est\u00e1n en uso, modulando la temperatura de los aires acondicionados y de artefactos de calefacci\u00f3n, seg\u00fan el caso.<\/p>\n<p>Adem\u00e1s, revisar las instalaciones internas en casas y apartamentos, que deben cumplir las normas Retie, evitando cortos e ineficiencias.\u00a0 Igualmente, dentro de lo posible recurrir a la instalaci\u00f3n de paneles solares en los techos de casas y edificios.<\/p>\n<p>Para\u00a0<strong>Camilo Prieto, profesor de Cambio Clim\u00e1tico de la Universidad Javeriana<\/strong>, mantener la temperatura de los aires acondicionados en 22 o m\u00e1s grados es clave para ahorrar energ\u00eda. El tema de la climatizaci\u00f3n es muy importante tenerla en cuenta en regiones como el Caribe y adem\u00e1s de brindar las condiciones para evitar la p\u00e9rdida r\u00e1pida de esa temperatura, manteniendo puertas y ventanas cerradas mientras est\u00e9 funcionando este sistema.<\/p>\n<p>\u201cValdr\u00eda la pena generar unas sanciones por altos consumos de energ\u00eda, es decir que el costo del kilovatio hora a partir de determinado consumo adquiera un costo diferente y quienes tengan bajos consumos premiarlas. Hay que tener est\u00edmulos y sanciones por el consumo de energ\u00eda, esto no es solo con pedagog\u00eda\u201d, agreg\u00f3.<\/p>\n<p>Tomado de: EL HERALDO<\/p>\n<p>&nbsp;<\/p>\n<\/div>\n<\/div>\n<\/div>\n<\/div>\n<\/div>\n<\/div>\n<\/div>\n<\/div>\n<\/div>\n<\/div>\n<\/div>\n<\/div>\n","protected":false},"excerpt":{"rendered":"<p>La energ\u00eda se convirti\u00f3 en ese servicio esencial y casi que de primera necesidad para el desarrollo social y econ\u00f3mico de un territorio. Los impactos, para el caso del sector productivo, ser\u00edan abismales si se llegase a tener un corto prolongado en el suministro o los llamados\u00a0racionamientos. As\u00ed lo han referido los distintos gremios en<\/p>\n","protected":false},"author":1,"featured_media":12174,"comment_status":"closed","ping_status":"closed","sticky":false,"template":"","format":"standard","meta":{"footnotes":""},"categories":[342,181],"tags":[],"class_list":["post-12173","post","type-post","status-publish","format-standard","has-post-thumbnail","hentry","category-news","category-noticias"],"views":40,"_links":{"self":[{"href":"https:\/\/www.amchambaq.com\/es_co\/wp-json\/wp\/v2\/posts\/12173","targetHints":{"allow":["GET"]}}],"collection":[{"href":"https:\/\/www.amchambaq.com\/es_co\/wp-json\/wp\/v2\/posts"}],"about":[{"href":"https:\/\/www.amchambaq.com\/es_co\/wp-json\/wp\/v2\/types\/post"}],"author":[{"embeddable":true,"href":"https:\/\/www.amchambaq.com\/es_co\/wp-json\/wp\/v2\/users\/1"}],"replies":[{"embeddable":true,"href":"https:\/\/www.amchambaq.com\/es_co\/wp-json\/wp\/v2\/comments?post=12173"}],"version-history":[{"count":1,"href":"https:\/\/www.amchambaq.com\/es_co\/wp-json\/wp\/v2\/posts\/12173\/revisions"}],"predecessor-version":[{"id":12175,"href":"https:\/\/www.amchambaq.com\/es_co\/wp-json\/wp\/v2\/posts\/12173\/revisions\/12175"}],"wp:featuredmedia":[{"embeddable":true,"href":"https:\/\/www.amchambaq.com\/es_co\/wp-json\/wp\/v2\/media\/12174"}],"wp:attachment":[{"href":"https:\/\/www.amchambaq.com\/es_co\/wp-json\/wp\/v2\/media?parent=12173"}],"wp:term":[{"taxonomy":"category","embeddable":true,"href":"https:\/\/www.amchambaq.com\/es_co\/wp-json\/wp\/v2\/categories?post=12173"},{"taxonomy":"post_tag","embeddable":true,"href":"https:\/\/www.amchambaq.com\/es_co\/wp-json\/wp\/v2\/tags?post=12173"}],"curies":[{"name":"wp","href":"https:\/\/api.w.org\/{rel}","templated":true}]}}