{"id":12160,"date":"2024-04-19T08:31:07","date_gmt":"2024-04-19T13:31:07","guid":{"rendered":"https:\/\/www.amchambaq.com\/?p=12160"},"modified":"2024-04-19T08:31:07","modified_gmt":"2024-04-19T13:31:07","slug":"capacitaran-a-1-500-jovenes-atlanticenses-en-competencias-tecnologicas","status":"publish","type":"post","link":"https:\/\/www.amchambaq.com\/es_co\/capacitaran-a-1-500-jovenes-atlanticenses-en-competencias-tecnologicas\/","title":{"rendered":"Capacitar\u00e1n a 1.500 j\u00f3venes atlanticenses en competencias tecnol\u00f3gicas"},"content":{"rendered":"<p>A trav\u00e9s de una iniciativa p\u00fablico-privada, la Gobernaci\u00f3n del Atl\u00e1ntico brindar\u00e1 capacitaciones de manera gratuita en competencias tecnol\u00f3gicas y digitales a los j\u00f3venes del departamento en los pr\u00f3ximos cuatro a\u00f1os.<\/p>\n<p>Como parte de esta alianza entre la administraci\u00f3n departamental, la academia Crack The Code y la Fundaci\u00f3n Promigas, se formar\u00e1 a 100 bachilleres de manera gratuita en la primera fase del proyecto.<\/p>\n<p>Posteriormente, se capacitar\u00e1 a 500 cada a\u00f1o para llegar a la\u00a0<strong>meta proyectada de 1.500 j\u00f3venes en<\/strong>\u00a0el territorio.<\/p>\n<p>El gobernador del Atl\u00e1ntico Eduardo Verano mencion\u00f3 que el conocimiento digital es clave en la era actual para la<strong>\u00a0formaci\u00f3n acad\u00e9mica de los j\u00f3venes.<\/strong><\/p>\n<p>\u201cEl objetivo es que los j\u00f3venes que participen desarrollen habilidades tecnol\u00f3gicas para que tengan las bases al llegar a estudiar una carrera t\u00e9cnica o profesional y puedan entrar al mercado laboral y ser contratados como asistentes tecnol\u00f3gicos en\u00a0<strong>empresas del departamento<\/strong>. Este sector tiene mucha demanda en Colombia y el mundo en la actualidad\u201d, indic\u00f3 el mandatario.<\/p>\n<p>Por su parte, Juan Carlos Restrepo, secretario TIC del departamento, explic\u00f3 que este programa de formaci\u00f3n con<strong>\u00a0enganche laboral\u00a0<\/strong>est\u00e1 dirigido a j\u00f3venes bachilleres que hayan intentado matricularse en un instituto t\u00e9cnico o tecnol\u00f3gico y que, por falta de capacidad de la instituci\u00f3n, no hayan podido acceder a un cupo para estudiar una carrera.<\/p>\n<p>\u201cCrack The Code ha venido trabajando con\u00a0<strong>estudiantes\u00a0<\/strong>desde primaria hasta bachillerato en varias regiones del pa\u00eds, pero es primera vez que modifican su programa y lo enfocan en j\u00f3venes que ya se graduaron de bachilleres y que est\u00e1n intentando acceder a estudios de educaci\u00f3n superior. Por ahora, este proyecto piloto se implementa en el departamento del Atl\u00e1ntico y en la ciudad de Manizales\u201d, recalc\u00f3.<\/p>\n<p>Dentro del convenio establecido la Gobernaci\u00f3n del Atl\u00e1ntico aportar\u00e1 el 50 % del costo del<strong>\u00a0programa<\/strong>, Crack The Code participa con la implementaci\u00f3n del programa y con un aporte del 20 % del valor de este y la Fundaci\u00f3n Promigas apoyar\u00e1 con el 30 % del costo del proyecto.<\/p>\n<p>Una vez los j\u00f3venes culminen el programa acad\u00e9mico y obtengan su t\u00edtulo t\u00e9cnico, la\u00a0<strong>Fundaci\u00f3n Promigas<\/strong>\u00a0se encargar\u00e1 de promover el enganche laboral de los beneficiarios entre sus aliados empresariales.<\/p>\n<p>La convocatoria y la selecci\u00f3n de los j\u00f3venes beneficiarios se har\u00e1 a trav\u00e9s de una instituci\u00f3n t\u00e9cnica y el programa de formaci\u00f3n tendr\u00e1 una duraci\u00f3n de ocho meses. La modalidad de estudio ser\u00e1 presencial y los participantes recibir\u00e1n clases dictadas de forma remota por profesores que est\u00e1n ubicados en otros pa\u00edses de Latinoam\u00e9rica.<\/p>\n<p>Tomado de: EL HERALDO<\/p>\n","protected":false},"excerpt":{"rendered":"<p>A trav\u00e9s de una iniciativa p\u00fablico-privada, la Gobernaci\u00f3n del Atl\u00e1ntico brindar\u00e1 capacitaciones de manera gratuita en competencias tecnol\u00f3gicas y digitales a los j\u00f3venes del departamento en los pr\u00f3ximos cuatro a\u00f1os. Como parte de esta alianza entre la administraci\u00f3n departamental, la academia Crack The Code y la Fundaci\u00f3n Promigas, se formar\u00e1 a 100 bachilleres de manera<\/p>\n","protected":false},"author":1,"featured_media":12161,"comment_status":"closed","ping_status":"closed","sticky":false,"template":"","format":"standard","meta":{"footnotes":""},"categories":[342,181],"tags":[],"class_list":["post-12160","post","type-post","status-publish","format-standard","has-post-thumbnail","hentry","category-news","category-noticias"],"views":43,"_links":{"self":[{"href":"https:\/\/www.amchambaq.com\/es_co\/wp-json\/wp\/v2\/posts\/12160","targetHints":{"allow":["GET"]}}],"collection":[{"href":"https:\/\/www.amchambaq.com\/es_co\/wp-json\/wp\/v2\/posts"}],"about":[{"href":"https:\/\/www.amchambaq.com\/es_co\/wp-json\/wp\/v2\/types\/post"}],"author":[{"embeddable":true,"href":"https:\/\/www.amchambaq.com\/es_co\/wp-json\/wp\/v2\/users\/1"}],"replies":[{"embeddable":true,"href":"https:\/\/www.amchambaq.com\/es_co\/wp-json\/wp\/v2\/comments?post=12160"}],"version-history":[{"count":1,"href":"https:\/\/www.amchambaq.com\/es_co\/wp-json\/wp\/v2\/posts\/12160\/revisions"}],"predecessor-version":[{"id":12162,"href":"https:\/\/www.amchambaq.com\/es_co\/wp-json\/wp\/v2\/posts\/12160\/revisions\/12162"}],"wp:featuredmedia":[{"embeddable":true,"href":"https:\/\/www.amchambaq.com\/es_co\/wp-json\/wp\/v2\/media\/12161"}],"wp:attachment":[{"href":"https:\/\/www.amchambaq.com\/es_co\/wp-json\/wp\/v2\/media?parent=12160"}],"wp:term":[{"taxonomy":"category","embeddable":true,"href":"https:\/\/www.amchambaq.com\/es_co\/wp-json\/wp\/v2\/categories?post=12160"},{"taxonomy":"post_tag","embeddable":true,"href":"https:\/\/www.amchambaq.com\/es_co\/wp-json\/wp\/v2\/tags?post=12160"}],"curies":[{"name":"wp","href":"https:\/\/api.w.org\/{rel}","templated":true}]}}