{"id":12153,"date":"2024-04-18T08:23:18","date_gmt":"2024-04-18T13:23:18","guid":{"rendered":"https:\/\/www.amchambaq.com\/?p=12153"},"modified":"2024-04-18T08:23:18","modified_gmt":"2024-04-18T13:23:18","slug":"alejandro-char-el-alcalde-con-mayor-aprobacion-en-el-pais","status":"publish","type":"post","link":"https:\/\/www.amchambaq.com\/es_co\/alejandro-char-el-alcalde-con-mayor-aprobacion-en-el-pais\/","title":{"rendered":"Alejandro Char, el alcalde con mayor aprobaci\u00f3n en el pa\u00eds"},"content":{"rendered":"<p>\u201c\u00a1Muchas gracias, Barranquilla por este<strong>\u00a0primer lugar en Colombia<\/strong>!, escribi\u00f3 el mandatario. Asimismo, asegur\u00f3 que desde que lleg\u00f3 a la\u00a0<strong>alcald\u00eda<\/strong>\u00a0su objetivo ha sido uno: \u201ctrabajar por cada barranquillero y por la transformaci\u00f3n de una ciudad sostenible y a otro nivel\u201d, se lee en el trino.<\/p>\n<p>El mandatario asegur\u00f3 que el \u2018primer lugar fue posible gracias al\u00a0<strong>apoyo\u00a0<\/strong>incondicional de su gente, y al gran equipo de trabajo que no se detiene\u2019. \u201cVamos por muy buen camino\u201d, a\u00f1adi\u00f3.<\/p>\n<p>De igual manera, la\u00a0<strong>Alcald\u00eda<\/strong>\u00a0Distrital de\u00a0<strong>Barranquilla<\/strong>\u00a0asegur\u00f3 que la gesti\u00f3n del alcalde fue aprobada con un 79%, y &#8216;lidera los resultados de la \u00faltima encuesta realizada por\u00a0<strong>Invamer<\/strong>, que pregunt\u00f3 en las principales ciudades del pa\u00eds por la calificaci\u00f3n de sus mandatarios en los primeros 100 d\u00edas de administraci\u00f3n&#8217;.<\/p>\n<p>La encuesta tambi\u00e9n consult\u00f3 sobre la<strong>\u00a0aprobaci\u00f3n\u00a0<\/strong>o desaprobaci\u00f3n de la gesti\u00f3n de los gobernadores de los departamentos m\u00e1s importantes del pa\u00eds.<\/p>\n<p>Seg\u00fan los resultados de Invamer, el gobernador de Bol\u00edvar,\u00a0<strong>Yamil Arana<\/strong>, es el de mayor aprobaci\u00f3n con el 65 %. Le sigue el de Antioquia,\u00a0<strong>Andr\u00e9s Julian Rend\u00f3n<\/strong>, con 62 % de aprobaci\u00f3n; el del Atl\u00e1ntico,\u00a0<strong>Eduardo Verano<\/strong>\u00a0De la Rosa, con 53 %; de Santander,\u00a0<strong>Juvenal D\u00edaz<\/strong>, con 51 %, y la del Valle del Cauca,\u00a0<strong>Dilian Francisca Toro<\/strong>, con 40 %.<\/p>\n<p>Al analizar los resultados del mandatario del Atl\u00e1ntico, se observa que subi\u00f3 7 puntos porcentuales en la aprobaci\u00f3n, teniendo en cuenta que en el mes de febrero estaba en el 46 %.<\/p>\n<p>Tomado de: EL HERALDO<\/p>\n<p>&nbsp;<\/p>\n","protected":false},"excerpt":{"rendered":"<p>\u201c\u00a1Muchas gracias, Barranquilla por este\u00a0primer lugar en Colombia!, escribi\u00f3 el mandatario. Asimismo, asegur\u00f3 que desde que lleg\u00f3 a la\u00a0alcald\u00eda\u00a0su objetivo ha sido uno: \u201ctrabajar por cada barranquillero y por la transformaci\u00f3n de una ciudad sostenible y a otro nivel\u201d, se lee en el trino. El mandatario asegur\u00f3 que el \u2018primer lugar fue posible gracias al\u00a0apoyo\u00a0incondicional<\/p>\n","protected":false},"author":1,"featured_media":12154,"comment_status":"closed","ping_status":"closed","sticky":false,"template":"","format":"standard","meta":{"footnotes":""},"categories":[342,181],"tags":[],"class_list":["post-12153","post","type-post","status-publish","format-standard","has-post-thumbnail","hentry","category-news","category-noticias"],"views":56,"_links":{"self":[{"href":"https:\/\/www.amchambaq.com\/es_co\/wp-json\/wp\/v2\/posts\/12153","targetHints":{"allow":["GET"]}}],"collection":[{"href":"https:\/\/www.amchambaq.com\/es_co\/wp-json\/wp\/v2\/posts"}],"about":[{"href":"https:\/\/www.amchambaq.com\/es_co\/wp-json\/wp\/v2\/types\/post"}],"author":[{"embeddable":true,"href":"https:\/\/www.amchambaq.com\/es_co\/wp-json\/wp\/v2\/users\/1"}],"replies":[{"embeddable":true,"href":"https:\/\/www.amchambaq.com\/es_co\/wp-json\/wp\/v2\/comments?post=12153"}],"version-history":[{"count":1,"href":"https:\/\/www.amchambaq.com\/es_co\/wp-json\/wp\/v2\/posts\/12153\/revisions"}],"predecessor-version":[{"id":12155,"href":"https:\/\/www.amchambaq.com\/es_co\/wp-json\/wp\/v2\/posts\/12153\/revisions\/12155"}],"wp:featuredmedia":[{"embeddable":true,"href":"https:\/\/www.amchambaq.com\/es_co\/wp-json\/wp\/v2\/media\/12154"}],"wp:attachment":[{"href":"https:\/\/www.amchambaq.com\/es_co\/wp-json\/wp\/v2\/media?parent=12153"}],"wp:term":[{"taxonomy":"category","embeddable":true,"href":"https:\/\/www.amchambaq.com\/es_co\/wp-json\/wp\/v2\/categories?post=12153"},{"taxonomy":"post_tag","embeddable":true,"href":"https:\/\/www.amchambaq.com\/es_co\/wp-json\/wp\/v2\/tags?post=12153"}],"curies":[{"name":"wp","href":"https:\/\/api.w.org\/{rel}","templated":true}]}}