{"id":12144,"date":"2024-04-17T08:11:43","date_gmt":"2024-04-17T13:11:43","guid":{"rendered":"https:\/\/www.amchambaq.com\/?p=12144"},"modified":"2024-04-17T08:11:43","modified_gmt":"2024-04-17T13:11:43","slug":"la-costa-territorio-privilegiado-para-proyectos-de-energias-renovables","status":"publish","type":"post","link":"https:\/\/www.amchambaq.com\/es_co\/la-costa-territorio-privilegiado-para-proyectos-de-energias-renovables\/","title":{"rendered":"La Costa, territorio privilegiado para proyectos de energ\u00edas renovables"},"content":{"rendered":"<p>La\u00a0<strong>regi\u00f3n Caribe\u00a0<\/strong>se ha convertido en el foco principal para el desarrollo de las\u00a0<strong>energ\u00edas renovables<\/strong>. As\u00ed lo manifest\u00f3 en di\u00e1logo con EL HERALDO la<strong>\u00a0presidenta Ejecutiva de SER Colombia, Alexandra Hern\u00e1ndez<\/strong>, quien ve\u00a0 en este territorio un lugar privilegiado para que se puedan desarrollar estos proyectos con los que buscan ampliar en el mediano plazo su cupo en la\u00a0<strong>matr\u00edz energ\u00e9tica\u00a0<\/strong>del pa\u00eds.<\/p>\n<div class=\"field-item odd\">\n<div class=\"entity entity-paragraphs-item paragraphs-item-descripcion\">\n<div class=\"content\">\n<div class=\"field field-name-field-descripcion field-type-text-long field-label-hidden\">\n<div class=\"field-items\">\n<div class=\"field-item even\">\n<p>\u201cLa\u00a0<strong>Costa\u00a0<\/strong>viene siendo el sol de estos proyectos de energ\u00edas renovables, y podemos decir que el 80 % de nuestro plan de\u00a0<strong>inversiones\u00a0<\/strong>del 2024 se va a ejecutar en la Costa Caribe\u201d, manifest\u00f3\u00a0<strong>Alexandra Hern\u00e1ndez.<\/strong><\/p>\n<p>En ese sentido, agreg\u00f3 que en estos proyectos, el departamento del\u00a0<strong>Atl\u00e1ntico\u00a0<\/strong>puntea con mayor n\u00famero, seguidamente de<strong>\u00a0C\u00f3rdoba, Cesar, Magdalena, La Guajira, Sucre y Bol\u00edvar.<\/strong><\/p>\n<p>Sobre estos proyectos, la dirigente gremial sostuvo que justamente un departamento como\u00a0<strong>La Guajira\u00a0<\/strong>es una apuesta grande por la cual el pa\u00eds no debe renunciar a esa posibilidad, con el objetivo de buscar la manera, de la mano de las comunidades, de afianzar esos\u00a0<strong>proyectos<\/strong>.<\/p>\n<div class=\"field-item odd\">\n<div class=\"entity entity-paragraphs-item paragraphs-item-descripcion\">\n<div class=\"content\">\n<div class=\"field field-name-field-descripcion field-type-text-long field-label-hidden\">\n<div class=\"field-items\">\n<div class=\"field-item even\">\n<p><strong>Alexandra Hern\u00e1ndez\u00a0<\/strong>se\u00f1al\u00f3 que las energ\u00edas renovables vienen siendo un modelo de vida que ha llegado para brindar oportunidades de crecimiento econ\u00f3mico y de empleo para las comunidades, y que en la\u00a0<strong>regi\u00f3n Caribe<\/strong>, eso puede ser beneficioso para su desarrollo.<\/p>\n<p>\u201cEs un reto muy bonito desde el punto de vista\u00a0<strong>medioambiental<\/strong>, desde el punto de vista de\u00a0<strong>empleo\u00a0<\/strong>y de\u00a0<strong>crecimiento<\/strong>. Toda esta cadena de bienes y servicios se desarrolla a nivel local, ya que uno de los cambios m\u00e1s importantes del modelo energ\u00e9tico, que estamos viendo con las energ\u00edas renovables es que se descentraliza la oferta de\u00a0<strong>energ\u00eda<\/strong>, es decir, ya no est\u00e1 concentrado en unas pocas regiones y en unos pocos actores, sino en un n\u00famero considerable de actores y de\u00a0<strong>regiones<\/strong>, y eso para un municipio, particularmente de la\u00a0<strong>regi\u00f3n Caribe<\/strong>, viene significando empleo, son empresas de bienes y servicios, es cadena de proveedores, y un tema clave, y es el formar la\u00a0<strong>fuerza laboral\u00a0<\/strong>para cuando estos paneles solares lleguen a los techos lleguen a nuestras casas\u201d, precis\u00f3 la dirigente de SER Colombia.<\/p>\n<p>Cabe recordar que este\u00a0<strong>gremio\u00a0<\/strong>agrupa a m\u00e1s de 80 compa\u00f1\u00edas a nivel local y global, que apuestan por el desarrollo de las\u00a0<strong>Fuentes de Energ\u00edas Renovables No Convencionales en Colombia (Fncer).<\/strong><\/p>\n<\/div>\n<\/div>\n<\/div>\n<\/div>\n<\/div>\n<\/div>\n<div class=\"field-item even\">\n<div class=\"shares\"><\/div>\n<div class=\"content-titulo\">\n<div class=\"titulo\">Feria de energ\u00edas renovables<\/div>\n<\/div>\n<\/div>\n<div class=\"field-item odd\">\n<div class=\"entity entity-paragraphs-item paragraphs-item-descripcion\">\n<div class=\"content\">\n<div class=\"field field-name-field-descripcion field-type-text-long field-label-hidden\">\n<div class=\"field-items\">\n<div class=\"field-item even\">\n<p>Del 17 al 19 de abril de 2024,\u00a0<strong>Barranquilla\u00a0<\/strong>se convertir\u00e1 en el centro de la innovaci\u00f3n y la generaci\u00f3n de conocimiento del sector de las energ\u00edas renovables, como sede de la edici\u00f3n n\u00famero 7 del Encuentro y<strong>\u00a0Feria Renovables Latam<\/strong>, bajo el lema: \u201cNuevas formas de hacer negocios, de la tradici\u00f3n a la transformaci\u00f3n\u201d. El evento se llevar\u00e1 a cabo en<strong>\u00a0Puerta de Oro, Centro de Eventos del Caribe.<\/strong><\/p>\n<p>\u201cEs el \u00fanico evento de su tipo en\u00a0<strong>Colombia\u00a0<\/strong>y Am\u00e9rica Latina que aborda de manera integral las tem\u00e1ticas, las tendencias y el futuro del mercado de las energ\u00edas renovables. Este a\u00f1o contar\u00e1 con la asistencia de m\u00e1s de\u00a0 4.000 personas en discusiones de alto nivel que buscan estimular la masificaci\u00f3n de las energ\u00edas renovables y de los recursos distribuidos en la regi\u00f3n, as\u00ed como la generaci\u00f3n de nuevas oportunidades de inversi\u00f3n\u201d, puntualiz\u00f3 Ana Cristina Rend\u00f3n, gerente del FISE.<\/p>\n<p>Este evento, organizado por la<strong>\u00a0Asociaci\u00f3n de Energ\u00edas Renovables Colombia (SER Colombia)<\/strong>, el<strong>\u00a0Consejo Mundial de Energ\u00eda Colombia (WEC Colombia)<\/strong>\u00a0y\u00a0<strong>FISE<\/strong>, le apuesta a la promoci\u00f3n del desarrollo de las energ\u00edas renovables y de los recursos distribuidos para que Colombia se convierta en un referente internacional en la transformaci\u00f3n del\u00a0<strong>sector energ\u00e9tico<\/strong>.<\/p>\n<\/div>\n<\/div>\n<\/div>\n<\/div>\n<\/div>\n<\/div>\n<div class=\"field-item even\">\n<div id=\"relacionado-body\">\n<div class=\"box-title\">\n<div class=\"field-item odd\">\n<div class=\"entity entity-paragraphs-item paragraphs-item-descripcion\">\n<div class=\"content\">\n<div class=\"field field-name-field-descripcion field-type-text-long field-label-hidden\">\n<div class=\"field-items\">\n<div class=\"field-item even\">\n<p>\u201cDe la misma manera, busca apoyar desde todos los frentes la transici\u00f3n hacia tecnolog\u00edas que aprovechen los recursos naturales renovables en busca de la carbono-neutralidad en\u00a0<strong>Colombia\u00a0<\/strong>y\u00a0<strong>Am\u00e9rica Latina<\/strong>\u201d, socializ\u00f3<strong>\u00a0Ana Cristina Rend\u00f3n.<\/strong><\/p>\n<p>Agreg\u00f3 que esta feria tendr\u00e1 una\u00a0<strong>agenda acad\u00e9mica\u00a0<\/strong>que incluye exposiciones magistrales a cargo de invitados nacionales e internacionales, as\u00ed como conversatorios con expertos en temas regulatorios, ambientales y de gobierno en energ\u00edas renovables. A su vez, habr\u00e1 una muestra comercial que reunir\u00e1\u00a0<strong>empresas comercializadoras\u00a0<\/strong>y fabricantes de productos relacionados con la cadena de valor de las energ\u00edas renovables y recursos energ\u00e9ticos distribuidos. La entrada al\u00a0<strong>evento\u00a0<\/strong>es completamente gratis.<\/p>\n<\/div>\n<\/div>\n<\/div>\n<\/div>\n<\/div>\n<\/div>\n<div class=\"field-item even\">\n<div class=\"shares\"><\/div>\n<div class=\"content-titulo\">\n<div class=\"titulo\">Actualidad de las energ\u00edas renovables en Colombia<\/div>\n<\/div>\n<\/div>\n<div class=\"field-item odd\">\n<div class=\"entity entity-paragraphs-item paragraphs-item-descripcion\">\n<div class=\"content\">\n<div class=\"field field-name-field-descripcion field-type-text-long field-label-hidden\">\n<div class=\"field-items\">\n<div class=\"field-item even\">\n<p>De acuerdo con\u00a0<strong>SER Colombia<\/strong>, el pa\u00eds avanza hacia una\u00a0<strong>matriz energ\u00e9tica\u00a0<\/strong>m\u00e1s sostenible con un aumento en proyectos de energ\u00edas renovables, pr\u00f3ximos a alcanzar una capacidad de 1.240 MW en operaci\u00f3n para el 2024. Los proyectos, ubicados principalmente en la\u00a0<strong>Costa Caribe<\/strong>, aumentar\u00e1n la participaci\u00f3n de las renovables al 9 % de la capacidad total del parque generador en Colombia.<\/p>\n<p>Por su parte, el 2023 mostr\u00f3 un crecimiento en la capacidad de generaci\u00f3n de\u00a0<strong>energ\u00eda renovable<\/strong>, con la entrada en operaci\u00f3n de 25 proyectos solares, sumando 208 megavatios (MW).<\/p>\n<p>A su vez, en el a\u00f1o pasado, las renovables contribuyeron al\u00a0<strong>sistema interconectado nacional\u00a0<\/strong>con una capacidad total de 505 MW, equivalente al consumo de una ciudad del tama\u00f1o de\u00a0<strong>Bucaramanga<\/strong>. Pese a estos logros, el sector de\u00a0<strong>energ\u00edas renovables\u00a0<\/strong>a\u00fan enfrenta desaf\u00edos, uno de ellos es la lenta entrada en operaci\u00f3n de los\u00a0<strong>proyectos<\/strong>, con tiempos de inicio que pueden extenderse entre 3 y 6 a\u00f1os.<\/p>\n<p>Tomado de: EL HERALDO<\/p>\n<\/div>\n<\/div>\n<\/div>\n<\/div>\n<\/div>\n<\/div>\n<\/div>\n<\/div>\n<\/div>\n<\/div>\n<\/div>\n<\/div>\n<\/div>\n<\/div>\n<\/div>\n<div class=\"field-item even\">\n<div id=\"relacionado-body\">\n<div class=\"box-title\">\n<p>&nbsp;<\/p>\n<\/div>\n<\/div>\n<\/div>\n","protected":false},"excerpt":{"rendered":"<p>La\u00a0regi\u00f3n Caribe\u00a0se ha convertido en el foco principal para el desarrollo de las\u00a0energ\u00edas renovables. As\u00ed lo manifest\u00f3 en di\u00e1logo con EL HERALDO la\u00a0presidenta Ejecutiva de SER Colombia, Alexandra Hern\u00e1ndez, quien ve\u00a0 en este territorio un lugar privilegiado para que se puedan desarrollar estos proyectos con los que buscan ampliar en el mediano plazo su cupo<\/p>\n","protected":false},"author":1,"featured_media":12145,"comment_status":"closed","ping_status":"closed","sticky":false,"template":"","format":"standard","meta":{"footnotes":""},"categories":[342,181],"tags":[],"class_list":["post-12144","post","type-post","status-publish","format-standard","has-post-thumbnail","hentry","category-news","category-noticias"],"views":95,"_links":{"self":[{"href":"https:\/\/www.amchambaq.com\/es_co\/wp-json\/wp\/v2\/posts\/12144","targetHints":{"allow":["GET"]}}],"collection":[{"href":"https:\/\/www.amchambaq.com\/es_co\/wp-json\/wp\/v2\/posts"}],"about":[{"href":"https:\/\/www.amchambaq.com\/es_co\/wp-json\/wp\/v2\/types\/post"}],"author":[{"embeddable":true,"href":"https:\/\/www.amchambaq.com\/es_co\/wp-json\/wp\/v2\/users\/1"}],"replies":[{"embeddable":true,"href":"https:\/\/www.amchambaq.com\/es_co\/wp-json\/wp\/v2\/comments?post=12144"}],"version-history":[{"count":1,"href":"https:\/\/www.amchambaq.com\/es_co\/wp-json\/wp\/v2\/posts\/12144\/revisions"}],"predecessor-version":[{"id":12146,"href":"https:\/\/www.amchambaq.com\/es_co\/wp-json\/wp\/v2\/posts\/12144\/revisions\/12146"}],"wp:featuredmedia":[{"embeddable":true,"href":"https:\/\/www.amchambaq.com\/es_co\/wp-json\/wp\/v2\/media\/12145"}],"wp:attachment":[{"href":"https:\/\/www.amchambaq.com\/es_co\/wp-json\/wp\/v2\/media?parent=12144"}],"wp:term":[{"taxonomy":"category","embeddable":true,"href":"https:\/\/www.amchambaq.com\/es_co\/wp-json\/wp\/v2\/categories?post=12144"},{"taxonomy":"post_tag","embeddable":true,"href":"https:\/\/www.amchambaq.com\/es_co\/wp-json\/wp\/v2\/tags?post=12144"}],"curies":[{"name":"wp","href":"https:\/\/api.w.org\/{rel}","templated":true}]}}