{"id":12136,"date":"2024-04-16T08:58:46","date_gmt":"2024-04-16T13:58:46","guid":{"rendered":"https:\/\/www.amchambaq.com\/?p=12136"},"modified":"2024-04-16T08:58:46","modified_gmt":"2024-04-16T13:58:46","slug":"cuando-llovera-el-panorama-del-pais-por-incendios-y-sequias-y-a-la-espera-de-lluvias","status":"publish","type":"post","link":"https:\/\/www.amchambaq.com\/es_co\/cuando-llovera-el-panorama-del-pais-por-incendios-y-sequias-y-a-la-espera-de-lluvias\/","title":{"rendered":"\u00bfCu\u00e1ndo llover\u00e1? El panorama del pa\u00eds por incendios y sequ\u00edas, y a la espera de lluvias"},"content":{"rendered":"<p><b>Las autoridades ambientales de Colombia reactivaron alertas por incremento de incendios forestales <\/b>y emitieron una circular para\u00a0<b>fomentar el ahorro de agua<\/b>\u00a0en medio de la sequ\u00eda agudizada por<b>\u00a0el fen\u00f3meno El Ni\u00f1o\u00a0<\/b>que atraviesa el pa\u00eds, donde se espera que llueva en el transcurso de las pr\u00f3ximas semanas.<\/p>\n<p>&#8220;<i>Estamos bajo alerta<\/i>&#8220;, indic\u00f3\u00a0<b>la ministra de Ambiente y Desarrollo Sostenible, Susana Muhamad,<\/b>\u00a0este lunes 15 de abril, precisando que las pr\u00f3ximas semanas ser\u00e1n &#8220;<i>fundamentales<\/i>&#8221; para<b>\u00a0que la influencia de El Ni\u00f1o llegue a su fin.<br \/>\n<\/b><br \/>\nDe acuerdo con<b>\u00a0los pron\u00f3sticos del Instituto de Hidrolog\u00eda, Meteorolog\u00eda y Estudios Ambientales (Ideam),<\/b>\u00a0el inicio de la temporada de lluvia se puede presentar en los pr\u00f3ximos d\u00edas y se mantendr\u00e1 por un periodo prolongado, aunque Muhamad ya adelant\u00f3 que la recuperaci\u00f3n de los embalses ser\u00e1 lenta y se alargar\u00e1 durante todo el a\u00f1o.<\/p>\n<p>La afectaci\u00f3n de El Ni\u00f1o en Colombia, manifestada en escasez de precipitaciones y altas temperaturas, ha llevado a\u00a0<b>los embalses a una situaci\u00f3n cr\u00edtica\u00a0<\/b>que ha obligado a<b>\u00a0las autoridades de Bogot\u00e1 a imponer medidas de racionamiento\u00a0<\/b>en la capital para tratar de mitigar el impacto sobre las fuentes h\u00eddricas.<\/p>\n<p>El Ministerio de Ambiente y Desarrollo Sostenible dio lineamientos a las corporaciones aut\u00f3nomas regionales del pa\u00eds para que r<b>efuercen las medidas que permitan proteger las fuentes de abastecimiento de agua\u00a0<\/b>y garantizar el abastecimiento.<\/p>\n<p>Con el fin de El Ni\u00f1o, inicia la primera temporada de m\u00e1s lluvias con una posible influencia del fen\u00f3meno de La Ni\u00f1a y una temporada de ciclones tropicales que llegar\u00e1 al pa\u00eds en el mes de junio,\u00a0<b>incidiendo considerablemente en la regi\u00f3n Andina y Caribe,\u00a0<\/b>quienes tendr\u00e1n lluvias por encima del promedio normal.<\/p>\n<p>En este contexto,\u00a0<b>se prev\u00e9n nuevas situaciones de emergencia como derrumbes, deslizamientos, inundaciones, entre otros.<\/b><\/p>\n<p>Tomado de: PORTAFOLIO<\/p>\n","protected":false},"excerpt":{"rendered":"<p>Las autoridades ambientales de Colombia reactivaron alertas por incremento de incendios forestales y emitieron una circular para\u00a0fomentar el ahorro de agua\u00a0en medio de la sequ\u00eda agudizada por\u00a0el fen\u00f3meno El Ni\u00f1o\u00a0que atraviesa el pa\u00eds, donde se espera que llueva en el transcurso de las pr\u00f3ximas semanas. &#8220;Estamos bajo alerta&#8220;, indic\u00f3\u00a0la ministra de Ambiente y Desarrollo Sostenible,<\/p>\n","protected":false},"author":1,"featured_media":12137,"comment_status":"closed","ping_status":"closed","sticky":false,"template":"","format":"standard","meta":{"footnotes":""},"categories":[342,181],"tags":[],"class_list":["post-12136","post","type-post","status-publish","format-standard","has-post-thumbnail","hentry","category-news","category-noticias"],"views":43,"_links":{"self":[{"href":"https:\/\/www.amchambaq.com\/es_co\/wp-json\/wp\/v2\/posts\/12136","targetHints":{"allow":["GET"]}}],"collection":[{"href":"https:\/\/www.amchambaq.com\/es_co\/wp-json\/wp\/v2\/posts"}],"about":[{"href":"https:\/\/www.amchambaq.com\/es_co\/wp-json\/wp\/v2\/types\/post"}],"author":[{"embeddable":true,"href":"https:\/\/www.amchambaq.com\/es_co\/wp-json\/wp\/v2\/users\/1"}],"replies":[{"embeddable":true,"href":"https:\/\/www.amchambaq.com\/es_co\/wp-json\/wp\/v2\/comments?post=12136"}],"version-history":[{"count":1,"href":"https:\/\/www.amchambaq.com\/es_co\/wp-json\/wp\/v2\/posts\/12136\/revisions"}],"predecessor-version":[{"id":12138,"href":"https:\/\/www.amchambaq.com\/es_co\/wp-json\/wp\/v2\/posts\/12136\/revisions\/12138"}],"wp:featuredmedia":[{"embeddable":true,"href":"https:\/\/www.amchambaq.com\/es_co\/wp-json\/wp\/v2\/media\/12137"}],"wp:attachment":[{"href":"https:\/\/www.amchambaq.com\/es_co\/wp-json\/wp\/v2\/media?parent=12136"}],"wp:term":[{"taxonomy":"category","embeddable":true,"href":"https:\/\/www.amchambaq.com\/es_co\/wp-json\/wp\/v2\/categories?post=12136"},{"taxonomy":"post_tag","embeddable":true,"href":"https:\/\/www.amchambaq.com\/es_co\/wp-json\/wp\/v2\/tags?post=12136"}],"curies":[{"name":"wp","href":"https:\/\/api.w.org\/{rel}","templated":true}]}}