{"id":12127,"date":"2024-04-15T08:43:56","date_gmt":"2024-04-15T13:43:56","guid":{"rendered":"https:\/\/www.amchambaq.com\/?p=12127"},"modified":"2024-04-15T08:51:42","modified_gmt":"2024-04-15T13:51:42","slug":"trump-en-el-banquillo-del-primer-juicio-penal-a-un-expresidente-de-ee-uu","status":"publish","type":"post","link":"https:\/\/www.amchambaq.com\/es_co\/trump-en-el-banquillo-del-primer-juicio-penal-a-un-expresidente-de-ee-uu\/","title":{"rendered":"Trump, en el banquillo del primer juicio penal a un expresidente de EE. UU."},"content":{"rendered":"<p>Donald Trump se sentar\u00e1 este lunes en el banquillo de los acusados en un juicio penal por pagos presuntamente ilegales a una actriz porno y se convertir\u00e1 as\u00ed en el primer expresidente de EE.UU. sometido a un juicio penal, pero este no es su \u00fanico problema con la justicia.<\/p>\n<p>Trump, que aspira a competir de nuevo por la<strong>\u00a0Casa Blanca por el Partido Republicano<\/strong>\u00a0en las elecciones del 5 de noviembre, tiene m\u00e1s de una veintena de causas -civiles y penales- abiertas ante la justicia, entre ellas una por\u00a0<strong>el asalto al Capitolio<\/strong>\u00a0por una horda de sus seguidores en 2021, varias por presuntas agresiones sexuales a mujeres y otra m\u00e1s por irregularidades en la gesti\u00f3n de sus empresas.<\/p>\n<p>Adem\u00e1s, en febrero pasado fue condenado por un<strong>\u00a0juez de Nueva York<\/strong>\u00a0a pagar una multa de\u00a0<strong>350 millones de d\u00f3lares<\/strong>\u00a0por varios casos de\u00a0<strong>fraude en su empresa familiar, la Organizaci\u00f3n Trump,<\/strong>\u00a0y limit\u00f3 su capacidad para hacer negocios en este estado durante los pr\u00f3ximos a\u00f1os.<\/p>\n<p>En la vista que comienza hoy se enjuician los supuestos pagos irregulares del expresidente (2016-2021) a la actriz porno\u00a0<strong>Stormy Daniels\u00a0<\/strong>para \u201ccomprar su silencio\u201d durante la campa\u00f1a electoral de las elecciones de 2016.<\/p>\n<div id=\"body\" class=\"content-article size-m\">\n<p>ambi\u00e9n este a\u00f1o deber\u00e1 responder en tribunales de\u00a0<strong>Georgia y Washington DC<\/strong>\u00a0por sus presuntos intentos de revertir los resultados de las presidenciales de 2020 que perdi\u00f3 contra el dem\u00f3crata<strong>\u00a0Joe Biden<\/strong>, y en Florida por la acusaci\u00f3n de\u00a0sustraer ilegalmente y mantener en su\u00a0<strong>mansi\u00f3n de Mar-a-Lago<\/strong>\u00a0<strong>documentos clasificados que sac\u00f3 de la Casa Blanca tras abandonar el poder.<\/strong><\/p>\n<\/div>\n<div id=\"paragraphs\" class=\"content-article paragraphs size-m\">\n<div class=\"field-collection-container clearfix\">\n<div class=\"field field-name-field-contenido-articulos-2 field-type-field-collection field-label-hidden\">\n<div class=\"field-item even\">\n<div class=\"field-collection-view clearfix view-mode-full field-collection-view-final\">\n<div>\n<div class=\"content\">\n<div class=\"paragraphs-items paragraphs-items-field-campos paragraphs-items-field-campos-full paragraphs-items-full\">\n<div class=\"field field-name-field-campos field-type-paragraphs field-label-hidden\">\n<div class=\"field-item even\">\n<div class=\"entity entity-paragraphs-item paragraphs-item-descripcion\">\n<div class=\"content\">\n<div class=\"field field-name-field-descripcion field-type-text-long field-label-hidden\">\n<div class=\"field-items\">\n<div class=\"field-item even\">\n<p><strong>Causas por delitos de \u00edndole sexual<\/strong><\/p>\n<p>Antes del &#8220;caso Stormy Daniels&#8221;, Trump ya fue el primer expresidente condenado por l<strong>a v\u00eda civil.<\/strong>\u00a0Un tribunal de Nueva York le declar\u00f3 culpable de\u00a0<strong>abuso sexual y difamaci\u00f3n<\/strong>\u00a0en la demanda interpuesta por<strong>\u00a0E. Jean Carroll\u00a0<\/strong>y le oblig\u00f3 a pagar<strong>\u00a083 millones de d\u00f3lares\u00a0<\/strong>a \u00a0la escritora.<\/p>\n<div class=\"field-item even\">\n<div class=\"entity entity-paragraphs-item paragraphs-item-descripcion\">\n<div class=\"content\">\n<div class=\"field field-name-field-descripcion field-type-text-long field-label-hidden\">\n<div class=\"field-items\">\n<div class=\"field-item even\">\n<p>E. Jean Carroll hab\u00eda presentado dos denuncias civiles contra Trump, una por difamaci\u00f3n y otra por una violaci\u00f3n que habr\u00eda ocurrido en los vestidores de una tienda de la<strong>\u00a0Quinta Avenida<\/strong>\u00a0a mediados de la d\u00e9cada de 1990.<\/p>\n<p>Adicionalmente ha sido acusado por una veintena de mujeres de\u00a0<strong>abusos sexuales o conducta inapropiada.<\/strong><\/p>\n<\/div>\n<\/div>\n<\/div>\n<\/div>\n<\/div>\n<\/div>\n<div class=\"field-item odd\">\n<div class=\"entity entity-paragraphs-item paragraphs-item-descripcion\">\n<div class=\"content\">\n<div class=\"field field-name-field-descripcion field-type-text-long field-label-hidden\">\n<div class=\"field-items\">\n<div class=\"field-item even\">\n<p><strong>Asalto al Capitolio en 2021<\/strong><\/p>\n<p>El<strong>\u00a0Tribunal Supremo\u00a0<\/strong>celebrar\u00e1 el 25 de abril una vista oral sobre un reclamo de inmunidad penal por parte del expresidente Donald Trump por posibles delitos ocurridos durante su mandato (2017-2021), lo que podr\u00eda frustrar los intentos de juzgarlo por su papel en el asalto al\u00a0<strong>Capitolio de 2021<\/strong>\u00a0para revertir el resultado electoral de 2020, unos acontecimientos que dejaron cinco muertos y cerca de\u00a0<strong>140 agentes heridos.<\/strong><\/p>\n<p>El Supremo aclarar\u00e1 si Trump se puede enfrentar a un juicio penal en un<strong>\u00a0tribunal federal del Distrito de Columbia\u00a0<\/strong>o si por el contrario est\u00e1 protegido por la inmunidad presidencial, ya que los hechos ocurrieron pocos d\u00edas antes de que abandonara el cargo.<\/p>\n<div class=\"field-item odd\">\n<div class=\"entity entity-paragraphs-item paragraphs-item-descripcion\">\n<div class=\"content\">\n<div class=\"field field-name-field-descripcion field-type-text-long field-label-hidden\">\n<div class=\"field-items\">\n<div class=\"field-item even\">\n<p>El juicio contra Trump en Washington DC qued\u00f3 pospuesto despu\u00e9s de que el Supremo aceptara la petici\u00f3n de los abogados del expresidente para pronunciarse sobre la decisi\u00f3n de un tribunal de apelaciones inferior, que hab\u00eda dictaminado que el exmandatario no pod\u00eda escudarse tras la inmunidad en su proceso judicial por intentar subvertir el resultado de las elecciones de 2020 que gan\u00f3 el dem\u00f3crata Biden.<\/p>\n<p>Trump hab\u00eda sido imputado en agosto de 2023 por un gran jurado de Washington DC por cuatro cargos distintos de conspiraci\u00f3n y posteriormente el Tribunal de Apelaciones ratific\u00f3 que no ten\u00eda inmunidad y pod\u00eda ser demando por la v\u00eda civil y la penal.<\/p>\n<p>El expresidente se enfrenta tambi\u00e9n a la imputaci\u00f3n de trece cargos por supuestamente intentar manipular los resultados de las elecciones de 2020 en el estado de Georgia, en una causa en la que est\u00e1n imputadas\u00a0otras 18 personas, entre otras\u00a0<strong>Rudy Giuliani<\/strong>, su exabogado y exalcalde de Nueva York, as\u00ed como\u00a0<strong>Mark Meadows,<\/strong>\u00a0su exjefe de Gabinete.<\/p>\n<p>El 4 de marzo pasado el Tribunal Supremo, en un fallo por unanimidad, acab\u00f3 con los intentos de los estados de Colorado, Illinois y Maine para sacar a Trump del proceso de primarias del Partido Republicano con el argumento de que su implicaci\u00f3n en el asalto al Capitolio de 2021 supon\u00eda un intento de &#8220;insurrecci\u00f3n&#8221;.<\/p>\n<\/div>\n<\/div>\n<\/div>\n<\/div>\n<\/div>\n<\/div>\n<div class=\"field-item even\">\n<div class=\"entity entity-paragraphs-item paragraphs-item-descripcion\">\n<div class=\"content\">\n<div class=\"field field-name-field-descripcion field-type-text-long field-label-hidden\">\n<div class=\"field-items\">\n<div class=\"field-item even\">\n<p><strong>Sustracci\u00f3n de documentos clasificados<\/strong><\/p>\n<p>El 8 de junio de 2023 Trump fue imputado por revelaci\u00f3n de secretos y obstrucci\u00f3n a la justicia con al menos<strong>\u00a037 delitos federales<\/strong>\u00a0en el caso de los<strong>\u00a0documentos clasificados.<\/strong><\/p>\n<p>Agentes del FBI registraron en agosto de 2022 Mar-a-Lago, la<strong>\u00a0mansi\u00f3n de Trump en Palm Beach (Florida)<\/strong>, y encontraron archivos relacionados con el indulto de\u00a0<strong>Roger J. Stone Jr,<\/strong>\u00a0asociado a \u00e9l durante mucho tiempo, y un expediente sobre el presidente franc\u00e9s,\u00a0<strong>Emmanuel Macron,<\/strong> entre otros documentos.<\/p>\n<p>Tomado de: EL HERALDO<\/p>\n<\/div>\n<\/div>\n<\/div>\n<\/div>\n<\/div>\n<\/div>\n<\/div>\n<\/div>\n<\/div>\n<\/div>\n<\/div>\n<\/div>\n<\/div>\n<\/div>\n<\/div>\n<\/div>\n<\/div>\n<\/div>\n<\/div>\n<\/div>\n<\/div>\n<\/div>\n<\/div>\n<\/div>\n<\/div>\n<\/div>\n<\/div>\n<p>&nbsp;<\/p>\n","protected":false},"excerpt":{"rendered":"<p>Donald Trump se sentar\u00e1 este lunes en el banquillo de los acusados en un juicio penal por pagos presuntamente ilegales a una actriz porno y se convertir\u00e1 as\u00ed en el primer expresidente de EE.UU. sometido a un juicio penal, pero este no es su \u00fanico problema con la justicia. Trump, que aspira a competir de<\/p>\n","protected":false},"author":1,"featured_media":12128,"comment_status":"closed","ping_status":"closed","sticky":false,"template":"","format":"standard","meta":{"footnotes":""},"categories":[342,181],"tags":[],"class_list":["post-12127","post","type-post","status-publish","format-standard","has-post-thumbnail","hentry","category-news","category-noticias"],"views":35,"_links":{"self":[{"href":"https:\/\/www.amchambaq.com\/es_co\/wp-json\/wp\/v2\/posts\/12127","targetHints":{"allow":["GET"]}}],"collection":[{"href":"https:\/\/www.amchambaq.com\/es_co\/wp-json\/wp\/v2\/posts"}],"about":[{"href":"https:\/\/www.amchambaq.com\/es_co\/wp-json\/wp\/v2\/types\/post"}],"author":[{"embeddable":true,"href":"https:\/\/www.amchambaq.com\/es_co\/wp-json\/wp\/v2\/users\/1"}],"replies":[{"embeddable":true,"href":"https:\/\/www.amchambaq.com\/es_co\/wp-json\/wp\/v2\/comments?post=12127"}],"version-history":[{"count":1,"href":"https:\/\/www.amchambaq.com\/es_co\/wp-json\/wp\/v2\/posts\/12127\/revisions"}],"predecessor-version":[{"id":12129,"href":"https:\/\/www.amchambaq.com\/es_co\/wp-json\/wp\/v2\/posts\/12127\/revisions\/12129"}],"wp:featuredmedia":[{"embeddable":true,"href":"https:\/\/www.amchambaq.com\/es_co\/wp-json\/wp\/v2\/media\/12128"}],"wp:attachment":[{"href":"https:\/\/www.amchambaq.com\/es_co\/wp-json\/wp\/v2\/media?parent=12127"}],"wp:term":[{"taxonomy":"category","embeddable":true,"href":"https:\/\/www.amchambaq.com\/es_co\/wp-json\/wp\/v2\/categories?post=12127"},{"taxonomy":"post_tag","embeddable":true,"href":"https:\/\/www.amchambaq.com\/es_co\/wp-json\/wp\/v2\/tags?post=12127"}],"curies":[{"name":"wp","href":"https:\/\/api.w.org\/{rel}","templated":true}]}}