{"id":12096,"date":"2024-04-08T09:28:07","date_gmt":"2024-04-08T14:28:07","guid":{"rendered":"https:\/\/www.amchambaq.com\/?p=12096"},"modified":"2024-04-08T09:28:07","modified_gmt":"2024-04-08T14:28:07","slug":"con-desfile-y-musica-barranquilla-celebra-sus-211-anos","status":"publish","type":"post","link":"https:\/\/www.amchambaq.com\/es_co\/con-desfile-y-musica-barranquilla-celebra-sus-211-anos\/","title":{"rendered":"Con desfile y m\u00fasica, Barranquilla celebra sus 211 a\u00f1os"},"content":{"rendered":"<p>Este 7 de abril, sus habitantes expresan con orgullo el amor por una tierra que posee un encuentro \u00fanico entre el r\u00edo y el mar, donde la alegr\u00eda es un estilo de vida y cada esquina es el retrato de la calidez de su gente.<\/p>\n<p>Es por ello que adem\u00e1s de ver las fachadas de las casas con el rojo, amarillo y verde de su bandera, los residentes se congregan para festejar el aniversario de la ciudad que los vio nacer.\u00a0<strong>Todos los caminos conduc\u00edan al lugar m\u00e1s visitado de La Arenosa: el Gran Malec\u00f3n.<\/strong><\/p>\n<p>All\u00ed, la cita estaba pactada para las 4:00 p.m. para honrar los 211 a\u00f1os de Barranquilla a trav\u00e9s de una exhibici\u00f3n de patriotismo con un desfile presidido por las fuerzas militares. Una marcha que recordaba el legado de una urbe procera e inmortal.<\/p>\n<p><strong>Una gran cantidad de barranquilleros mostraron su orgullo por pertenecer a esta emocionante metr\u00f3polis caribe\u00f1a<\/strong>. Cada uno de ellos era consciente de que adem\u00e1s de rendirle un tributo al pasado de la ciudad, deb\u00edan mirar hacia un futuro prometedor, lleno de oportunidades y logros por venir.<\/p>\n<p>\u201cLa ciudad est\u00e1 muy bella y as\u00ed debe continuar, nadie puede decir que no ha habido progreso, quienes se hayan ido a vivir a otro lugar, vuelven y siempre encuentran algo nuevo y todos esperamos que siga ese ritmo, que siga siendo ejemplo para otras ciudades del Caribe y del pa\u00eds, ojal\u00e1 que en unos a\u00f1os tengamos mucho m\u00e1s progreso\u201d, manifest\u00f3\u00a0<strong>Edwin Salazar.<\/strong><\/p>\n<p>Mientras avanzaba el desfile en donde hizo presencia el<strong>\u00a0secretario de Cultura distrital, Juan Carlos Ospino,\u00a0<\/strong>varios de los asistentes manifestaban la importancia de reflejar el amor por la ciudad a trav\u00e9s de estos espacios.<\/p>\n<p>&#8220;Debemos estar muy orgullosos de la ciudad en la que habitamos, sobretodo porque somos unos afortunados de tener el r\u00edo y el mar tan cerca&#8221;, afirm\u00f3\u00a0<strong>Fernanda Maestre.<\/strong><\/p>\n<div class=\"field-item odd\">\n<div class=\"content-titulo\">\n<div class=\"titulo\">Un amor desde la cuna<\/div>\n<\/div>\n<\/div>\n<div class=\"field-item even\">\n<div class=\"entity entity-paragraphs-item paragraphs-item-descripcion\">\n<div class=\"content\">\n<div class=\"field field-name-field-descripcion field-type-text-long field-label-hidden\">\n<div class=\"field-items\">\n<div class=\"field-item even\">\n<p>En Barranquilla, la m\u00fasica y el baile son parte de la identidad cultural, un ritmo que acompa\u00f1a la vida del currambero. Reflejo de ello es\u00a0<strong>Aquiles Arrieta de 9 a\u00f1os,<\/strong>\u00a0quien con una energ\u00eda arrolladora, estaba listo para presenciar el concierto de la\u00a0<strong>Orquesta Sinf\u00f3nica de Comfamiliar y el coro del Colegio Alem\u00e1n.<\/strong><\/p>\n<p>Desde los 2 a\u00f1os, hace parte de la Cumbiamba La Gigantona y dice amar el Carnaval, la cultura y el r\u00edo.<\/p>\n<p>&#8220;Estoy feliz de que Barranquilla cumpla un a\u00f1o m\u00e1s, me gusta mucho bailar cumbia y sue\u00f1o con ser rey Momo&#8221;.<\/p>\n<p>Acompa\u00f1ado de sus padres, Aquiles Luc\u00eda una camiseta estampada con la bandera de Barranquilla, llenos de orgullo Caribe.<\/p>\n<p>&#8220;\u00c9l es muy carnavalero. Creo que nacimos donde era, esta era la ciudad correcta para gente alegre como nosotros&#8221;, indic\u00f3 su madre Katherine Echeverr\u00eda.<\/p>\n<div class=\"field-item even\">\n<div class=\"content-titulo\">\n<div class=\"titulo\">La ciudad de todos<\/div>\n<\/div>\n<\/div>\n<div class=\"field-item odd\">\n<div class=\"entity entity-paragraphs-item paragraphs-item-descripcion\">\n<div class=\"content\">\n<div class=\"field field-name-field-descripcion field-type-text-long field-label-hidden\">\n<div class=\"field-items\">\n<div class=\"field-item even\">\n<p>Nacer en Barranquilla es ser parte de una comunidad que acoge, que ama y que se enorgullece de sus ra\u00edces. Es sentirse en casa en medio de la cotidianidad de la ciudad y encontrar paz en la tranquilidad de sus atardeceres junto al r\u00edo.<\/p>\n<p>As\u00ed lo es para\u00a0<strong>Javier Payares, un huilense\u00a0<\/strong>que reside en la ciudad desde hace dos a\u00f1os y confiesa haberse enamorado del diario vivir que se respira en la Puerta de Oro de Colombia.<\/p>\n<p>&#8220;Me encanta el r\u00edo, si por mi fuera podr\u00eda venir todos los d\u00edas al Malec\u00f3n. Espero subirme pronto al\u00a0<strong>Karakal\u00ed,<\/strong>\u00a0creo que ser\u00eda mi mejor plan de fin de semana&#8221;.<\/p>\n<div class=\"field-item odd\">\n<div class=\"entity entity-paragraphs-item paragraphs-item-descripcion\">\n<div class=\"content\">\n<div class=\"field field-name-field-descripcion field-type-text-long field-label-hidden\">\n<div class=\"field-items\">\n<div class=\"field-item even\">\n<p>En definitiva, Barranquilla no es solo un lugar en el mapa, es un sentimiento arraigado en el alma de quienes tienen el privilegio de llamarlo hogar.<\/p>\n<p><strong>Jairo Galvis y Constanza Artega<\/strong>\u00a0estaban listos para observar el show musical de la\u00a0<strong>Orquesta Sinf\u00f3nica de Comfamiliar<\/strong>. Las primeras notas de &#8216;Las calles de mi vieja Barranquilla&#8217; de Esthercita Forero, lograron erizar su piel.<\/p>\n<p>&#8220;Aqu\u00ed estamos con bandera en mano y estas camisas que dicen yo amo a Barranquilla porque as\u00ed es. Imag\u00ednese tantas historias vividas aqu\u00ed, lo mucho que amaba Esthercita a la ciudad y esa canci\u00f3n a m\u00ed me recuerda tanto a la \u00e9poca con mis abuelos que cada vez que la escucho me causa nostalgia&#8221;, expres\u00f3 Constanza Arteaga.<\/p>\n<\/div>\n<\/div>\n<\/div>\n<\/div>\n<\/div>\n<\/div>\n<div class=\"field-item even\">\n<div class=\"content-imagen\">\n<div class=\"image\" data-bg-desk=\"https:\/\/www.elheraldo.co\/sites\/default\/files\/styles\/width_1180\/public\/articulo\/2024\/04\/07\/untitled_2.jpg?itok=hBaMJK0g\" data-bg-mob=\"https:\/\/www.elheraldo.co\/sites\/default\/files\/styles\/414x780\/public\/articulo\/2024\/04\/07\/untitled_2.jpg?itok=U8AzyBk9\"><picture><source srcset=\"https:\/\/www.elheraldo.co\/sites\/default\/files\/styles\/width_820\/public\/articulo\/2024\/04\/07\/untitled_2.jpg?itok=gJkFdBER\" media=\"(min-width: 1180px)\" \/><source srcset=\"https:\/\/www.elheraldo.co\/sites\/default\/files\/styles\/width_768\/public\/articulo\/2024\/04\/07\/untitled_2.jpg?itok=TgYb63Zg\" media=\"(min-width: 768px)\" \/><source srcset=\"https:\/\/www.elheraldo.co\/sites\/default\/files\/styles\/width_414\/public\/articulo\/2024\/04\/07\/untitled_2.jpg?itok=l01A0Z-h\" media=\"(max-width: 767px)\" \/><\/picture><\/div>\n<\/div>\n<div data-bg-desk=\"https:\/\/www.elheraldo.co\/sites\/default\/files\/styles\/width_1180\/public\/articulo\/2024\/04\/07\/untitled_2.jpg?itok=hBaMJK0g\" data-bg-mob=\"https:\/\/www.elheraldo.co\/sites\/default\/files\/styles\/414x780\/public\/articulo\/2024\/04\/07\/untitled_2.jpg?itok=U8AzyBk9\">Tomado de: EL HERALDO<\/div>\n<\/div>\n<\/div>\n<\/div>\n<\/div>\n<\/div>\n<\/div>\n<\/div>\n<\/div>\n<\/div>\n<\/div>\n<\/div>\n<\/div>\n<\/div>\n","protected":false},"excerpt":{"rendered":"<p>Este 7 de abril, sus habitantes expresan con orgullo el amor por una tierra que posee un encuentro \u00fanico entre el r\u00edo y el mar, donde la alegr\u00eda es un estilo de vida y cada esquina es el retrato de la calidez de su gente. Es por ello que adem\u00e1s de ver las fachadas de<\/p>\n","protected":false},"author":1,"featured_media":12097,"comment_status":"closed","ping_status":"closed","sticky":false,"template":"","format":"standard","meta":{"footnotes":""},"categories":[342,181],"tags":[],"class_list":["post-12096","post","type-post","status-publish","format-standard","has-post-thumbnail","hentry","category-news","category-noticias"],"views":44,"_links":{"self":[{"href":"https:\/\/www.amchambaq.com\/es_co\/wp-json\/wp\/v2\/posts\/12096","targetHints":{"allow":["GET"]}}],"collection":[{"href":"https:\/\/www.amchambaq.com\/es_co\/wp-json\/wp\/v2\/posts"}],"about":[{"href":"https:\/\/www.amchambaq.com\/es_co\/wp-json\/wp\/v2\/types\/post"}],"author":[{"embeddable":true,"href":"https:\/\/www.amchambaq.com\/es_co\/wp-json\/wp\/v2\/users\/1"}],"replies":[{"embeddable":true,"href":"https:\/\/www.amchambaq.com\/es_co\/wp-json\/wp\/v2\/comments?post=12096"}],"version-history":[{"count":1,"href":"https:\/\/www.amchambaq.com\/es_co\/wp-json\/wp\/v2\/posts\/12096\/revisions"}],"predecessor-version":[{"id":12098,"href":"https:\/\/www.amchambaq.com\/es_co\/wp-json\/wp\/v2\/posts\/12096\/revisions\/12098"}],"wp:featuredmedia":[{"embeddable":true,"href":"https:\/\/www.amchambaq.com\/es_co\/wp-json\/wp\/v2\/media\/12097"}],"wp:attachment":[{"href":"https:\/\/www.amchambaq.com\/es_co\/wp-json\/wp\/v2\/media?parent=12096"}],"wp:term":[{"taxonomy":"category","embeddable":true,"href":"https:\/\/www.amchambaq.com\/es_co\/wp-json\/wp\/v2\/categories?post=12096"},{"taxonomy":"post_tag","embeddable":true,"href":"https:\/\/www.amchambaq.com\/es_co\/wp-json\/wp\/v2\/tags?post=12096"}],"curies":[{"name":"wp","href":"https:\/\/api.w.org\/{rel}","templated":true}]}}