{"id":12093,"date":"2024-04-05T11:15:47","date_gmt":"2024-04-05T16:15:47","guid":{"rendered":"https:\/\/www.amchambaq.com\/?p=12093"},"modified":"2024-04-05T11:15:47","modified_gmt":"2024-04-05T16:15:47","slug":"la-economia-de-barranquilla-puede-crecer-hasta-un-11-en-el-2024","status":"publish","type":"post","link":"https:\/\/www.amchambaq.com\/es_co\/la-economia-de-barranquilla-puede-crecer-hasta-un-11-en-el-2024\/","title":{"rendered":"La econom\u00eda de Barranquilla puede crecer hasta un 1,1 % en el 2024"},"content":{"rendered":"<p>La<strong>\u00a0econom\u00eda de Barranquilla<\/strong>\u00a0podr\u00eda experimentar un ligero crecimiento para 2024 que estar\u00eda en la l\u00ednea del 0,5 % como m\u00ednimo y el 1,1% como m\u00e1ximo. As\u00ed lo se\u00f1al\u00f3 un estudio de la\u00a0<strong>Fundaci\u00f3n para el Desarrollo del Caribe (Fundesarrollo)<\/strong>, en el que se analizaron diferentes perspectivas socioecon\u00f3micas de Barranquilla y el departamento del Atl\u00e1ntico para el a\u00f1o en curso en lo que tiene que ver con\u00a0<strong>crecimiento econ\u00f3mico<\/strong>,\u00a0<strong>competitividad<\/strong>,\u00a0<strong>inflaci\u00f3n\u00a0<\/strong>y\u00a0<strong>mercado labora<\/strong><\/p>\n<p>Dentro de dicha perspectiva, este crecimiento estar\u00e1 en la misma l\u00ednea del pron\u00f3stico que tiene la mayor\u00eda de los analistas del mercado frente a la econom\u00eda del pa\u00eds, ya que se\u00f1alan que estar\u00e1 entre el 0,8 % hasta 1,1 %.<\/p>\n<p>Sin embargo, este informe, revelado por el\u00a0<strong>\u00cdndice Mensual Econ\u00f3mico Distrital (Imed) de Fundesarrollo<\/strong>, ya forma parte de la desaceleraci\u00f3n econ\u00f3mica que est\u00e1 viviendo el territorio, puesto que este a\u00f1o no se ver\u00e1 un dinamismo marcado como en el 2022 cuando la econom\u00eda del departamento del\u00a0<strong>Atl\u00e1ntico\u00a0<\/strong>creci\u00f3 un 9,3 %.<\/p>\n<p>Pero para que este pron\u00f3stico se pueda cumplir, se necesita trabajar en algunos aspectos. Seg\u00fan\u00a0<strong>Necti Arza<\/strong>, coordinadora de\u00a0<strong>Investigaciones Econ\u00f3micas\u00a0<\/strong>de\u00a0<strong>Fundesarrollo<\/strong>, hay que dinamizar cuatro sectores que son claves para la econom\u00eda de\u00a0<strong>Barranquilla\u00a0<\/strong>y\u00a0<strong>Atl\u00e1ntico\u00a0<\/strong>como lo es la\u00a0<strong>industria, la construcci\u00f3n, el comercio y los servicios.<\/strong><\/p>\n<p>Otro factor clave es la competitividad, ya que este territorio se ubica en la tercera posici\u00f3n con mayor \u00edndice de competitividad del pa\u00eds. En ese sentido,\u00a0<strong>Fundesarrollo\u00a0<\/strong>manifest\u00f3 que es fundamental trabajar en la innovaci\u00f3n a largo plazo, ya que eso le permitir\u00e1 a la\u00a0<strong>ciudad\u00a0<\/strong>y el\u00a0<strong>departamento\u00a0<\/strong>mantenerse en los escenarios internacionales.<\/p>\n<p>Por \u00faltimo, se habl\u00f3 sobre el\u00a0<strong>mercado laboral<\/strong>, que si bien, la\u00a0<strong>tasa de desempleo<\/strong>\u00a0en Barranquilla cay\u00f3 de 12,7 % a 10,4 %, es clave incentivar la generaci\u00f3n de empleo para\u00a0<strong>j\u00f3venes\u00a0<\/strong>y\u00a0<strong>mujeres<\/strong>, y as\u00ed disminuir el n\u00famero de personas inactivas laboralmente.<\/p>\n<p>&nbsp;<\/p>\n<p>Tomado de: EL HERALDO<\/p>\n","protected":false},"excerpt":{"rendered":"<p>La\u00a0econom\u00eda de Barranquilla\u00a0podr\u00eda experimentar un ligero crecimiento para 2024 que estar\u00eda en la l\u00ednea del 0,5 % como m\u00ednimo y el 1,1% como m\u00e1ximo. As\u00ed lo se\u00f1al\u00f3 un estudio de la\u00a0Fundaci\u00f3n para el Desarrollo del Caribe (Fundesarrollo), en el que se analizaron diferentes perspectivas socioecon\u00f3micas de Barranquilla y el departamento del Atl\u00e1ntico para el a\u00f1o<\/p>\n","protected":false},"author":1,"featured_media":12094,"comment_status":"closed","ping_status":"closed","sticky":false,"template":"","format":"standard","meta":{"footnotes":""},"categories":[342,181],"tags":[],"class_list":["post-12093","post","type-post","status-publish","format-standard","has-post-thumbnail","hentry","category-news","category-noticias"],"views":79,"_links":{"self":[{"href":"https:\/\/www.amchambaq.com\/es_co\/wp-json\/wp\/v2\/posts\/12093","targetHints":{"allow":["GET"]}}],"collection":[{"href":"https:\/\/www.amchambaq.com\/es_co\/wp-json\/wp\/v2\/posts"}],"about":[{"href":"https:\/\/www.amchambaq.com\/es_co\/wp-json\/wp\/v2\/types\/post"}],"author":[{"embeddable":true,"href":"https:\/\/www.amchambaq.com\/es_co\/wp-json\/wp\/v2\/users\/1"}],"replies":[{"embeddable":true,"href":"https:\/\/www.amchambaq.com\/es_co\/wp-json\/wp\/v2\/comments?post=12093"}],"version-history":[{"count":1,"href":"https:\/\/www.amchambaq.com\/es_co\/wp-json\/wp\/v2\/posts\/12093\/revisions"}],"predecessor-version":[{"id":12095,"href":"https:\/\/www.amchambaq.com\/es_co\/wp-json\/wp\/v2\/posts\/12093\/revisions\/12095"}],"wp:featuredmedia":[{"embeddable":true,"href":"https:\/\/www.amchambaq.com\/es_co\/wp-json\/wp\/v2\/media\/12094"}],"wp:attachment":[{"href":"https:\/\/www.amchambaq.com\/es_co\/wp-json\/wp\/v2\/media?parent=12093"}],"wp:term":[{"taxonomy":"category","embeddable":true,"href":"https:\/\/www.amchambaq.com\/es_co\/wp-json\/wp\/v2\/categories?post=12093"},{"taxonomy":"post_tag","embeddable":true,"href":"https:\/\/www.amchambaq.com\/es_co\/wp-json\/wp\/v2\/tags?post=12093"}],"curies":[{"name":"wp","href":"https:\/\/api.w.org\/{rel}","templated":true}]}}