{"id":12072,"date":"2024-03-26T08:41:49","date_gmt":"2024-03-26T13:41:49","guid":{"rendered":"https:\/\/www.amchambaq.com\/?p=12072"},"modified":"2024-03-26T08:41:49","modified_gmt":"2024-03-26T13:41:49","slug":"ecoturismo-gastronomia-y-arte-los-atractivos-de-atlantico-para-semana-santa","status":"publish","type":"post","link":"https:\/\/www.amchambaq.com\/es_co\/ecoturismo-gastronomia-y-arte-los-atractivos-de-atlantico-para-semana-santa\/","title":{"rendered":"Ecoturismo, gastronom\u00eda y arte, los atractivos de Atl\u00e1ntico para Semana Santa"},"content":{"rendered":"<p>Con el inicio de la\u00a0<strong>Semana Santa<\/strong>, tiempo de reflexi\u00f3n y compartir en familia, tambi\u00e9n se abre la puerta a la aventura y el esparcimiento en los hogares atlanticenses, m\u00e1s con la amplia\u00a0<strong>oferta<\/strong>\u00a0<strong>tur\u00edstica<\/strong>\u00a0que ofrecen los diferentes municipios del departamento.<\/p>\n<p>En el caso de\u00a0<strong>Barranquilla<\/strong>, el\u00a0<strong>ecoturismo<\/strong>\u00a0se vive con m\u00e1s desde la apertura del ecoparque\u00a0<strong>Ci\u00e9naga de Mallorqu\u00edn<\/strong>\u00a0ya que es el escenario perfecto para que visitantes locales, nacionales y extranjeros puedan conectarse con este ecosistema, que adem\u00e1s, alberga decenas de especies animales y vegetales que son representativas del\u00a0<strong>Caribe<\/strong>.<\/p>\n<p>La oferta de este espacio est\u00e1 enfocada al\u00a0<strong>avistamiento de aves\u00a0<\/strong>y otras especies, as\u00ed como tambi\u00e9n el senderismo. Por esta raz\u00f3n, las personas que acudan a esta obra pueden realizar durante su visita caminatas por las estructuras que bordean el humedal.<\/p>\n<p>Asimismo, la capital del\u00a0<strong>Atl\u00e1ntico<\/strong>\u00a0cuenta con espacios como el\u00a0<strong>Gran<\/strong>\u00a0<strong>Malec\u00f3n<\/strong>, que \u00a0cuenta con una extensi\u00f3n de 5 kil\u00f3metros lineales, y contin\u00faa consolid\u00e1ndose como uno de los sitios favoritos para visitar durante la estancia en la ciudad para realizar actividades deportivas y cuenta con zonas infantiles.<\/p>\n<p>En el \u00a0sector de Puerta de Oro, del Malec\u00f3n, tambi\u00e9n se encuentra ubicada una de las casetas para tomar el\u00a0<strong>Riob\u00fas Karakal\u00ed\u00a0<\/strong>y embarcarse en una aventura por el r\u00edo Magdalena hasta la Intendencia Fluvial, recorrido en el que tendr\u00e1 la oportunidad de conocer m\u00e1s acerca de c\u00f3mo fue poblada Barranquilla y del r\u00edo en su desarrollo.<\/p>\n<div class=\"field-item odd\">\n<div class=\"entity entity-paragraphs-item paragraphs-item-descripcion\">\n<div class=\"content\">\n<div class=\"field field-name-field-descripcion field-type-text-long field-label-hidden\">\n<div class=\"field-items\">\n<div class=\"field-item even\">\n<p>Adem\u00e1s, recientemente fue habilitado el nuevo tramo del Gran Malec\u00f3n donde se encuentra \u00a0una imponente estatua de Shakira, la cual mide 6.40 metros y se ha convertido en uno de los atractivos m\u00e1s ic\u00f3nico del lugar, donde tambi\u00e9n hay restaurantes con propuestas innovadoras y variadas.<\/p>\n<\/div>\n<\/div>\n<\/div>\n<\/div>\n<\/div>\n<\/div>\n<div class=\"field-item even\">\n<div class=\"shares\"><\/div>\n<div class=\"content-titulo\">\n<div class=\"titulo\">Los monumentos<\/div>\n<\/div>\n<\/div>\n<div class=\"field-item odd\">\n<div class=\"entity entity-paragraphs-item paragraphs-item-descripcion\">\n<div class=\"content\">\n<div class=\"field field-name-field-descripcion field-type-text-long field-label-hidden\">\n<div class=\"field-items\">\n<div class=\"field-item even\">\n<p>Barranquilla se ha llenado de monumentos, que con el tiempo, se convirtieron en una para fija para los\u00a0<strong>turistas<\/strong>. En una rotonda del\u00a0<strong>barrio<\/strong>\u00a0<strong>Las<\/strong>\u00a0<strong>Flores<\/strong>, se encuentra la \u2018Ventana al Mundo\u2019, la cual tiene 47,5 metros de altura y le da un caluroso saludo a propios y visitantes de la \u2018Puerta de Oro\u2019.<\/p>\n<p>Esta estructura sirve como punto de referencia y atractivo tur\u00edstico, destacando la identidad de Barranquilla como una ciudad cosmopolita y abierta a nuevas oportunidades.<\/p>\n<p>Tambi\u00e9n est\u00e1 la Ventana de Campeones \u2013conocida por muchos como la\u00a0<strong>Aleta del Tibur\u00f3n<\/strong>\u2013, el monumento construido en homenaje al Junior de Barranquilla donde se pueden observar las huellas de los m\u00e1ximos referentes del cuadro \u2018rojiblanco\u2019 como: Carlos \u2018el Pibe\u2019 Valderrama, Te\u00f3filo Guti\u00e9rrez, Iv\u00e1n Ren\u00e9 Valenciano y Giovanni Hern\u00e1ndez, entre otros.<\/p>\n<div class=\"field-item odd\">\n<div class=\"entity entity-paragraphs-item paragraphs-item-descripcion\">\n<div class=\"content\">\n<div class=\"field field-name-field-descripcion field-type-text-long field-label-hidden\">\n<div class=\"field-items\">\n<div class=\"field-item even\">\n<p>Adem\u00e1s, cuenta con un busto en honor a Micaela Lavalle, fundadora del cuadro barranquillero. Esta estructura se encuentra a pocos pasos del primer puente batiente del pa\u00eds.<\/p>\n<\/div>\n<\/div>\n<\/div>\n<\/div>\n<\/div>\n<\/div>\n<div class=\"field-item even\">\n<div class=\"content-imagen\">\n<div class=\"image\" data-bg-desk=\"https:\/\/www.elheraldo.co\/sites\/default\/files\/styles\/width_1180\/public\/articulo\/2024\/03\/25\/turismo_bq_2.jpg?itok=3oGb0tIm\" data-bg-mob=\"https:\/\/www.elheraldo.co\/sites\/default\/files\/styles\/414x780\/public\/articulo\/2024\/03\/25\/turismo_bq_2.jpg?itok=5qpyMecw\"><picture><source srcset=\"https:\/\/www.elheraldo.co\/sites\/default\/files\/styles\/width_820\/public\/articulo\/2024\/03\/25\/turismo_bq_2.jpg?itok=teEEwQUR\" media=\"(min-width: 1180px)\" \/><source srcset=\"https:\/\/www.elheraldo.co\/sites\/default\/files\/styles\/width_768\/public\/articulo\/2024\/03\/25\/turismo_bq_2.jpg?itok=46ngwTlJ\" media=\"(min-width: 768px)\" \/><source srcset=\"https:\/\/www.elheraldo.co\/sites\/default\/files\/styles\/width_414\/public\/articulo\/2024\/03\/25\/turismo_bq_2.jpg?itok=jzsUnbY1\" media=\"(max-width: 767px)\" \/><\/picture><\/div>\n<div data-bg-desk=\"https:\/\/www.elheraldo.co\/sites\/default\/files\/styles\/width_1180\/public\/articulo\/2024\/03\/25\/turismo_bq_2.jpg?itok=3oGb0tIm\" data-bg-mob=\"https:\/\/www.elheraldo.co\/sites\/default\/files\/styles\/414x780\/public\/articulo\/2024\/03\/25\/turismo_bq_2.jpg?itok=5qpyMecw\">\n<div class=\"field-item odd\">\n<div class=\"content-titulo\">\n<div class=\"titulo\">Deportes y playas<\/div>\n<\/div>\n<\/div>\n<div class=\"field-item even\">\n<div class=\"entity entity-paragraphs-item paragraphs-item-descripcion\">\n<div class=\"content\">\n<div class=\"field field-name-field-descripcion field-type-text-long field-label-hidden\">\n<div class=\"field-items\">\n<div class=\"field-item even\">\n<p>Durante todo el a\u00f1o se mantienen en playas como\u00a0<strong>Puerto Velero<\/strong>\u00a0y\u00a0<strong>Salinas del Rey<\/strong>, las condiciones perfectas para la pr\u00e1ctica del surf, paddle surf, vela y kitesurf . Este \u00faltimo deporte atrae cerca de 1.000 turistas al a\u00f1o en la temporada de vientos, que se encuentra actualmente en el departamento.<\/p>\n<p>A menos de 30 minutos de Barranquilla hay m\u00e1s de 90 kil\u00f3metros de\u00a0<strong>playas<\/strong>\u00a0con un abanico inmenso de experiencias que sin duda dejar\u00e1n un buen recuerdo en sus visitantes<\/p>\n<p>Si durante estas semanas su deseo es encontrar sol, playa y\u00a0<strong>deportes<\/strong>\u00a0<strong>n\u00e1uticos<\/strong>, este es el lugar ideal por la formaci\u00f3n de sus olas, as\u00ed como para realizar caminatas o solo relajarse y disfrutar de su variada comida de mar.<\/p>\n<p>En la zona costera del Atl\u00e1ntico\u00a0<strong>Puerto<\/strong>\u00a0<strong>Colombia<\/strong>\u00a0es uno de los municipios que m\u00e1s visitantes atrae. Su historia, monumentos y playas son el \u201cenganche\u201d para desconectarse de la rutina y conectarse con la diversi\u00f3n.<\/p>\n<p>El municipio cuenta con la \u2018<strong>Ventana<\/strong>\u00a0<strong>de<\/strong>\u00a0<strong>Sue\u00f1os<\/strong>\u2019, un faro de 70 metros de altura que rinde homenaje a los migrantes que llegaron al departamento por el emblem\u00e1tico muelle y que fueron claves para el desarrollo del territorio.<\/p>\n<p>A esto se le suman las playas que se encuentran aleda\u00f1as al faro y que ahora permiten vivir una experiencia inolvidable con el disfrute del mar y deportes como Volleyball playa.<\/p>\n<p>Asimismo, en el barrio Vista Mar se encuentran 506 viviendas intervenidas, que suman 26 mil metros cuadrados de color y arte, para aportar al paisajismo del Parque Lineal.<\/p>\n<p>En la plaza principal se encuentran las esculturas de \u2018Los Inmigrantes\u2019, obras que rinden homenaje a las familias provenientes de Asia, Francia, Italia, Alemania, entre otros lugares, que llegaron al pa\u00eds por el muelle porte\u00f1o hace m\u00e1s de un siglo y se quedaron siendo determinantes para el progreso.<\/p>\n<div class=\"field-item even\">\n<div class=\"content-titulo\">\n<div class=\"titulo\">Variedad gastron\u00f3mica<\/div>\n<\/div>\n<\/div>\n<div class=\"field-item odd\">\n<div class=\"entity entity-paragraphs-item paragraphs-item-descripcion\">\n<div class=\"content\">\n<div class=\"field field-name-field-descripcion field-type-text-long field-label-hidden\">\n<div class=\"field-items\">\n<div class=\"field-item even\">\n<p>Los sabores del Atl\u00e1ntico han tomado mayor visibilidad durante los \u00faltimos a\u00f1os gracias a la participaci\u00f3n de las matronas en diferentes festivales gastron\u00f3micos. Sin embargo, durante esta semana de receso la oferta se mantendr\u00e1 activa en los diferentes municipios.<\/p>\n<p>En Baranoa para estas festividades religiosas en el\u00a0<strong>corredor<\/strong>\u00a0<strong>gastron\u00f3mico<\/strong>\u00a0pueden encontrar una gran variedad de platos como chicharr\u00f3n, pasteles; yuca y guand\u00fa en\u00a0<strong>Sibarco<\/strong>\u00a0y en\u00a0<strong>Campeche<\/strong>\u00a0seguir\u00e1 la oferta del festival de la ciruela.<\/p>\n<p>El Parador del Pastel se encuentra ubicado en la entrada del corregimiento y estar\u00e1 abierto todos los d\u00edas de la Semana Santa para que los visitantes puedan disfrutar de los sabores \u00fanicos de los pasteles de Pital.<\/p>\n<p>En esa misma v\u00eda se encuentra el Parador Tur\u00edstico de\u00a0<strong>Luruaco<\/strong>\u00a0donde se pueden encontrar diversas arepas de huevo y realizar actividades como la tirolesa con un recorrido de 140 metros lineales saliendo desde el mirador de la laguna.<\/p>\n<p>Tambi\u00e9n se encuentran las escaleras de la reflexi\u00f3n, 139 escalones de color intervenidos por un artista local; deportes n\u00e1uticos como kayaks y botes en la laguna, as\u00ed como una oferta gastron\u00f3mica amplia que incluye la arepa de huevo, plato insignia del municipio.<\/p>\n<p>Este lugar est\u00e1 abierto al p\u00fablico los s\u00e1bados, domingos y festivos, en el horario de 10:00 de la ma\u00f1ana a 6:00 de la tarde. De lunes a viernes solo se reciben grupos con previa reserva.<\/p>\n<div class=\"field-item odd\">\n<div class=\"content-titulo\">\n<div class=\"titulo\">Creatividad y color<\/div>\n<\/div>\n<\/div>\n<div class=\"field-item even\">\n<div class=\"entity entity-paragraphs-item paragraphs-item-descripcion\">\n<div class=\"content\">\n<div class=\"field field-name-field-descripcion field-type-text-long field-label-hidden\">\n<div class=\"field-items\">\n<div class=\"field-item even\">\n<p>El municipio de\u00a0<strong>Usiacur\u00ed<\/strong>\u00a0se ha caracterizado por sus majestuosas obras de arte echas por manos de artesanos con la palma de iraca. Pero al caminar por sus calles, tambi\u00e9n se pueden apreciar los m\u00e1s de 15 murales de locales y nacionales, el Centro Artesanal Corina Urueta o la casa del poeta Julio Fl\u00f3rez.<\/p>\n<p>El Parque Mirador tambi\u00e9n es otro atractivo del municipio que, para Semana Santa, tendr\u00e1 un especial inter\u00e9s entre los feligreses y devotos que deseen hacer el ascenso de los 287 escalones.\u00a0Desde este punto se puede apreciar la belleza del municipio y gran parte del departamento. Adem\u00e1s, ofrece una excelente panor\u00e1mica de la Sierra Nevada de Santa Marta, que se puede apreciar en el amanecer.<\/p>\n<p>Cabe destacar que este se ha convertido en espacio de peregrinaci\u00f3n para usiacure\u00f1os y visitantes, puesto que invita a la contemplaci\u00f3n, transmite paz y se conecta visualmente con el templo Santo Domingo de Guzm\u00e1n.<\/p>\n<p>Cabe destacar que el ecoturismo es uno de los fuertes que tiene este municipio gracias a la reserva natural Luriza, ubicada a 6 kil\u00f3metros del casco urbano. En ella se realizan avistamientos de aves y las caminatas para visitar los pozos de agua mineromedicinal como lo son Los Mellos, El Higuer\u00f3n y El Chorrito.<\/p>\n<div class=\"field-item even\">\n<div class=\"content-titulo\">\n<div class=\"titulo\">Encuentro con los ancestros<\/div>\n<\/div>\n<\/div>\n<div class=\"field-item odd\">\n<div class=\"entity entity-paragraphs-item paragraphs-item-descripcion\">\n<div class=\"content\">\n<div class=\"field field-name-field-descripcion field-type-text-long field-label-hidden\">\n<div class=\"field-items\">\n<div class=\"field-item even\">\n<p>En\u00a0<strong>Tubar\u00e1<\/strong>\u00a0se respira historia y respeto por los ancestros que poblaron el territorio:\u00a0<strong>Los<\/strong>\u00a0<strong>Mokan\u00e1<\/strong>. All\u00ed se encuentra la piedra pintada, uno de los lugares m\u00e1s sagrados para esta comunidad, y est\u00e1 ubicada a 52 minutos en autom\u00f3vil desde Barranquilla.<\/p>\n<p>Para llegar a ella se debe realizar una caminata de 30 minutos desde la carretera principal que est\u00e1 entre los corregimientos de\u00a0<strong>El<\/strong>\u00a0<strong>Morro<\/strong>\u00a0y\u00a0<strong>Juaruco<\/strong>.<\/p>\n<p>Este petroglifo de la antigua etnia mokan\u00e1 \u00a0es conocido como Kasmhashoru de la lengua Arawak que significa la esquina tranquila del dios U; considerada por los mokan\u00e1 como \u201cuna biblia tallada y un libro sagrado\u201d que les permite a quienes la visitan conectar con sus ra\u00edces.<\/p>\n<p>Tambi\u00e9n est\u00e1 el Chorro de San Luis una buena alternativa para quienes deseen darse un chapuz\u00f3n en aguas minerales, est\u00e1 ubicado en el corregimiento Corral de San Luis y se puede llegar por carretera, desde Barranquilla, en 20 minutos, incluyendo una caminata de 5 minutos hasta el chorro. Se recomienda que sea visitado al inicio de la temporada invernal, ya que se aprecia mejor la fuerza del agua.<\/p>\n<p>Finalmente, en este rinc\u00f3n del Atl\u00e1ntico est\u00e1 el mirador del cementerio municipal, un gran atractivo, ya que all\u00ed est\u00e1 protegida la \u00fanica columna que qued\u00f3 de la Capilla Nuestra Se\u00f1ora Virgen del Rosario, construida entre 1562 y 1565, cuando estaba a cargo el fraile dominico Luis Beltr\u00e1n, primer patrono de Colombia canonizado. Tambi\u00e9n se puede observar todo el pueblo.<\/p>\n<p>Tomado de: EL HERALDO<\/p>\n<\/div>\n<\/div>\n<\/div>\n<\/div>\n<\/div>\n<\/div>\n<\/div>\n<\/div>\n<\/div>\n<\/div>\n<\/div>\n<\/div>\n<\/div>\n<\/div>\n<\/div>\n<\/div>\n<\/div>\n<\/div>\n<\/div>\n<\/div>\n<\/div>\n<\/div>\n<\/div>\n<\/div>\n<\/div>\n<\/div>\n<\/div>\n<\/div>\n<\/div>\n<\/div>\n<\/div>\n<\/div>\n<\/div>\n<p>&nbsp;<\/p>\n","protected":false},"excerpt":{"rendered":"<p>Con el inicio de la\u00a0Semana Santa, tiempo de reflexi\u00f3n y compartir en familia, tambi\u00e9n se abre la puerta a la aventura y el esparcimiento en los hogares atlanticenses, m\u00e1s con la amplia\u00a0oferta\u00a0tur\u00edstica\u00a0que ofrecen los diferentes municipios del departamento. En el caso de\u00a0Barranquilla, el\u00a0ecoturismo\u00a0se vive con m\u00e1s desde la apertura del ecoparque\u00a0Ci\u00e9naga de Mallorqu\u00edn\u00a0ya que es<\/p>\n","protected":false},"author":1,"featured_media":12073,"comment_status":"closed","ping_status":"closed","sticky":false,"template":"","format":"standard","meta":{"footnotes":""},"categories":[342,181],"tags":[],"class_list":["post-12072","post","type-post","status-publish","format-standard","has-post-thumbnail","hentry","category-news","category-noticias"],"views":151,"_links":{"self":[{"href":"https:\/\/www.amchambaq.com\/es_co\/wp-json\/wp\/v2\/posts\/12072","targetHints":{"allow":["GET"]}}],"collection":[{"href":"https:\/\/www.amchambaq.com\/es_co\/wp-json\/wp\/v2\/posts"}],"about":[{"href":"https:\/\/www.amchambaq.com\/es_co\/wp-json\/wp\/v2\/types\/post"}],"author":[{"embeddable":true,"href":"https:\/\/www.amchambaq.com\/es_co\/wp-json\/wp\/v2\/users\/1"}],"replies":[{"embeddable":true,"href":"https:\/\/www.amchambaq.com\/es_co\/wp-json\/wp\/v2\/comments?post=12072"}],"version-history":[{"count":1,"href":"https:\/\/www.amchambaq.com\/es_co\/wp-json\/wp\/v2\/posts\/12072\/revisions"}],"predecessor-version":[{"id":12074,"href":"https:\/\/www.amchambaq.com\/es_co\/wp-json\/wp\/v2\/posts\/12072\/revisions\/12074"}],"wp:featuredmedia":[{"embeddable":true,"href":"https:\/\/www.amchambaq.com\/es_co\/wp-json\/wp\/v2\/media\/12073"}],"wp:attachment":[{"href":"https:\/\/www.amchambaq.com\/es_co\/wp-json\/wp\/v2\/media?parent=12072"}],"wp:term":[{"taxonomy":"category","embeddable":true,"href":"https:\/\/www.amchambaq.com\/es_co\/wp-json\/wp\/v2\/categories?post=12072"},{"taxonomy":"post_tag","embeddable":true,"href":"https:\/\/www.amchambaq.com\/es_co\/wp-json\/wp\/v2\/tags?post=12072"}],"curies":[{"name":"wp","href":"https:\/\/api.w.org\/{rel}","templated":true}]}}