{"id":12045,"date":"2024-03-18T08:29:23","date_gmt":"2024-03-18T13:29:23","guid":{"rendered":"https:\/\/www.amchambaq.com\/?p=12045"},"modified":"2024-03-18T08:29:23","modified_gmt":"2024-03-18T13:29:23","slug":"resiliencia-de-las-empresas-mantiene-el-dinamismo-de-la-economia-en-la-ciudad","status":"publish","type":"post","link":"https:\/\/www.amchambaq.com\/es_co\/resiliencia-de-las-empresas-mantiene-el-dinamismo-de-la-economia-en-la-ciudad\/","title":{"rendered":"Resiliencia de las empresas mantiene el dinamismo de la econom\u00eda en la ciudad"},"content":{"rendered":"<div id=\"body\" class=\"content-article size-m\">\n<p>A partir de la confianza y voluntad \u201c<strong>inquebrantable<\/strong>\u201d de apalancar el desarrollo de la ciudad, los\u00a0<strong>empresarios barranquilleros\u00a0<\/strong>han construido los fuertes cimientos de la econom\u00eda local y hacen crecer sus empresas a pesar del fantasma de\u00a0<strong>desaceleraci\u00f3n<\/strong>\u00a0econ\u00f3mica que ronda a nivel nacional.<\/p>\n<\/div>\n<div id=\"paragraphs\" class=\"content-article paragraphs size-m\">\n<div class=\"field-collection-container clearfix\">\n<div class=\"field field-name-field-contenido-articulos-2 field-type-field-collection field-label-hidden\">\n<div class=\"field-item even\">\n<div class=\"field-collection-view clearfix view-mode-full field-collection-view-final\">\n<div>\n<div class=\"content\">\n<div class=\"paragraphs-items paragraphs-items-field-campos paragraphs-items-field-campos-full paragraphs-items-full\">\n<div class=\"field field-name-field-campos field-type-paragraphs field-label-hidden\">\n<div class=\"field-item even\">\n<div id=\"relacionado-body\">\n<div class=\"box-title\">\n<p>Lo anterior se vio reflejado en la Encuesta Ritmo Empresarial, realizada por las C\u00e1maras de Comercio del pa\u00eds, la cual ubic\u00f3 a la capital del Atl\u00e1ntico entre las tres ciudades donde las empresas incrementaron el valor de sus ventas y los empleos durante el segundo semestre de 2023.<\/p>\n<p>Uno de esos casos es el de la empresa Icarus Desarrollo Solar, donde sus directivos\u00a0<strong>trazaron\u00a0<\/strong>una hoja de ruta con anticipaci\u00f3n para as\u00ed mantener un balance positivo de cara al cierre del a\u00f1o anterior.<\/p>\n<p>\u201cNormalmente las empresas siempre esperan un poco para tomar decisiones con\u00a0<strong>respecto\u00a0<\/strong>a sus planes y hacer algunas inversiones porque tienen que aprobarse presupuestos u otras cosas, pero en nuestro caso en espec\u00edfico,\u00a0<strong>tuvimos din\u00e1mica\u00a0<\/strong>para planear y eso se vio reflejado para finales del a\u00f1o\u201d, explic\u00f3 el gerente general de la compa\u00f1\u00eda, especializada en desarrollo de proyectos de energ\u00eda solar.<\/p>\n<p>Zavaleta se mostr\u00f3 optimista en que su empresa pueda crecer este a\u00f1o un 40 % o 50 % m\u00e1s que el a\u00f1o\u00a0<strong>pasado debido\u00a0<\/strong>a la creciente demanda en este sector: \u201cLas familias est\u00e1n cansadas de las altas tarifas de energ\u00eda y por eso ven como\u00a0<strong>atractivo<\/strong>, en lo financiero, la adquisici\u00f3n de un panel solar para su hogar\u201d.<\/p>\n<p>A su turno, Tatiana Espitia, directora financiera de\u00a0<strong>GreenAir Engineering Solutions<\/strong>, asegur\u00f3 que en la capital del Atl\u00e1ntico se est\u00e1 viendo un buen\u00a0<strong>movimiento<\/strong>\u00a0del sector industrial, lo cual ha impulsado el crecimiento de esta empresa.<\/p>\n<p>\u201cEl optimismo se ha mantenido m\u00e1s all\u00e1 del segundo semestre del a\u00f1o anterior; vemos que hay un\u00a0<strong>crecimiento\u00a0<\/strong>en el sector retail, comercial e\u00a0<strong>industrial<\/strong>, que se puede visualizar en el tema de cotizaciones que nos han\u00a0<strong>llegado<\/strong>. Esa ha sido una ventaja ahora mismo en el territorio que habita nuestra empresa y que nos motiva a seguir adelante\u201d, sostuvo.<\/p>\n<p>Explic\u00f3, adem\u00e1s, que hay varios factores que han permitido que este\u00a0<strong>dinamismo\u00a0<\/strong>se mantenga: \u201cSomos una microempresa todav\u00eda y necesitamos de ciertos factores para reflejar un crecimiento, de esa manera es que en temas de contrataci\u00f3n estatal y el aumento de empleados nos hemos visto\u00a0<strong>beneficiados\u00a0<\/strong>y as\u00ed se marca el camino hacia nuestro dinamismo econ\u00f3mico\u201d.<\/p>\n<div class=\"field-item even\">\n<div class=\"content-titulo\">\n<div class=\"titulo\">El panorama actual<\/div>\n<\/div>\n<\/div>\n<div class=\"field-item odd\">\n<div class=\"entity entity-paragraphs-item paragraphs-item-descripcion\">\n<div class=\"content\">\n<div class=\"field field-name-field-descripcion field-type-text-long field-label-hidden\">\n<div class=\"field-items\">\n<div class=\"field-item even\">\n<p>De acuerdo con los resultados de la Encuesta Ritmo Empresarial de las\u00a0<strong>C\u00e1maras de Comercio<\/strong>, el 38,7 % de los empresarios consultados en\u00a0<strong>Barranquilla\u00a0<\/strong>reportaron aumentos en las ventas, una cifra en promedio superior al promedio en el territorio nacional (25,9%).<\/p>\n<p>Adem\u00e1s, en la capital del\u00a0<strong>Atl\u00e1ntico<\/strong>, el 21,7 % de las empresas dijeron haber incrementado el n\u00famero de\u00a0<strong>trabajadores<\/strong>. Tambi\u00e9n se destac\u00f3 como la ciudad principal donde m\u00e1s empresas se\u00f1alaron haber realizado inversiones durante el segundo semestre del a\u00f1o anterior con un 32,3 %.<\/p>\n<p>Al respecto, el presidente ejecutivo de la C\u00e1mara de Comercio de Barranquilla,\u00a0<strong>Manuel Fern\u00e1ndez<\/strong>, se\u00f1al\u00f3 que los indicadores que muestran el crecimiento de las empresas barranquilleras reflejan m\u00e1s que todo una estabilidad en su\u00a0<strong>dinamismo\u00a0<\/strong>econ\u00f3mico frente al de otras ciudades del pa\u00eds.<\/p>\n<p>\u201cLa encuesta refleja que algunas empresas en otras ciudades del pa\u00eds han presentado dificultades relacionadas con disminuci\u00f3n en las ventas, altos costos de insumos, elevadas tasas de inter\u00e9s y presi\u00f3n por la carga tributaria. El hecho de que\u00a0<strong>Barranquilla\u00a0<\/strong>se mantenga encima del promedio se puede explicar por la resiliencia y optimismo de nuestro empresariado\u201d, resalt\u00f3.<\/p>\n<p>Tambi\u00e9n explic\u00f3 que se deben hacer mayores esfuerzos para fortalecer los sectores\u00a0<strong>productivos<\/strong>: \u201cEl pa\u00eds se enfrenta a una p\u00e9rdida de tracci\u00f3n econ\u00f3mica y nuestros empresarios reclaman que se adopten pol\u00edticas y estrategias claras encaminadas a fortalecer emprendimientos y la innovaci\u00f3n. Sin embargo, Barranquilla se sigue destacando como una de las ciudades con mejores indicadores y con m\u00e1s\u00a0<strong>confianza\u00a0<\/strong>sobre una mayor din\u00e1mica este a\u00f1o\u201d.<\/p>\n<p>Asimismo, mencion\u00f3 que los resultados no solo muestran una mayor\u00a0<strong>din\u00e1mica econ\u00f3mica<\/strong>, sino que tambi\u00e9n proyecta un optimismo de cara a lo que viene.<\/p>\n<p>\u201cHist\u00f3ricamente Barranquilla ha sido un polo de desarrollo empresarial para el pa\u00eds, ya hay unas empresa maduras que saben a lo que se enfrentan, que exportan en mayor proporci\u00f3n que las del resto del pa\u00eds a otros mercados, por lo que hay se\u00f1ales de\u00a0<strong>optimismo\u00a0<\/strong>frente a lo que va a ser el resto del a\u00f1o\u201d, precis\u00f3 Fern\u00e1ndez.<\/p>\n<div class=\"field-item odd\">\n<div class=\"content-titulo\">\n<div class=\"titulo\">La confianza<\/div>\n<\/div>\n<\/div>\n<div class=\"field-item even\">\n<div class=\"entity entity-paragraphs-item paragraphs-item-descripcion\">\n<div class=\"content\">\n<div class=\"field field-name-field-descripcion field-type-text-long field-label-hidden\">\n<div class=\"field-items\">\n<div class=\"field-item even\">\n<p>\u201cLa din\u00e1mica econ\u00f3mica que tiene la ciudad de Barranquilla solo puede explicarse por la\u00a0<strong>confianza\u00a0<\/strong>que tienen los empresarios en la hoja de ruta que tiene la ciudad\u201d. Esta es la opini\u00f3n que tiene el empresario Joseph Dacarett, presidente ejecutivo de Frigor\u00edficos de la Costa, sobre el incremento de las ventas y el empleo en la capital del Atl\u00e1ntico.<\/p>\n<p>En ese sentido, tambi\u00e9n indic\u00f3 que \u201ccuando los que dirigen la ciudad le env\u00edan un\u00a0<strong>mensaje\u00a0<\/strong>claro al sector privado y productivo que los proyectos de la ciudad est\u00e1n avanzando, el estado an\u00edmico del empresario y los\u00a0<strong>inversionistas\u00a0<\/strong>es positivo y hace que la gente quiera comprar e invertir aqu\u00ed, porque las expectativas a futuro son buenas y no se frena el consumo\u201d.<\/p>\n<p>Adem\u00e1s, sostuvo que hay que trabajar para seguir enviando se\u00f1ales buenas al\u00a0<strong>sector empresarial<\/strong>: \u201cTenemos ciertos aspectos que s\u00ed est\u00e1n afectando la ciudad como lo son la inseguridad, lo cual lo que hace es desgastar la confianza del empresario. A su vez, yo creo que podemos trabajar para reducir los\u00a0<strong>tiempos\u00a0<\/strong>de la movilidad en la ciudad, porque tanto el empresario como el cliente dejan de hacer algunos\u00a0<strong>negocios\u00a0<\/strong>por los tiempos que utilizan para movilizarse de un punto a otro\u201d.<\/p>\n<div class=\"field-item odd\">\n<div class=\"content-titulo\">\n<div class=\"titulo\">\u201cContinuaremos con el acompa\u00f1amiento a los empresarios\u201d, sostuvo el alcalde Char<\/div>\n<\/div>\n<\/div>\n<div class=\"field-item even\">\n<div class=\"entity entity-paragraphs-item paragraphs-item-descripcion\">\n<div class=\"content\">\n<div class=\"field field-name-field-descripcion field-type-text-long field-label-hidden\">\n<div class=\"field-items\">\n<div class=\"field-item even\">\n<p>El fortalecimiento del tejido empresarial, \u00a0la atracci\u00f3n de inversi\u00f3n extranjera y la\u00a0<strong>consolidaci\u00f3n\u00a0<\/strong>de la ciudad como destino de eventos son algunos de factores que, de acuerdo con el alcalde Alejandro Char, han permitido que la ciudad mantenga su dinamismo econ\u00f3mico.<\/p>\n<p>\u201cNos hemos enfocado en proyectos para atraer eventos a nuestro destino,\u00a0<strong>logr\u00e1ndose\u00a0<\/strong>ubicar por primera vez \u00a0 en el ranking de las 63 ciudades con m\u00e1s eventos de Am\u00e9rica Latina seg\u00fan la Asociaci\u00f3n Internacional de Congresos y Convenciones, lo cual permite generar empleos en distintos sectores para la ciudad\u201d, destac\u00f3 el mandatario distrital.<\/p>\n<p>Char sostuvo, adem\u00e1s, que esto implica que en la\u00a0<strong>ciudad\u00a0<\/strong>ha crecido el ritmo en el que se desarrollan nuevas ideas para mejorar la\u00a0<strong>empleabilidad\u00a0<\/strong>y la estabilidad empresarial en los diferentes sectores econ\u00f3micos: \u201cEl sector portuario es un ejemplo de esto, el cual hoy d\u00eda representa m\u00e1s del 5% del producto interno bruto de la ciudad, colocando 22.000 empleos\u201d.<\/p>\n<p>El mandatario distrital tambi\u00e9n mencion\u00f3 que se debe seguir\u00a0<strong>trabajando\u00a0<\/strong>en los frentes descritos\u00a0<strong>anteriormente<\/strong>, as\u00ed como la movilizaci\u00f3n de recursos de cooperaci\u00f3n internacional para su destinaci\u00f3n a proyectos de empleabilidad. Puso de presente que, recientemente, se han recibido cerca de 8 millones de d\u00f3lares para tal fin.<\/p>\n<p>\u201cContinuaremos con un aspecto que ha sido clave: el acompa\u00f1amiento a los\u00a0<strong>empresarios<\/strong>, \u00a0donde hemos impactado a m\u00e1s 50.000 emprendedores y peque\u00f1os empresarios de la ciudad. Adem\u00e1s,\u00a0<strong>Secretar\u00eda de Desarrollo Econ\u00f3mico\u00a0<\/strong>ha implementado programas como estrategia para el aumento de la empleabilidad y el apoyo para la generaci\u00f3n y fortalecimiento de unidades productivas, y continuaremos en esta din\u00e1mica\u201d.<\/p>\n<p>Tomado de: EL HERALDO<\/p>\n<\/div>\n<\/div>\n<\/div>\n<\/div>\n<\/div>\n<\/div>\n<\/div>\n<\/div>\n<\/div>\n<\/div>\n<\/div>\n<\/div>\n<\/div>\n<\/div>\n<\/div>\n<\/div>\n<\/div>\n<\/div>\n<\/div>\n<\/div>\n<\/div>\n<\/div>\n<\/div>\n<\/div>\n<\/div>\n<\/div>\n<\/div>\n<\/div>\n<\/div>\n<\/div>\n","protected":false},"excerpt":{"rendered":"<p>A partir de la confianza y voluntad \u201cinquebrantable\u201d de apalancar el desarrollo de la ciudad, los\u00a0empresarios barranquilleros\u00a0han construido los fuertes cimientos de la econom\u00eda local y hacen crecer sus empresas a pesar del fantasma de\u00a0desaceleraci\u00f3n\u00a0econ\u00f3mica que ronda a nivel nacional. Lo anterior se vio reflejado en la Encuesta Ritmo Empresarial, realizada por las C\u00e1maras de<\/p>\n","protected":false},"author":1,"featured_media":12046,"comment_status":"closed","ping_status":"closed","sticky":false,"template":"","format":"standard","meta":{"footnotes":""},"categories":[342,181],"tags":[],"class_list":["post-12045","post","type-post","status-publish","format-standard","has-post-thumbnail","hentry","category-news","category-noticias"],"views":32,"_links":{"self":[{"href":"https:\/\/www.amchambaq.com\/es_co\/wp-json\/wp\/v2\/posts\/12045","targetHints":{"allow":["GET"]}}],"collection":[{"href":"https:\/\/www.amchambaq.com\/es_co\/wp-json\/wp\/v2\/posts"}],"about":[{"href":"https:\/\/www.amchambaq.com\/es_co\/wp-json\/wp\/v2\/types\/post"}],"author":[{"embeddable":true,"href":"https:\/\/www.amchambaq.com\/es_co\/wp-json\/wp\/v2\/users\/1"}],"replies":[{"embeddable":true,"href":"https:\/\/www.amchambaq.com\/es_co\/wp-json\/wp\/v2\/comments?post=12045"}],"version-history":[{"count":1,"href":"https:\/\/www.amchambaq.com\/es_co\/wp-json\/wp\/v2\/posts\/12045\/revisions"}],"predecessor-version":[{"id":12047,"href":"https:\/\/www.amchambaq.com\/es_co\/wp-json\/wp\/v2\/posts\/12045\/revisions\/12047"}],"wp:featuredmedia":[{"embeddable":true,"href":"https:\/\/www.amchambaq.com\/es_co\/wp-json\/wp\/v2\/media\/12046"}],"wp:attachment":[{"href":"https:\/\/www.amchambaq.com\/es_co\/wp-json\/wp\/v2\/media?parent=12045"}],"wp:term":[{"taxonomy":"category","embeddable":true,"href":"https:\/\/www.amchambaq.com\/es_co\/wp-json\/wp\/v2\/categories?post=12045"},{"taxonomy":"post_tag","embeddable":true,"href":"https:\/\/www.amchambaq.com\/es_co\/wp-json\/wp\/v2\/tags?post=12045"}],"curies":[{"name":"wp","href":"https:\/\/api.w.org\/{rel}","templated":true}]}}