{"id":12031,"date":"2024-03-13T11:29:48","date_gmt":"2024-03-13T16:29:48","guid":{"rendered":"https:\/\/www.amchambaq.com\/?p=12031"},"modified":"2024-03-13T11:29:48","modified_gmt":"2024-03-13T16:29:48","slug":"embajada-de-colombia-en-los-estados-unidos-respondio-por-la-disminucion-del-presupuesto-que-asigno-biden-al-pais","status":"publish","type":"post","link":"https:\/\/www.amchambaq.com\/es_co\/embajada-de-colombia-en-los-estados-unidos-respondio-por-la-disminucion-del-presupuesto-que-asigno-biden-al-pais\/","title":{"rendered":"Embajada de Colombia en los Estados Unidos respondi\u00f3 por la disminuci\u00f3n del presupuesto que asign\u00f3 Biden al pa\u00eds"},"content":{"rendered":"<p><b>La embajada de Colombia en los Estados Unidos se refiri\u00f3 al presupuesto solicitado por la administraci\u00f3n del presidente Joe Biden<\/b>\u00a0al Congreso de ese pa\u00eds norteamericano para Colombia, durante el a\u00f1o fiscal 2025.<\/p>\n<p>Seg\u00fan se conoci\u00f3,<b>\u00a0el presidente solicit\u00f3 al Congreso USD $413 millones para el pa\u00eds<\/b>, lo que representar\u00eda\u00a0<b>la asignaci\u00f3n m\u00e1s baja para Colombia<\/b>\u00a0desde su llegada a la Casa Blanca en 2021.<\/p>\n<p>No obstante, el comunicado presentado por el gobierno asegura que\u00a0<b>este presupuesto solicitado para el pa\u00eds \u201crefleja nuestros ejes de trabajo compartidos como aliados en la regi\u00f3n\u201d.<\/b><\/p>\n<p>Recalcan que estos recursos solicitados tienen el objetivo<b>\u00a0de promover la agenda com\u00fan en torno a la construcci\u00f3n de paz,\u00a0<\/b>mejorar las oportunidades sociales y econ\u00f3micas en las regiones del pa\u00eds. Asimismo,<b>\u00a0ser\u00e1 para impulsar la transici\u00f3n de comunidades rurales hacia alternativas l\u00edcitas,<\/b>\u00a0fortalecer su resiliencia frente al impacto del cambio clim\u00e1tico y promover la conservaci\u00f3n de la biodiversidad.<\/p>\n<p>Entre otras problem\u00e1ticas del pa\u00eds que se necesitan solucionar con el apoyo de los Estados Unidos es\u00a0<b>el tema de la migraci\u00f3n, a lo que aseguran que fue asignado USD $224.9 millones<\/b>\u00a0\u201cen asistencia bilateral directa a la regi\u00f3n, con el fin de respaldar la migraci\u00f3n segura, regular y humana\u201d, dicen desde la embajada.<\/p>\n<p>Finalmente, el comunicado sostiene que<b>\u00a0la asignaci\u00f3n de estos fondos \u201creconoce la importancia estrat\u00e9gica de la relaci\u00f3n Colombia \u2013 Estados Unidos\u201d<\/b>\u00a0y agregan que esta asignaci\u00f3n del presupuesto de Biden hacia el pa\u00eds \u201crefleja un enfoque integral compartido hacia el desarrollo social y sostenible del pa\u00eds\u201d.<\/p>\n<p>Tomado de: El Colombiano<\/p>\n","protected":false},"excerpt":{"rendered":"<p>La embajada de Colombia en los Estados Unidos se refiri\u00f3 al presupuesto solicitado por la administraci\u00f3n del presidente Joe Biden\u00a0al Congreso de ese pa\u00eds norteamericano para Colombia, durante el a\u00f1o fiscal 2025. Seg\u00fan se conoci\u00f3,\u00a0el presidente solicit\u00f3 al Congreso USD $413 millones para el pa\u00eds, lo que representar\u00eda\u00a0la asignaci\u00f3n m\u00e1s baja para Colombia\u00a0desde su llegada<\/p>\n","protected":false},"author":1,"featured_media":12032,"comment_status":"closed","ping_status":"closed","sticky":false,"template":"","format":"standard","meta":{"footnotes":""},"categories":[342,181],"tags":[],"class_list":["post-12031","post","type-post","status-publish","format-standard","has-post-thumbnail","hentry","category-news","category-noticias"],"views":71,"_links":{"self":[{"href":"https:\/\/www.amchambaq.com\/es_co\/wp-json\/wp\/v2\/posts\/12031","targetHints":{"allow":["GET"]}}],"collection":[{"href":"https:\/\/www.amchambaq.com\/es_co\/wp-json\/wp\/v2\/posts"}],"about":[{"href":"https:\/\/www.amchambaq.com\/es_co\/wp-json\/wp\/v2\/types\/post"}],"author":[{"embeddable":true,"href":"https:\/\/www.amchambaq.com\/es_co\/wp-json\/wp\/v2\/users\/1"}],"replies":[{"embeddable":true,"href":"https:\/\/www.amchambaq.com\/es_co\/wp-json\/wp\/v2\/comments?post=12031"}],"version-history":[{"count":1,"href":"https:\/\/www.amchambaq.com\/es_co\/wp-json\/wp\/v2\/posts\/12031\/revisions"}],"predecessor-version":[{"id":12033,"href":"https:\/\/www.amchambaq.com\/es_co\/wp-json\/wp\/v2\/posts\/12031\/revisions\/12033"}],"wp:featuredmedia":[{"embeddable":true,"href":"https:\/\/www.amchambaq.com\/es_co\/wp-json\/wp\/v2\/media\/12032"}],"wp:attachment":[{"href":"https:\/\/www.amchambaq.com\/es_co\/wp-json\/wp\/v2\/media?parent=12031"}],"wp:term":[{"taxonomy":"category","embeddable":true,"href":"https:\/\/www.amchambaq.com\/es_co\/wp-json\/wp\/v2\/categories?post=12031"},{"taxonomy":"post_tag","embeddable":true,"href":"https:\/\/www.amchambaq.com\/es_co\/wp-json\/wp\/v2\/tags?post=12031"}],"curies":[{"name":"wp","href":"https:\/\/api.w.org\/{rel}","templated":true}]}}