{"id":12022,"date":"2024-03-13T08:26:08","date_gmt":"2024-03-13T13:26:08","guid":{"rendered":"https:\/\/www.amchambaq.com\/?p=12022"},"modified":"2024-03-13T08:26:08","modified_gmt":"2024-03-13T13:26:08","slug":"distrito-unira-los-proyectos-mercado-del-rio-y-malecon","status":"publish","type":"post","link":"https:\/\/www.amchambaq.com\/es_co\/distrito-unira-los-proyectos-mercado-del-rio-y-malecon\/","title":{"rendered":"Distrito unir\u00e1 los proyectos Mercado del R\u00edo y Malec\u00f3n"},"content":{"rendered":"<p>El mercado del R\u00edo se conectar\u00e1 con el Gran Malec\u00f3n. As\u00ed lo anunci\u00f3 este martes el alcalde Alejandro Char, tras una visita de inspecci\u00f3n por las obras que se adelantan en el sector de La Loma y que servir\u00e1 para albergar a cerca de 350 vendedores estacionarios del\u00a0<strong>Centro de Barranquilla.<\/strong><\/p>\n<p>Este nuevo espacio \u2014de acuerdo con datos entregados por la\u00a0<strong>administraci\u00f3n distrital<\/strong>\u2013 cuenta con 4 bloques para la ubicaci\u00f3n de los vendedores, cuartos t\u00e9cnicos de operaci\u00f3n y mantenimiento, sistema de aguas residuales, de agua potable y red contraincendios, entre otras amenidades que ser\u00e1n atractivas para la llegada de compradores, as\u00ed como para los mismos comerciantes que ser\u00e1n trasladados.<\/p>\n<p>\u201cAqu\u00ed se ha venido construyendo un\u00a0<strong>gran mercado<\/strong>, hay cerca de 350 puestos de trabajo en un lugar estrat\u00e9gico, hermoso, fresco, con una vista a los ca\u00f1os, es por eso que ser\u00eda muy importante terminar estas obras r\u00e1pido\u201d, dijo Char.<\/p>\n<p>Destac\u00f3 la noticia de la conexi\u00f3n de ambos proyectos que servir\u00e1 para impulsar el comercio y la econom\u00eda de los vendedores, al tiempo que ayudar\u00e1 a atraer la visitas de propios y turistas.<\/p>\n<p>\u201cEs un espacio para los vendedores, este punto lo vamos a conectar con el\u00a0<strong>Gran Malec\u00f3n<\/strong>, que est\u00e1 aqu\u00ed a la vuelta, lo vamos a traer hasta ac\u00e1, es un sitio estrat\u00e9gico\u201d, expres\u00f3.<\/p>\n<p>El alcalde se\u00f1al\u00f3 que esta obra ayudar\u00e1 a la econom\u00eda de la ciudad. Asimismo, destac\u00f3 que este sector est\u00e1 cerca de\u00a0<strong>La Loma<\/strong>\u00a0para empezar a construir vivienda \u201cporque si hay algo que necesita el comercio es gente, que tengamos unidades de vivienda cerca del Centro\u201d.<\/p>\n<p>Agreg\u00f3 el mandatario distrital que: \u201c fecha de hoy tenemos escasamente 70 d\u00edas de habernos posesionado y entregamos Sredni, ya estamos a poco d\u00edas de inaugurar el\u00a0<strong>Gran Bazar en Barranquillita<\/strong>\u00a0y esta tercera obra, este gran mercado. Ganamos todos, el transe\u00fante, el vendedor, es una gran noticia\u201d.<\/p>\n<p>Tomado de: El Heraldo<\/p>\n","protected":false},"excerpt":{"rendered":"<p>El mercado del R\u00edo se conectar\u00e1 con el Gran Malec\u00f3n. As\u00ed lo anunci\u00f3 este martes el alcalde Alejandro Char, tras una visita de inspecci\u00f3n por las obras que se adelantan en el sector de La Loma y que servir\u00e1 para albergar a cerca de 350 vendedores estacionarios del\u00a0Centro de Barranquilla. Este nuevo espacio \u2014de acuerdo<\/p>\n","protected":false},"author":1,"featured_media":12023,"comment_status":"closed","ping_status":"closed","sticky":false,"template":"","format":"standard","meta":{"footnotes":""},"categories":[342,181],"tags":[],"class_list":["post-12022","post","type-post","status-publish","format-standard","has-post-thumbnail","hentry","category-news","category-noticias"],"views":181,"_links":{"self":[{"href":"https:\/\/www.amchambaq.com\/es_co\/wp-json\/wp\/v2\/posts\/12022","targetHints":{"allow":["GET"]}}],"collection":[{"href":"https:\/\/www.amchambaq.com\/es_co\/wp-json\/wp\/v2\/posts"}],"about":[{"href":"https:\/\/www.amchambaq.com\/es_co\/wp-json\/wp\/v2\/types\/post"}],"author":[{"embeddable":true,"href":"https:\/\/www.amchambaq.com\/es_co\/wp-json\/wp\/v2\/users\/1"}],"replies":[{"embeddable":true,"href":"https:\/\/www.amchambaq.com\/es_co\/wp-json\/wp\/v2\/comments?post=12022"}],"version-history":[{"count":1,"href":"https:\/\/www.amchambaq.com\/es_co\/wp-json\/wp\/v2\/posts\/12022\/revisions"}],"predecessor-version":[{"id":12024,"href":"https:\/\/www.amchambaq.com\/es_co\/wp-json\/wp\/v2\/posts\/12022\/revisions\/12024"}],"wp:featuredmedia":[{"embeddable":true,"href":"https:\/\/www.amchambaq.com\/es_co\/wp-json\/wp\/v2\/media\/12023"}],"wp:attachment":[{"href":"https:\/\/www.amchambaq.com\/es_co\/wp-json\/wp\/v2\/media?parent=12022"}],"wp:term":[{"taxonomy":"category","embeddable":true,"href":"https:\/\/www.amchambaq.com\/es_co\/wp-json\/wp\/v2\/categories?post=12022"},{"taxonomy":"post_tag","embeddable":true,"href":"https:\/\/www.amchambaq.com\/es_co\/wp-json\/wp\/v2\/tags?post=12022"}],"curies":[{"name":"wp","href":"https:\/\/api.w.org\/{rel}","templated":true}]}}