{"id":12006,"date":"2024-03-07T08:36:09","date_gmt":"2024-03-07T13:36:09","guid":{"rendered":"https:\/\/www.amchambaq.com\/?p=12006"},"modified":"2024-03-07T08:36:09","modified_gmt":"2024-03-07T13:36:09","slug":"atlantico-punta-de-lanza-para-impulsar-exportaciones-del-pais","status":"publish","type":"post","link":"https:\/\/www.amchambaq.com\/es_co\/atlantico-punta-de-lanza-para-impulsar-exportaciones-del-pais\/","title":{"rendered":"Atl\u00e1ntico, punta de lanza para impulsar exportaciones del pa\u00eds"},"content":{"rendered":"<p>La\u00a0<strong>regi\u00f3n Caribe\u00a0<\/strong>est\u00e1 llamada a ser jalonadora de la\u00a0<strong>internacionalizaci\u00f3n\u00a0<\/strong>de\u00a0<strong>Colombia<\/strong>. As\u00ed lo expres\u00f3\u00a0<strong>Javier D\u00edaz, presidente de la Asociaci\u00f3n Nacional de Comercio Exterior (Analdex)<\/strong>, quien destac\u00f3 el gran nivel que tiene este territorio, en conjunto con el gran liderazgo del sector empresarial para fortalecer su\u00a0<strong>canasta exportadora<\/strong>.<\/p>\n<p>Sin embargo, el dirigente gremial, quien estuvo reunido en\u00a0<strong>Barranquilla\u00a0<\/strong>con el\u00a0<strong>gobernador del Atl\u00e1ntico, Eduardo Verano De La Rosa\u00a0<\/strong>y diferentes empresarios del\u00a0<strong>Atl\u00e1ntico\u00a0<\/strong>y la\u00a0<strong>regi\u00f3n Caribe<\/strong>, manifest\u00f3 que para lograr fortalecer esa\u00a0<strong>internacionalizaci\u00f3n<\/strong>, es necesario hacer unos ajustes estructurales con el objetivo de que la\u00a0<strong>exportaci\u00f3n\u00a0<\/strong>sea m\u00e1s rentable para el\u00a0<strong>sector empresarial<\/strong>.<\/p>\n<p>\u201cHay muchos empresarios que se han quejado de unos tr\u00e1mites, permisos y regulaciones que son muy exigentes en donde se pretende controlar todo en detalle, por tal motivo hay que ver como se desregula y como se facilita a\u00fan m\u00e1s para que exportar sea rentable. Hoy en d\u00eda muchos empresarios quieren vender en el mercado local porque les sale m\u00e1s rentable, y una de los motivos es que no tienen los riesgos de sanciones por parte de las entidades del\u00a0<strong>Gobierno<\/strong>, entonces se debe hacer un trabajo para lograr ampliar las exportaciones no solamente de la regi\u00f3n Caribe, sino adem\u00e1s del pa\u00eds\u201d, se\u00f1al\u00f3 el\u00a0<strong>presidente de Analdex.<\/strong><\/p>\n<p>En ese sentido,\u00a0<strong>Javier D\u00edaz\u00a0<\/strong>recalc\u00f3 que Colombia exporta menos de USD50 mil millones en\u00a0<strong>exportaciones<\/strong>\u00a0<strong>totales<\/strong>. \u201cSi exportara el promedio per c\u00e1pita de los pa\u00edses de la\u00a0<strong>regi\u00f3n<\/strong>, deber\u00eda estar exportando el doble, y eso ser\u00eda cerca de USD120 mil millones, entonces, creo que es posible. Si los otros pa\u00edses lo han logrado, \u00bfPor qu\u00e9\u00a0<strong>Colombia\u00a0<\/strong>no?\u201d.<\/p>\n<div class=\"field-item even\">\n<div class=\"content-titulo\">\n<div class=\"titulo\">El reto de la relocalizaci\u00f3n<\/div>\n<\/div>\n<\/div>\n<div class=\"field-item odd\">\n<div class=\"entity entity-paragraphs-item paragraphs-item-descripcion\">\n<div class=\"content\">\n<div class=\"field field-name-field-descripcion field-type-text-long field-label-hidden\">\n<div class=\"field-items\">\n<div class=\"field-item even\">\n<p>El<strong>\u00a0presidente de Analdex\u00a0<\/strong>expres\u00f3 que el reto principal es la\u00a0<strong>relocalizaci\u00f3n\u00a0<\/strong>de las\u00a0<strong>empresas<\/strong>, es decir, atraer a m\u00e1s\u00a0<strong>compa\u00f1\u00edas\u00a0<\/strong>a que se muden a Colombia, destacando en gran parte a la\u00a0<strong>regi\u00f3n Caribe<\/strong>, a\u00a0<strong>Barranquilla<\/strong>\u00a0y el\u00a0<strong>Atl\u00e1ntico\u00a0<\/strong>como un destino para lograr una buena\u00a0<strong>relocalizaci\u00f3n<\/strong>.<\/p>\n<p>\u201cSi algunos pa\u00edses centroamericanos como\u00a0<strong>M\u00e9xico\u00a0<\/strong>est\u00e1n aprovechando estos procesos de\u00a0<strong>relocalizaci\u00f3n\u00a0<\/strong>de plantas para atender el mercado de los\u00a0<strong>Estados Unidos<\/strong>, \u00bfPorqu\u00e9 una regi\u00f3n como la\u00a0<strong>Caribe\u00a0<\/strong>y como Barranquilla no han logrado traer muchas m\u00e1s empresas a que se localicen aqu\u00ed? Creo que ese es el reto, atraer inversi\u00f3n, facilitar el\u00a0<strong>comercio<\/strong>, crecer nuestras\u00a0<strong>ventas\u00a0<\/strong>y generar m\u00e1s\u00a0<strong>empleo\u00a0<\/strong>y\u00a0<strong>bienestar<\/strong>\u00a0para la\u00a0<strong>poblaci\u00f3n<\/strong>\u201d, dijo D\u00edaz.<\/p>\n<\/div>\n<\/div>\n<\/div>\n<\/div>\n<\/div>\n<\/div>\n<div class=\"field-item even\">\n<div class=\"shares\"><\/div>\n<div class=\"content-titulo\">\n<div class=\"titulo\">Atl\u00e1ntico, una punta de lanza<\/div>\n<\/div>\n<\/div>\n<div class=\"field-item odd\">\n<div class=\"entity entity-paragraphs-item paragraphs-item-descripcion\">\n<div class=\"content\">\n<div class=\"field field-name-field-descripcion field-type-text-long field-label-hidden\">\n<div class=\"field-items\">\n<div class=\"field-item even\">\n<p>El\u00a0<strong>gobernador del Atl\u00e1ntico, Eduardo Verano<\/strong>, destac\u00f3 al\u00a0<strong>departamento\u00a0<\/strong>como una punta de lanza importante para mejorar a\u00fan m\u00e1s las\u00a0<strong>exportaciones de Colombia.<\/strong><\/p>\n<p>\u201cHemos hecho un ejercicio clave y es estudiar y analizar la vocaci\u00f3n exportadora de cada departamento y se\u00f1alar con mucha claridad cu\u00e1les son sus fortalezas pero tambi\u00e9n sus falencias, y el Atl\u00e1ntico lleva casi cinco a\u00f1os donde no se ha llevado una din\u00e1mica exportadora creciente, es decir, tenemos buenas empresas exportadoras, pero realmente nuestras cifras est\u00e1n relativamente estancadas. Aunque hemos crecido en materia de d\u00f3lares, si hace falta crecer en vocaci\u00f3n exportadora, aprovechando al m\u00e1ximo la ubicaci\u00f3n de\u00a0<strong>Barranquilla\u00a0<\/strong>y su cercan\u00eda al principal mercado donde llegan las exportaciones como es\u00a0<strong>Estados Unidos<\/strong>\u201d, dijo Verano.<\/p>\n<p>Es de anotar que las\u00a0<strong>exportaciones del<\/strong>\u00a0<strong>Atl\u00e1ntico\u00a0<\/strong>crecieron 3,2 % en el total de 2023 frente a 2022.\u00a0Seg\u00fan\u00a0<strong>Analdex<\/strong>, el\u00a0<strong>Atl\u00e1ntico\u00a0<\/strong>representa el 46,2 % de las\u00a0<strong>exportaciones\u00a0<\/strong>de la regi\u00f3n Caribe.<\/p>\n<p>Voceros de los empresarios asistentes al encuentro con el gobernador Verano, como Manuel Fern\u00e1ndez, presidente ejecutivo de la\u00a0<strong>C\u00e1mara de Comercio de Barranquilla<\/strong>; Mariano Espitia, gerente administrativo de Quintal; Efra\u00edn Cepeda, presidente del<strong>\u00a0Comit\u00e9 Intergremial del Atl\u00e1ntico<\/strong>; Manuel Herrera, gerente general de la Zona Franca del Caribe; Rodolfo Espinosa, representante legal en Colombia del grupo empresarial\u00a0<strong>Tecnoglass<\/strong>; la diputada Lourdes L\u00f3pez; Jorge Pacheco, directivo de\u00a0<strong>Nitrofert<\/strong>, entre otros, hicieron sugerencias con base en experiencia vividas.<\/p>\n<p>En resumen, destacaron la necesidad de fortalecer las estrategias de seguridad en territorio debe ser\u00a0<strong>fortalecidas\u00a0<\/strong>para poderlos promocionar a los\u00a0<strong>inversionistas<\/strong>; seguir insistiendo ante el\u00a0<strong>Gobierno\u00a0<\/strong>en la adopci\u00f3n de una pol\u00edtica de tarifas energ\u00e9ticas que tengan en cuenta la caracterizaci\u00f3n del Caribe; gesti\u00f3n para reducir los tramites en los procesos de\u00a0<strong>exportaci\u00f3n<\/strong>; y seguir trabajando para conseguir\u00a0<strong>descentralizaci\u00f3n\u00a0<\/strong>y\u00a0<strong>autonom\u00eda\u00a0<\/strong>para la toma de decisiones, teniendo en cuenta la concentraci\u00f3n de\u00a0<strong>Bogot\u00e1\u00a0<\/strong>a las regiones.<\/p>\n<p>Tambi\u00e9n se refirieron al respaldo que debe prestarse a los empresarios y productores del agro en departamento para que cambien sus m\u00e9todos de producci\u00f3n y perfilarlos hacia mercados externos, adem\u00e1s, que organismos como\u00a0<strong>Procolombia\u00a0<\/strong>se conviertan en fuente de informaci\u00f3n sobre oportunidades de mercados internacionales en materia de servicios, diversidad de productos y tendencias de consumo.<\/p>\n<\/div>\n<\/div>\n<\/div>\n<\/div>\n<\/div>\n<\/div>\n<div class=\"field-item even\">\n<div class=\"shares\"><\/div>\n<div class=\"content-titulo\">\n<div class=\"titulo\">\u201cEl mundo demanda m\u00e1s alimentos\u201d<\/div>\n<\/div>\n<\/div>\n<div class=\"field-item odd\">\n<div class=\"entity entity-paragraphs-item paragraphs-item-descripcion\">\n<div class=\"content\">\n<div class=\"field field-name-field-descripcion field-type-text-long field-label-hidden\">\n<div class=\"field-items\">\n<div class=\"field-item even\">\n<p>Luego que el\u00a0<strong>Dane\u00a0<\/strong>diera a conocer que las exportaciones colombianas crecieron un 1,3 % en enero de 2024, cortando una racha negativa de un a\u00f1o con indicadores en rojo, el\u00a0<strong>presidente de Analdex, Javier D\u00edaz<\/strong>, resalt\u00f3 que pese a ser peque\u00f1o dicho crecimiento, ya hay un cambio de tendencia.<\/p>\n<div id=\"paragraphs\" class=\"content-article paragraphs size-m\">\n<div class=\"field-collection-container clearfix\">\n<div class=\"field field-name-field-contenido-articulos-2 field-type-field-collection field-label-hidden\">\n<div class=\"field-item even\">\n<div class=\"field-collection-view clearfix view-mode-full field-collection-view-final\">\n<div>\n<div class=\"content\">\n<div class=\"paragraphs-items paragraphs-items-field-campos paragraphs-items-field-campos-full paragraphs-items-full\">\n<div class=\"field field-name-field-campos field-type-paragraphs field-label-hidden\">\n<div class=\"field-item odd\">\n<div class=\"entity entity-paragraphs-item paragraphs-item-descripcion\">\n<div class=\"content\">\n<div class=\"field field-name-field-descripcion field-type-text-long field-label-hidden\">\n<div class=\"field-items\">\n<div class=\"field-item even\">\n<p>\u201cLo que uno quiere es que ese cambio de tendencia contin\u00fae, por ende, uno de los retos a tratar en 2024 es c\u00f3mo lograr impulsar a las\u00a0<strong>empresas\u00a0<\/strong>para que exporten cada vez m\u00e1s, lo saben los empresarios que vinieron a esta reuni\u00f3n, y una tarea clara es concretar ese crecimiento en las exportaciones\u201d, precis\u00f3 el\u00a0<strong>dirigente gremial.<\/strong><\/p>\n<p>Agreg\u00f3 que el mundo sigue demandando alimentos, y\u00a0<strong>Colombia\u00a0<\/strong>es uno de los pa\u00edses que podr\u00eda ser un jugador activo en ese mercado de\u00a0<strong>alimentos\u00a0<\/strong>a nivel internacional.<\/p>\n<\/div>\n<p>Tomado de: El Heraldo<\/p>\n<\/div>\n<\/div>\n<\/div>\n<\/div>\n<\/div>\n<\/div>\n<\/div>\n<\/div>\n<\/div>\n<\/div>\n<\/div>\n<\/div>\n<\/div>\n<\/div>\n<div id=\"redes\" class=\"redes-compartir\"><\/div>\n<\/div>\n<\/div>\n<\/div>\n<\/div>\n<\/div>\n<\/div>\n","protected":false},"excerpt":{"rendered":"<p>La\u00a0regi\u00f3n Caribe\u00a0est\u00e1 llamada a ser jalonadora de la\u00a0internacionalizaci\u00f3n\u00a0de\u00a0Colombia. As\u00ed lo expres\u00f3\u00a0Javier D\u00edaz, presidente de la Asociaci\u00f3n Nacional de Comercio Exterior (Analdex), quien destac\u00f3 el gran nivel que tiene este territorio, en conjunto con el gran liderazgo del sector empresarial para fortalecer su\u00a0canasta exportadora. Sin embargo, el dirigente gremial, quien estuvo reunido en\u00a0Barranquilla\u00a0con el\u00a0gobernador del Atl\u00e1ntico,<\/p>\n","protected":false},"author":1,"featured_media":12007,"comment_status":"closed","ping_status":"closed","sticky":false,"template":"","format":"standard","meta":{"footnotes":""},"categories":[342,181],"tags":[],"class_list":["post-12006","post","type-post","status-publish","format-standard","has-post-thumbnail","hentry","category-news","category-noticias"],"views":43,"_links":{"self":[{"href":"https:\/\/www.amchambaq.com\/es_co\/wp-json\/wp\/v2\/posts\/12006","targetHints":{"allow":["GET"]}}],"collection":[{"href":"https:\/\/www.amchambaq.com\/es_co\/wp-json\/wp\/v2\/posts"}],"about":[{"href":"https:\/\/www.amchambaq.com\/es_co\/wp-json\/wp\/v2\/types\/post"}],"author":[{"embeddable":true,"href":"https:\/\/www.amchambaq.com\/es_co\/wp-json\/wp\/v2\/users\/1"}],"replies":[{"embeddable":true,"href":"https:\/\/www.amchambaq.com\/es_co\/wp-json\/wp\/v2\/comments?post=12006"}],"version-history":[{"count":1,"href":"https:\/\/www.amchambaq.com\/es_co\/wp-json\/wp\/v2\/posts\/12006\/revisions"}],"predecessor-version":[{"id":12008,"href":"https:\/\/www.amchambaq.com\/es_co\/wp-json\/wp\/v2\/posts\/12006\/revisions\/12008"}],"wp:featuredmedia":[{"embeddable":true,"href":"https:\/\/www.amchambaq.com\/es_co\/wp-json\/wp\/v2\/media\/12007"}],"wp:attachment":[{"href":"https:\/\/www.amchambaq.com\/es_co\/wp-json\/wp\/v2\/media?parent=12006"}],"wp:term":[{"taxonomy":"category","embeddable":true,"href":"https:\/\/www.amchambaq.com\/es_co\/wp-json\/wp\/v2\/categories?post=12006"},{"taxonomy":"post_tag","embeddable":true,"href":"https:\/\/www.amchambaq.com\/es_co\/wp-json\/wp\/v2\/tags?post=12006"}],"curies":[{"name":"wp","href":"https:\/\/api.w.org\/{rel}","templated":true}]}}