{"id":12000,"date":"2024-03-07T08:24:42","date_gmt":"2024-03-07T13:24:42","guid":{"rendered":"https:\/\/www.amchambaq.com\/?p=12000"},"modified":"2024-03-07T08:24:42","modified_gmt":"2024-03-07T13:24:42","slug":"minhacienda-planteo-ley-para-ampliar-cupo-de-deuda-nacional-a-us17-000-millones","status":"publish","type":"post","link":"https:\/\/www.amchambaq.com\/es_co\/minhacienda-planteo-ley-para-ampliar-cupo-de-deuda-nacional-a-us17-000-millones\/","title":{"rendered":"MinHacienda plante\u00f3 ley para ampliar cupo de deuda nacional a US$17.000 millones"},"content":{"rendered":"<p>En el reciente\u00a0<strong>debate de control pol\u00edtico<\/strong>\u00a0llevado a cabo en la\u00a0<strong>Comisi\u00f3n Tercera de la C\u00e1mara de Representantes<\/strong>, se discuti\u00f3 la situaci\u00f3n econ\u00f3mica y fiscal del pa\u00eds. Durante este debate, el\u00a0<strong>ministro de Hacienda<\/strong>,\u00a0<strong>Ricardo Bonilla<\/strong>, afirm\u00f3 que el Gobierno tiene planes de<strong>\u00a0radicar una ley de ampliaci\u00f3n del cupo<\/strong>, ya que, seg\u00fan sus palabras, \u201c<strong>nos pone en un nivel alto de endeudamiento, pero cuando lo pago, est\u00e1 por fuera del cupo<\/strong>\u201d.<\/p>\n<p><strong>Bonilla<\/strong>, jefe de la\u00a0<u>cartera<\/u>, confirm\u00f3 que el Gobierno ya<strong>\u00a0ha realizado el pago de la primera cuota del cr\u00e9dito adquirido con el Fondo Monetario Internacional, FMI<\/strong>. El monto de esta cuota asciende a US$662,2 millones. Este cr\u00e9dito, cuyo total es de US$5.400 millones, fue adquirido durante la pandemia.<\/p>\n<p>No obstante, el\u00a0<strong>MinHacienda<\/strong>\u00a0se\u00f1al\u00f3 que, a pesar de que\u00a0<strong>el cr\u00e9dito tiene un costo bajo<\/strong>, no se incluye en el\u00a0<strong>cupo de endeudamiento que el Gobierno tiene aprobado<\/strong>.<\/p>\n<p>No obstante, el\u00a0<strong>MinHacienda<\/strong>\u00a0se\u00f1al\u00f3 que, a pesar de que\u00a0<strong>el cr\u00e9dito tiene un costo bajo<\/strong>, no se incluye en el\u00a0<strong>cupo de endeudamiento que el Gobierno tiene aprobado<\/strong>.<\/p>\n<p>El Gobierno tiene planes de continuar con los pagos de manera regular. Sin embargo, la discusi\u00f3n actual podr\u00eda favorecer que\u00a0<strong>Colombia obtenga una mayor capacidad de endeudamiento<\/strong>,\u00a0<strong>hasta US$17.000 millones,<\/strong>\u00a0que permitir\u00eda un \u2018rollover\u2019, t\u00e9rmino que se refiere al proceso de pr\u00f3rroga de las fechas de vencimiento del pr\u00e9stamo.<\/p>\n<p>Por su parte,<strong>\u00a0\u00d3scar Dar\u00edo P\u00e9rez<\/strong>, miembro de la\u00a0<strong>C\u00e1mara de Representantes por el Centro Democr\u00e1tico<\/strong>, indic\u00f3 que si<strong>\u00a0la deuda adquirida con el FMI tiene unas condiciones favorables<\/strong>, \u201c<strong>es una buena noticia financiera<\/strong>,<strong>\u00a0porque tiene un menor costo del servicio de la deuda, y si eso implica aumentar el cupo, estoy con usted<\/strong>\u201d.<\/p>\n<h3>Control pol\u00edtico a MinHacienda<\/h3>\n<p>El debate fue convocado por Representantes a la C\u00e1mara en la Comisi\u00f3n Tercera. El objetivo era que el\u00a0<strong>ministro de Hacienda, Ricardo Bonilla<\/strong>, y el\u00a0<strong>gerente general del Banco de la Rep\u00fablica, Leonardo Villar<\/strong>, respondieran sobre la situaci\u00f3n econ\u00f3mica y fiscal del pa\u00eds.<\/p>\n<p><strong>Bonilla<\/strong>\u00a0afirm\u00f3 que\u00a0<strong>en 2023 no hubo recesi\u00f3n<\/strong>, pero que el\u00a0<strong>Dane<\/strong>\u00a0revis\u00f3 a la baja los tres primeros trimestres.\u00a0<u>Apunt\u00f3<\/u>\u00a0que hubo \u201c<strong>una gran acumulaci\u00f3n de inventarios\u201d en 2021 y 2022<\/strong>, que afect\u00f3 al sector vivienda.<\/p>\n<h3>El problema de la vivienda<\/h3>\n<p>\u201c<strong>En 2023, hay una salida completa de subsidios pero no de iniciaciones de obras<\/strong>. Esto sirvi\u00f3 para vender los inventarios.\u00a0<strong>Ahora es el momento de volver a activar<\/strong>\u201d, dijo Bonilla.<\/p>\n<p><strong>MinHacienda<\/strong>\u00a0indic\u00f3 que\u00a0<strong>la disminuci\u00f3n de la tasa de inter\u00e9s y el esfuerzo con la banca p\u00fablica y privada<\/strong>\u00a0impulsar\u00edan el cierre financiero de proyectos de infraestructura 5G.<\/p>\n<h3>Las vigencias futuras<\/h3>\n<p>El jefe de cartera explic\u00f3 que\u00a0<strong>la discusi\u00f3n no es romper contratos, sino reactivar obras civiles que no env\u00eden el dinero a las fiducias<\/strong>. As\u00ed, plante\u00f3 la necesidad de financiar aquellas que s\u00ed avancen y demuestren el comportamiento.<\/p>\n<h3>\u00bfY el mercado laboral?<\/h3>\n<p><strong>Bonilla<\/strong>\u00a0se\u00f1al\u00f3 que se observ\u00f3\u00a0<strong>un desempe\u00f1o positivo reflejado en una tasa de desempleo reducida<\/strong>. En 2023, esta se situ\u00f3 en 10,2%, lo cual contrasta con la cifra del a\u00f1o anterior, 2022, que fue del 11,2%.\u00a0<strong>Adem\u00e1s, dijo que hay 50.000 adicionales en el sector de construcci\u00f3n<\/strong>, uno de los sectores m\u00e1s golpeados y necesarios para la recuperaci\u00f3n a corto plazo.<\/p>\n<h3>MinHacienda presenta las cuentas fiscales<\/h3>\n<p>En cuanto al<strong>\u00a0incremento del Acpm, coment\u00f3 que la revisi\u00f3n se har\u00e1 con calma<\/strong>, debido a las reuniones con los gremios exportadores.<\/p>\n<p>A\u00f1adi\u00f3 que en\u00a0<strong>la exploraci\u00f3n petrolera, hay 251 contratos vigentes<\/strong>, de ellos hay un \u00e1rea de 17 millones de hect\u00e1reas,\u00a0<strong>y han solicitado explorar el \u00e1rea<\/strong>.<\/p>\n<p>Y se\u00f1al\u00f3 que las\u00a0<strong>concesiones de vigencias futuras ser\u00e1n de mutuo acuerdo, no unilateral<\/strong>. Aunque advirti\u00f3 que est\u00e1n frenando otras obras<\/p>\n<p>En cuanto al<strong>\u00a0incremento del Acpm, coment\u00f3 que la revisi\u00f3n se har\u00e1 con calma<\/strong>, debido a las reuniones con los gremios exportadores.<\/p>\n<p>A\u00f1adi\u00f3 que en\u00a0<strong>la exploraci\u00f3n petrolera, hay 251 contratos vigentes<\/strong>, de ellos hay un \u00e1rea de 17 millones de hect\u00e1reas,\u00a0<strong>y han solicitado explorar el \u00e1rea<\/strong>.<\/p>\n<p>Y se\u00f1al\u00f3 que las\u00a0<strong>concesiones de vigencias futuras ser\u00e1n de mutuo acuerdo, no unilateral<\/strong>. Aunque advirti\u00f3 que est\u00e1n frenando otras obras.<\/p>\n<p>Tomado de: La Rep\u00fablica<\/p>\n<p>&nbsp;<\/p>\n","protected":false},"excerpt":{"rendered":"<p>En el reciente\u00a0debate de control pol\u00edtico\u00a0llevado a cabo en la\u00a0Comisi\u00f3n Tercera de la C\u00e1mara de Representantes, se discuti\u00f3 la situaci\u00f3n econ\u00f3mica y fiscal del pa\u00eds. Durante este debate, el\u00a0ministro de Hacienda,\u00a0Ricardo Bonilla, afirm\u00f3 que el Gobierno tiene planes de\u00a0radicar una ley de ampliaci\u00f3n del cupo, ya que, seg\u00fan sus palabras, \u201cnos pone en un nivel<\/p>\n","protected":false},"author":1,"featured_media":12001,"comment_status":"closed","ping_status":"closed","sticky":false,"template":"","format":"standard","meta":{"footnotes":""},"categories":[342,181],"tags":[],"class_list":["post-12000","post","type-post","status-publish","format-standard","has-post-thumbnail","hentry","category-news","category-noticias"],"views":35,"_links":{"self":[{"href":"https:\/\/www.amchambaq.com\/es_co\/wp-json\/wp\/v2\/posts\/12000","targetHints":{"allow":["GET"]}}],"collection":[{"href":"https:\/\/www.amchambaq.com\/es_co\/wp-json\/wp\/v2\/posts"}],"about":[{"href":"https:\/\/www.amchambaq.com\/es_co\/wp-json\/wp\/v2\/types\/post"}],"author":[{"embeddable":true,"href":"https:\/\/www.amchambaq.com\/es_co\/wp-json\/wp\/v2\/users\/1"}],"replies":[{"embeddable":true,"href":"https:\/\/www.amchambaq.com\/es_co\/wp-json\/wp\/v2\/comments?post=12000"}],"version-history":[{"count":1,"href":"https:\/\/www.amchambaq.com\/es_co\/wp-json\/wp\/v2\/posts\/12000\/revisions"}],"predecessor-version":[{"id":12002,"href":"https:\/\/www.amchambaq.com\/es_co\/wp-json\/wp\/v2\/posts\/12000\/revisions\/12002"}],"wp:featuredmedia":[{"embeddable":true,"href":"https:\/\/www.amchambaq.com\/es_co\/wp-json\/wp\/v2\/media\/12001"}],"wp:attachment":[{"href":"https:\/\/www.amchambaq.com\/es_co\/wp-json\/wp\/v2\/media?parent=12000"}],"wp:term":[{"taxonomy":"category","embeddable":true,"href":"https:\/\/www.amchambaq.com\/es_co\/wp-json\/wp\/v2\/categories?post=12000"},{"taxonomy":"post_tag","embeddable":true,"href":"https:\/\/www.amchambaq.com\/es_co\/wp-json\/wp\/v2\/tags?post=12000"}],"curies":[{"name":"wp","href":"https:\/\/api.w.org\/{rel}","templated":true}]}}