{"id":11971,"date":"2024-02-27T09:16:27","date_gmt":"2024-02-27T14:16:27","guid":{"rendered":"https:\/\/www.amchambaq.com\/?p=11971"},"modified":"2024-02-27T09:16:27","modified_gmt":"2024-02-27T14:16:27","slug":"como-puede-colombia-aprovechar-mejor-su-gran-potencial-agroindustrial","status":"publish","type":"post","link":"https:\/\/www.amchambaq.com\/es_co\/como-puede-colombia-aprovechar-mejor-su-gran-potencial-agroindustrial\/","title":{"rendered":"\u00bfC\u00f3mo puede Colombia aprovechar mejor su gran potencial agroindustrial?"},"content":{"rendered":"<p>Durante un foro organizado por la C\u00e1mara de Comercio Colombo Americana (AmCham Colombia), empresarios y representantes del Gobierno dieron a conocer las oportunidades y potencial\u00a0que tiene la agroindustria colombiana, as\u00ed como la necesidad de desarrollar un trabajo conjunto p\u00fablico-privado para aprovecharlas mediante acciones como el impulso a la productividad, la inversi\u00f3n en tecnolog\u00eda e innovaci\u00f3n y una normatividad clara y competitiva frente a otros pa\u00edses.<\/p>\n<p>Para\u00a0Javier Brenes, director general de Cargill Colombia, existen varios ejemplos del enorme potencial agroindustrial que tiene Colombia y uno de ellos est\u00e1 en el sector av\u00edcola donde Chile es un ejemplo a seguir.\u00a0\u201cChile tiene un mercado y extensi\u00f3n territorial m\u00e1s peque\u00f1os que el colombiano y, aun as\u00ed, en el sector av\u00edcola logra exportar el 20% de su producci\u00f3n. En Colombia est\u00e1 la tecnolog\u00eda, la extensi\u00f3n territorial y la competitividad para lograr capturar algo parecido a lo que hace Chile en ese sector\u201d.<\/p>\n<p>Agreg\u00f3 que, seg\u00fan cifras de Fenavi, en Colombia se producen 1.8 millones de toneladas de carne de pollo al a\u00f1o, de modo que, si nuestro pa\u00eds sigue los pasos de Chile y exporta el 20% de la producci\u00f3n, eso significar\u00eda un ingreso en exportaciones que, dependiendo del destino y el producto, podr\u00eda significar entre 500 hasta 1000 millones de d\u00f3lares anuales. \u201cAdem\u00e1s, si esto lo combinamos con todo el tema del\u00a0<em>nearshoring\u00a0<\/em>o el\u00a0<em>friendshoring<\/em>,\u00a0que M\u00e9xico est\u00e1 aprovechando muy bien y en Colombia todav\u00eda hay trabajo para hacer, se potencializar\u00eda a\u00fan m\u00e1s esta oportunidad\u201d.<\/p>\n<p>Brenes\u00a0tambi\u00e9n asegur\u00f3 que en conversaciones que han tenido con diferentes pa\u00edses buscando c\u00f3mo abrir ese mercado, les han manifestado que est\u00e1n buscando ampliar el portafolio de productores de los cuales ellos importan porque hoy tienen una gran dependencia de Brasil. \u201cBrasil es una potencia exportadora en el sector y no quieren depender de uno o dos importadores, y ah\u00ed es donde Colombia puede jugar porque tiene la combinaci\u00f3n perfecta para llegar y adue\u00f1arse de ciertos mercados\u201d.<\/p>\n<p>Con Estados Unidos tambi\u00e9n hay complementariedad y buenas oportunidades, ya que los norteamericanos est\u00e1n dispuestos a pagar un poco m\u00e1s por carne blanca como la pechuga, mientras que la parte inferior del pollo no les gusta tanto y la venden muy barata.<\/p>\n<p>\u201cEn Colombia podr\u00edamos exportar algunas de nuestras pechugas, con eso conseguir el r\u00e9dito comercial o econ\u00f3mico por venderlas un poco m\u00e1s caras y luego importar la pierna muslo m\u00e1s barata y, de esa manera, tendr\u00edamos el beneficio econ\u00f3mico de la exportaci\u00f3n y el beneficio de importar un producto m\u00e1s barato para los consumidores colombianos que tienen menos recursos disponibles que los de Norteam\u00e9rica\u201d, explic\u00f3 Brenes.<\/p>\n<p>El coordinador de proyecto de FAO en Colombia, Jos\u00e9 Nelson Camelo, se\u00f1al\u00f3 que otra gran posibiliidad para Colombia est\u00e1 en la soberan\u00eda alimentaria. \u201cEl mundo requiere alimentos porque no se est\u00e1 satisfaciendo la demanda global. Se estima que para el 2030 alrededor de 600 millones de personas padecer\u00e1n de una subalimentaci\u00f3n, por lo que esto se convierte en una oportunidad para que Colombia provea ese alimento que se requiere\u201d.<\/p>\n<p><strong>Inversi\u00f3n y estabilidad fiscal, claves para aprovechar el potencial del agro<\/strong><\/p>\n<p>Frente a lo que necesita Colombia para materializar las oportunidades en el sector agroindustrial, se destac\u00f3 la necesidad de desarrollar un trabajo conjunto y coordinado entre el Gobierno, el sector privado, los gremios y otras instituciones claves como el Instituto Colombiano Agropecuario (ICA).<\/p>\n<p>\u201cAl sector privado le corresponde hacer las inversiones apropiadas para elevar la productividad, competir con otros mercados y garantizar que tengamos la calidad, inocuidad y propuesta de valor que los consumidores est\u00e1n buscando. Desde el Gobierno necesitamos estabilidad de largo plazo en temas fiscales, regulatorios, de tal manera que desde la empresa privada tengamos la seguridad de que las inversiones y apuestas que hagamos de mediano y largo plazo tendr\u00e1n el retorno apropiado\u201d, expres\u00f3 el director de Cargill.<\/p>\n<p>Brenes enfatiz\u00f3 en que se requieren normas que sean contextualizadas a la realidad, se apliquen de manera transversal a todos los jugadores y sean competitivas. \u201cTenemos que cumplir efectivamente las normas apropiadas, pero viendo tambi\u00e9n las normas que nos exigen los diferentes pa\u00edses para poder concretar las oportunidades\u201d.<\/p>\n<p>Al respecto, Jos\u00e9 Manuel Moreno, representante del Ministerio de Comercio, Industria y Turismo, expres\u00f3 que a nivel regulatorio es clave no solo tener estabilidad jur\u00eddica y reglas claras, sino tambi\u00e9n espacios donde la innovaci\u00f3n sea posible a trav\u00e9s de\u00a0<em>sandbox\u00a0<\/em>regulatorios o figuras de este tipo que permitan innovar. \u201cEn este sentido, desde MinComercio venimos trabajando para desarrollar sectores que hoy en d\u00eda tienen unas barreras o condiciones no habilitantes para su desarrollo\u201d, puntualiz\u00f3.<\/p>\n<p>&nbsp;<\/p>\n<p>Tomado de: AmCham Colombia<\/p>\n","protected":false},"excerpt":{"rendered":"<p>Durante un foro organizado por la C\u00e1mara de Comercio Colombo Americana (AmCham Colombia), empresarios y representantes del Gobierno dieron a conocer las oportunidades y potencial\u00a0que tiene la agroindustria colombiana, as\u00ed como la necesidad de desarrollar un trabajo conjunto p\u00fablico-privado para aprovecharlas mediante acciones como el impulso a la productividad, la inversi\u00f3n en tecnolog\u00eda e innovaci\u00f3n<\/p>\n","protected":false},"author":1,"featured_media":11972,"comment_status":"closed","ping_status":"closed","sticky":false,"template":"","format":"standard","meta":{"footnotes":""},"categories":[342,181],"tags":[],"class_list":["post-11971","post","type-post","status-publish","format-standard","has-post-thumbnail","hentry","category-news","category-noticias"],"views":28,"_links":{"self":[{"href":"https:\/\/www.amchambaq.com\/es_co\/wp-json\/wp\/v2\/posts\/11971","targetHints":{"allow":["GET"]}}],"collection":[{"href":"https:\/\/www.amchambaq.com\/es_co\/wp-json\/wp\/v2\/posts"}],"about":[{"href":"https:\/\/www.amchambaq.com\/es_co\/wp-json\/wp\/v2\/types\/post"}],"author":[{"embeddable":true,"href":"https:\/\/www.amchambaq.com\/es_co\/wp-json\/wp\/v2\/users\/1"}],"replies":[{"embeddable":true,"href":"https:\/\/www.amchambaq.com\/es_co\/wp-json\/wp\/v2\/comments?post=11971"}],"version-history":[{"count":1,"href":"https:\/\/www.amchambaq.com\/es_co\/wp-json\/wp\/v2\/posts\/11971\/revisions"}],"predecessor-version":[{"id":11973,"href":"https:\/\/www.amchambaq.com\/es_co\/wp-json\/wp\/v2\/posts\/11971\/revisions\/11973"}],"wp:featuredmedia":[{"embeddable":true,"href":"https:\/\/www.amchambaq.com\/es_co\/wp-json\/wp\/v2\/media\/11972"}],"wp:attachment":[{"href":"https:\/\/www.amchambaq.com\/es_co\/wp-json\/wp\/v2\/media?parent=11971"}],"wp:term":[{"taxonomy":"category","embeddable":true,"href":"https:\/\/www.amchambaq.com\/es_co\/wp-json\/wp\/v2\/categories?post=11971"},{"taxonomy":"post_tag","embeddable":true,"href":"https:\/\/www.amchambaq.com\/es_co\/wp-json\/wp\/v2\/tags?post=11971"}],"curies":[{"name":"wp","href":"https:\/\/api.w.org\/{rel}","templated":true}]}}