{"id":11965,"date":"2024-02-26T09:56:14","date_gmt":"2024-02-26T14:56:14","guid":{"rendered":"https:\/\/www.amchambaq.com\/?p=11965"},"modified":"2024-02-26T09:56:14","modified_gmt":"2024-02-26T14:56:14","slug":"char-entrega-el-primero-de-los-47-parques-que-promete-construir-en-barranquilla","status":"publish","type":"post","link":"https:\/\/www.amchambaq.com\/es_co\/char-entrega-el-primero-de-los-47-parques-que-promete-construir-en-barranquilla\/","title":{"rendered":"Char entrega el primero de los 47 parques que promete construir en Barranquilla"},"content":{"rendered":"<p>A 50 d\u00edas de haber iniciado su gesti\u00f3n, <b>el alcalde de Barranquilla, Alejandro Char,<\/b>\u00a0entreg\u00f3 el primer parque a la ciudad, de los 47 que promete construir en los cuatro a\u00f1os de su administraci\u00f3n.<\/p>\n<p><b>El parque, bautizado como Las Palmeras se encuentra en la Ciudadela 20 de Julio,<\/b>\u00a0sur de esta capital, cuenta con una extensi\u00f3n de 1.910 metros cuadrados, \u00a0est\u00e1 equipado con una cancha m\u00faltiple, gimnasio biosaludable, zonas infantiles, \u00e1reas verdes\u00a0y promete beneficiar a 9.365 residentes.<\/p>\n<p>Desde su inicio del programa Todos al Parque, el Distrito ha entregado 27 espacios entre parques, plazas, bulevares y zonas verdes en el barrio Ciudadela 20 de Julio, con\u00a0<b>un total de 160.575 metros cuadrados recuperados.<br \/>\n<\/b><br \/>\n\u201cEsta administraci\u00f3n lleg\u00f3 hace 50 d\u00edas y yo siento que Barranquilla es otra, hoy en todas las esquinas se dice que esta Barranquilla es otra y todo lo que parec\u00eda imposible hoy es posible\u201d, dijo Char.<\/p>\n<p>Ivonne Benjumea, residente del barrio desde hace 40 a\u00f1os, no ocult\u00f3 su emoci\u00f3n al ver realizado un sue\u00f1o largamente esperado:\u00a0<b>&#8220;Estoy alegre de que este sue\u00f1o se haga realidad&#8221;.<\/b><\/p>\n<p>El dise\u00f1o del parque Las Palmeras no fue fruto del azar, sino que surgi\u00f3 de mesas de participaci\u00f3n ciudadana, donde la comunidad expres\u00f3 sus necesidades y deseos para el espacio p\u00fablico.<\/p>\n<p>La intervenci\u00f3n de\u00a0<b>Siembra Barranquilla<\/b>\u00a0en el paisajismo, con \u00e1reas de grama, arbustos y un sistema de riego, a\u00f1ade un toque de belleza natural al entorno urbano.<\/p>\n<p>Tomado de: El Tiempo<\/p>\n","protected":false},"excerpt":{"rendered":"<p>A 50 d\u00edas de haber iniciado su gesti\u00f3n, el alcalde de Barranquilla, Alejandro Char,\u00a0entreg\u00f3 el primer parque a la ciudad, de los 47 que promete construir en los cuatro a\u00f1os de su administraci\u00f3n. El parque, bautizado como Las Palmeras se encuentra en la Ciudadela 20 de Julio,\u00a0sur de esta capital, cuenta con una extensi\u00f3n de<\/p>\n","protected":false},"author":1,"featured_media":11966,"comment_status":"closed","ping_status":"closed","sticky":false,"template":"","format":"standard","meta":{"footnotes":""},"categories":[342,181],"tags":[],"class_list":["post-11965","post","type-post","status-publish","format-standard","has-post-thumbnail","hentry","category-news","category-noticias"],"views":36,"_links":{"self":[{"href":"https:\/\/www.amchambaq.com\/es_co\/wp-json\/wp\/v2\/posts\/11965","targetHints":{"allow":["GET"]}}],"collection":[{"href":"https:\/\/www.amchambaq.com\/es_co\/wp-json\/wp\/v2\/posts"}],"about":[{"href":"https:\/\/www.amchambaq.com\/es_co\/wp-json\/wp\/v2\/types\/post"}],"author":[{"embeddable":true,"href":"https:\/\/www.amchambaq.com\/es_co\/wp-json\/wp\/v2\/users\/1"}],"replies":[{"embeddable":true,"href":"https:\/\/www.amchambaq.com\/es_co\/wp-json\/wp\/v2\/comments?post=11965"}],"version-history":[{"count":1,"href":"https:\/\/www.amchambaq.com\/es_co\/wp-json\/wp\/v2\/posts\/11965\/revisions"}],"predecessor-version":[{"id":11967,"href":"https:\/\/www.amchambaq.com\/es_co\/wp-json\/wp\/v2\/posts\/11965\/revisions\/11967"}],"wp:featuredmedia":[{"embeddable":true,"href":"https:\/\/www.amchambaq.com\/es_co\/wp-json\/wp\/v2\/media\/11966"}],"wp:attachment":[{"href":"https:\/\/www.amchambaq.com\/es_co\/wp-json\/wp\/v2\/media?parent=11965"}],"wp:term":[{"taxonomy":"category","embeddable":true,"href":"https:\/\/www.amchambaq.com\/es_co\/wp-json\/wp\/v2\/categories?post=11965"},{"taxonomy":"post_tag","embeddable":true,"href":"https:\/\/www.amchambaq.com\/es_co\/wp-json\/wp\/v2\/tags?post=11965"}],"curies":[{"name":"wp","href":"https:\/\/api.w.org\/{rel}","templated":true}]}}