{"id":11921,"date":"2024-02-22T08:36:44","date_gmt":"2024-02-22T13:36:44","guid":{"rendered":"https:\/\/www.amchambaq.com\/?p=11921"},"modified":"2024-02-22T08:36:44","modified_gmt":"2024-02-22T13:36:44","slug":"sera-el-renacer-de-este-tesoro-natural-char-sobre-obra-del-tren-electrico","status":"publish","type":"post","link":"https:\/\/www.amchambaq.com\/es_co\/sera-el-renacer-de-este-tesoro-natural-char-sobre-obra-del-tren-electrico\/","title":{"rendered":"Ser\u00e1 el renacer de este tesoro natural: Char sobre obra del tren el\u00e9ctrico"},"content":{"rendered":"<p>\u201cVienen muchas cosas buenas para\u00a0<strong>Las Flores<\/strong>\u201d, expres\u00f3 el alcalde de\u00a0<strong>Barranquilla<\/strong>,\u00a0<strong>Alejandro Char<\/strong>, durante su visita de inspecci\u00f3n por las obras que se adelantan en este sector de la ciudad como el\u00a0<strong>Tren Tur\u00edstico\u00a0<\/strong>y la rehabilitaci\u00f3n de la playa de\u00a0<strong>Puerto Mocho.<\/strong><\/p>\n<p>El mandatario sostuvo que los trabajos avanzan a buen ritmo y que muy pronto se pondr\u00e1 en funcionamiento el\u00a0<strong>tren el\u00e9ctrico\u00a0<\/strong>para impulsar el desarrollo y la\u00a0<strong>econom\u00eda\u00a0<\/strong>de la poblaci\u00f3n que habita en estas \u00e1reas y circunvecinas.<\/p>\n<p>\u201cAcabamos de revisar c\u00f3mo avanza la obra del tren el\u00e9ctrico que seguir\u00e1 conect\u00e1ndonos con el\u00a0<strong>r\u00edo Magdalena\u00a0<\/strong>y que tambi\u00e9n rodar\u00e1 para llevarnos a la\u00a0<strong>playa\u00a0<\/strong>de Puerto Mocho\u201d, dijo.<\/p>\n<p>e\u00f1al\u00f3, adem\u00e1s, que estas\u00a0<strong>obras\u00a0<\/strong>se convierten en el \u201crenacer\u201d del\u00a0<strong>tesoro natural\u00a0<\/strong>que, por ubicaci\u00f3n estrat\u00e9gica, cuenta este sector de La Flores.<\/p>\n<p>\u201cEstas obras ser\u00e1n el renacer de este tesoro natural que une el r\u00edo, el\u00a0<strong>mar Caribe\u00a0<\/strong>y la\u00a0<strong>Ci\u00e9naga de Mallorqu\u00edn<\/strong>, y que llegar\u00e1n para dinamizar el turismo, el empleo y ser\u00e1n sin duda, un impulso a la labor de los pescadores y caseteros del sector\u201d, anot\u00f3 Char.<\/p>\n<p>Cabe recordar que de acuerdo con las especificaciones del <strong>proyecto<\/strong>, se incluyen 2.600 metros de v\u00eda f\u00e9rrea y 2.200 metros de ciclorruta, abarcando m\u00e1s de 6.000 metros cuadrados de \u00e1rea p\u00fablica.<\/p>\n<p>El desarrollo cuenta con dos estaciones de embarque: Las Flores y Puerto Mocho, ambas en fase de acabados. Adicionalmente en el proyecto, los visitantes encontrar\u00e1n tambi\u00e9n punto de informaci\u00f3n, tiqueteras, cocinas y puestos de\u00a0<strong>comercio<\/strong>.<\/p>\n<p>&nbsp;<\/p>\n<p>Tomado de: El Heraldo<\/p>\n<p>&nbsp;<\/p>\n<p>&nbsp;<\/p>\n","protected":false},"excerpt":{"rendered":"<p>\u201cVienen muchas cosas buenas para\u00a0Las Flores\u201d, expres\u00f3 el alcalde de\u00a0Barranquilla,\u00a0Alejandro Char, durante su visita de inspecci\u00f3n por las obras que se adelantan en este sector de la ciudad como el\u00a0Tren Tur\u00edstico\u00a0y la rehabilitaci\u00f3n de la playa de\u00a0Puerto Mocho. El mandatario sostuvo que los trabajos avanzan a buen ritmo y que muy pronto se pondr\u00e1 en<\/p>\n","protected":false},"author":1,"featured_media":11923,"comment_status":"closed","ping_status":"closed","sticky":false,"template":"","format":"standard","meta":{"footnotes":""},"categories":[342,181],"tags":[],"class_list":["post-11921","post","type-post","status-publish","format-standard","has-post-thumbnail","hentry","category-news","category-noticias"],"views":54,"_links":{"self":[{"href":"https:\/\/www.amchambaq.com\/es_co\/wp-json\/wp\/v2\/posts\/11921","targetHints":{"allow":["GET"]}}],"collection":[{"href":"https:\/\/www.amchambaq.com\/es_co\/wp-json\/wp\/v2\/posts"}],"about":[{"href":"https:\/\/www.amchambaq.com\/es_co\/wp-json\/wp\/v2\/types\/post"}],"author":[{"embeddable":true,"href":"https:\/\/www.amchambaq.com\/es_co\/wp-json\/wp\/v2\/users\/1"}],"replies":[{"embeddable":true,"href":"https:\/\/www.amchambaq.com\/es_co\/wp-json\/wp\/v2\/comments?post=11921"}],"version-history":[{"count":1,"href":"https:\/\/www.amchambaq.com\/es_co\/wp-json\/wp\/v2\/posts\/11921\/revisions"}],"predecessor-version":[{"id":11924,"href":"https:\/\/www.amchambaq.com\/es_co\/wp-json\/wp\/v2\/posts\/11921\/revisions\/11924"}],"wp:featuredmedia":[{"embeddable":true,"href":"https:\/\/www.amchambaq.com\/es_co\/wp-json\/wp\/v2\/media\/11923"}],"wp:attachment":[{"href":"https:\/\/www.amchambaq.com\/es_co\/wp-json\/wp\/v2\/media?parent=11921"}],"wp:term":[{"taxonomy":"category","embeddable":true,"href":"https:\/\/www.amchambaq.com\/es_co\/wp-json\/wp\/v2\/categories?post=11921"},{"taxonomy":"post_tag","embeddable":true,"href":"https:\/\/www.amchambaq.com\/es_co\/wp-json\/wp\/v2\/tags?post=11921"}],"curies":[{"name":"wp","href":"https:\/\/api.w.org\/{rel}","templated":true}]}}