{"id":11912,"date":"2024-02-20T09:16:44","date_gmt":"2024-02-20T14:16:44","guid":{"rendered":"https:\/\/www.amchambaq.com\/?p=11912"},"modified":"2024-02-20T09:16:44","modified_gmt":"2024-02-20T14:16:44","slug":"mas-jovenes-han-conseguido-empleo-en-barranquilla-dane","status":"publish","type":"post","link":"https:\/\/www.amchambaq.com\/es_co\/mas-jovenes-han-conseguido-empleo-en-barranquilla-dane\/","title":{"rendered":"M\u00e1s j\u00f3venes han conseguido empleo en Barranquilla: Dane"},"content":{"rendered":"<p>As\u00ed lo confirm\u00f3 el\u00a0<strong>Departamento Administrativo Nacional de Estad\u00edstica (Dane)<\/strong>\u00a0mediante los resultados del mercado laboral de la juventud del trimestre mencionado anteriormente.<\/p>\n<p>Esto quiere decir que en la actualidad hay 213 mil j\u00f3venes en\u00a0<strong>Barranquilla\u00a0<\/strong>y su\u00a0<strong>\u00e1rea metropolitana\u00a0<\/strong>que est\u00e1n vinculados al\u00a0<strong>mercado laboral<\/strong>, por lo que 10 mil j\u00f3venes m\u00e1s en el territorio dejaron de buscar trabajo para vincularse a un\u00a0<strong>empleo<\/strong>.<\/p>\n<p>En ese sentido, el\u00a0<strong>Dane\u00a0<\/strong>inform\u00f3 que la tasa de ocupaci\u00f3n laboral entre octubre y diciembre se encontr\u00f3 en 45,7 %, aumentando 0,8 puntos porcentuales en relaci\u00f3n con octubre y diciembre de 2022 cuando fue de 44,9 %.<\/p>\n<p>En el \u00e1mbito nacional, la\u00a0<strong>tasa de desempleo\u00a0<\/strong>entre\u00a0<strong>octubre\u00a0<\/strong>y\u00a0<strong>diciembre\u00a0<\/strong>fue de 16,5 %, lo que signific\u00f3 una ligera reducci\u00f3n de 0,2\u00a0 puntos porcentuales frente al mismo trimestre de 2022 situada en 16,7 %.<\/p>\n<div class=\"field-item odd\">\n<div class=\"entity entity-paragraphs-item paragraphs-item-descripcion\">\n<div class=\"content\">\n<div class=\"field field-name-field-descripcion field-type-text-long field-label-hidden\">\n<div class=\"field-items\">\n<div class=\"field-item even\">\n<p>Sin embargo, no hay buenas noticias en el total del\u00a0<strong>personal<\/strong>\u00a0<strong>juvenil<\/strong>, ya que en\u00a0<strong>Colombia\u00a0<\/strong>hab\u00edan 5.168.000 millones de j\u00f3venes entre 15 y 28 a\u00f1os vinculados al mercado laboral entre octubre y diciembre de 2023, unas 28 mil menos que en el mismo trimestre del 2022 cuando la cifra era de 5.196.000 j\u00f3venes trabajando.<\/p>\n<p>Seg\u00fan el Dane, el\u00a0<strong>empleo juvenil\u00a0<\/strong>creci\u00f3 en el trimestre analizado en segmentos como alojamiento, servicios de\u00a0<strong>comida<\/strong>, servicios administrativos, actividades de entretenimiento y\u00a0<strong>recreaci\u00f3n<\/strong>,\u00a0<strong>transporte<\/strong>, administraci\u00f3n p\u00fablica y\u00a0<strong>actividades financieras.<\/strong><\/p>\n<p>Sin embargo, los j\u00f3venes vieron afectado su empleo en segmentos como el\u00a0<strong>comercio<\/strong>,\u00a0<strong>agricultura<\/strong>,\u00a0<strong>industria\u00a0<\/strong>y la\u00a0<strong>construcci\u00f3n<\/strong>.<\/p>\n<\/div>\n<\/div>\n<\/div>\n<\/div>\n<\/div>\n<\/div>\n<div class=\"field-item even\">\n<div class=\"entity entity-paragraphs-item paragraphs-item-descripcion\">\n<div class=\"content\">\n<div class=\"field field-name-field-descripcion field-type-text-long field-label-hidden\">\n<div class=\"field-items\">\n<div class=\"field-item even\">\n<p>Estos indicadores confirman que el\u00a0<strong>mercado laboral\u00a0<\/strong>en\u00a0<strong>Barranquilla\u00a0<\/strong>se ha fortalecido de gran manera en los \u00faltimos a\u00f1os, y quienes m\u00e1s han aprovechado esa oportunidad son los\u00a0<strong>j\u00f3venes<\/strong>, quienes se han adaptado a las nuevas\u00a0<strong>tecnolog\u00edas<\/strong>, y gracias a la ayuda del\u00a0<strong>ingl\u00e9s<\/strong>, se han ampliado las o<strong>portunidades de empleo<\/strong>\u00a0y as\u00ed disminuir los indicadores de desempleo e\u00a0<strong>informalidad<\/strong>.<\/p>\n<p>\u201cSi un joven sabe ingles y se logra adaptar r\u00e1pidamente a las nuevas tecnolog\u00edas como es el caso de la programaci\u00f3n, dise\u00f1o de p\u00e1ginas web, tiene a\u00fan m\u00e1s oportunidades para seguir adelante. De hecho, no necesariamente un joven necesita por obligaci\u00f3n tener un t\u00edtulo universitario para entrar al mercado laboral, ya desde un computador y su respectivo conocimiento de los temas, no solo se abre terreno de empleo en\u00a0<strong>Barranquilla<\/strong>, sino en Colombia y a nivel internacional\u201d, socializ\u00f3 a EL HERALDO,\u00a0<strong>Roberto Luis Hern\u00e1ndez, docente de Econom\u00eda de la Corporaci\u00f3n Universitaria Latinoamericana (CUL).<\/strong><\/p>\n<p>En ese orden de ideas, manifest\u00f3 que el tener un aumento de 10 mil j\u00f3venes en el\u00a0<strong>mercado laboral<\/strong>\u00a0de\u00a0<strong>Barranquilla\u00a0<\/strong>es muy representativo.<\/p>\n<p>\u201cYa se est\u00e1 dejando a un lado los \u2018nini\u2019 (j\u00f3venes que no estudian ni trabajan), porque ya el n\u00famero de\u00a0<strong>j\u00f3venes\u00a0<\/strong>trabajando aumenta cada vez m\u00e1s\u201d, dijo.<\/p>\n<p>Tomado de: El Heraldo<\/p>\n<\/div>\n<\/div>\n<\/div>\n<\/div>\n<\/div>\n<\/div>\n","protected":false},"excerpt":{"rendered":"<p>As\u00ed lo confirm\u00f3 el\u00a0Departamento Administrativo Nacional de Estad\u00edstica (Dane)\u00a0mediante los resultados del mercado laboral de la juventud del trimestre mencionado anteriormente. Esto quiere decir que en la actualidad hay 213 mil j\u00f3venes en\u00a0Barranquilla\u00a0y su\u00a0\u00e1rea metropolitana\u00a0que est\u00e1n vinculados al\u00a0mercado laboral, por lo que 10 mil j\u00f3venes m\u00e1s en el territorio dejaron de buscar trabajo para vincularse<\/p>\n","protected":false},"author":1,"featured_media":11914,"comment_status":"closed","ping_status":"closed","sticky":false,"template":"","format":"standard","meta":{"footnotes":""},"categories":[342,181],"tags":[],"class_list":["post-11912","post","type-post","status-publish","format-standard","has-post-thumbnail","hentry","category-news","category-noticias"],"views":98,"_links":{"self":[{"href":"https:\/\/www.amchambaq.com\/es_co\/wp-json\/wp\/v2\/posts\/11912","targetHints":{"allow":["GET"]}}],"collection":[{"href":"https:\/\/www.amchambaq.com\/es_co\/wp-json\/wp\/v2\/posts"}],"about":[{"href":"https:\/\/www.amchambaq.com\/es_co\/wp-json\/wp\/v2\/types\/post"}],"author":[{"embeddable":true,"href":"https:\/\/www.amchambaq.com\/es_co\/wp-json\/wp\/v2\/users\/1"}],"replies":[{"embeddable":true,"href":"https:\/\/www.amchambaq.com\/es_co\/wp-json\/wp\/v2\/comments?post=11912"}],"version-history":[{"count":1,"href":"https:\/\/www.amchambaq.com\/es_co\/wp-json\/wp\/v2\/posts\/11912\/revisions"}],"predecessor-version":[{"id":11915,"href":"https:\/\/www.amchambaq.com\/es_co\/wp-json\/wp\/v2\/posts\/11912\/revisions\/11915"}],"wp:featuredmedia":[{"embeddable":true,"href":"https:\/\/www.amchambaq.com\/es_co\/wp-json\/wp\/v2\/media\/11914"}],"wp:attachment":[{"href":"https:\/\/www.amchambaq.com\/es_co\/wp-json\/wp\/v2\/media?parent=11912"}],"wp:term":[{"taxonomy":"category","embeddable":true,"href":"https:\/\/www.amchambaq.com\/es_co\/wp-json\/wp\/v2\/categories?post=11912"},{"taxonomy":"post_tag","embeddable":true,"href":"https:\/\/www.amchambaq.com\/es_co\/wp-json\/wp\/v2\/tags?post=11912"}],"curies":[{"name":"wp","href":"https:\/\/api.w.org\/{rel}","templated":true}]}}