{"id":11889,"date":"2024-02-09T08:56:56","date_gmt":"2024-02-09T13:56:56","guid":{"rendered":"https:\/\/www.amchambaq.com\/?p=11889"},"modified":"2024-02-09T08:56:56","modified_gmt":"2024-02-09T13:56:56","slug":"atlantico-logro-crecer-economicamente-en-el-tercer-trimestre-de-2023","status":"publish","type":"post","link":"https:\/\/www.amchambaq.com\/es_co\/atlantico-logro-crecer-economicamente-en-el-tercer-trimestre-de-2023\/","title":{"rendered":"Atl\u00e1ntico logr\u00f3 crecer econ\u00f3micamente en el tercer trimestre de 2023"},"content":{"rendered":"<p>El\u00a0<strong>departamento del Atl\u00e1ntico\u00a0<\/strong>contin\u00faa mostrando cifras de crecimiento en su econom\u00eda. Para el\u00a0<strong>tercer trimestre<\/strong>\u00a0de 2023 (entre julio y septiembre), la actividad econ\u00f3mica del territorio present\u00f3 un alza trimestral del 0,4 %, ubic\u00e1ndose incluso por encima del promedio nacional que decreci\u00f3 un 0,1 %.<\/p>\n<p>De acuerdo con el<strong>\u00a0Indicador Trimestral de Actividad Econ\u00f3mica Departamental (Itaed)<\/strong>\u00a0del\u00a0<strong>Dane<\/strong>, el\u00a0<strong>Atl\u00e1ntico\u00a0<\/strong>se ubic\u00f3 en la tercera posici\u00f3n de territoriss con mayor crecimiento. El primero fue Santander, quien aument\u00f3 su actividad econ\u00f3mica en un 1 %.<\/p>\n<p>Es de aclarar que el departamento se ha venido fortaleciendo en materia de agricultura y turismo. Un aspecto ha sido la implementaci\u00f3n de\u00a0<strong>agronegocios\u00a0<\/strong>como motor de desarrollo del departamento, y en materia de turismo, la mejora en la\u00a0<strong>infraestructura\u00a0<\/strong>de playas ha servido para consolidarse como un gran destino tur\u00edstico.<\/p>\n<p>De acuerdo con el<strong>\u00a0Departamento Administrativo Nacional de Estad\u00edstica<\/strong>, este indicador es un \u00edndice sint\u00e9tico trimestral, cuyo fin es proporcionar un panorama general de la evoluci\u00f3n macroecon\u00f3mica de los\u00a0<strong>departamentos\u00a0<\/strong>del pa\u00eds.<\/p>\n<p>Tomado de: El Heraldo<\/p>\n","protected":false},"excerpt":{"rendered":"<p>El\u00a0departamento del Atl\u00e1ntico\u00a0contin\u00faa mostrando cifras de crecimiento en su econom\u00eda. Para el\u00a0tercer trimestre\u00a0de 2023 (entre julio y septiembre), la actividad econ\u00f3mica del territorio present\u00f3 un alza trimestral del 0,4 %, ubic\u00e1ndose incluso por encima del promedio nacional que decreci\u00f3 un 0,1 %. De acuerdo con el\u00a0Indicador Trimestral de Actividad Econ\u00f3mica Departamental (Itaed)\u00a0del\u00a0Dane, el\u00a0Atl\u00e1ntico\u00a0se ubic\u00f3 en<\/p>\n","protected":false},"author":1,"featured_media":11890,"comment_status":"closed","ping_status":"closed","sticky":false,"template":"","format":"standard","meta":{"footnotes":""},"categories":[342,181],"tags":[],"class_list":["post-11889","post","type-post","status-publish","format-standard","has-post-thumbnail","hentry","category-news","category-noticias"],"views":53,"_links":{"self":[{"href":"https:\/\/www.amchambaq.com\/es_co\/wp-json\/wp\/v2\/posts\/11889","targetHints":{"allow":["GET"]}}],"collection":[{"href":"https:\/\/www.amchambaq.com\/es_co\/wp-json\/wp\/v2\/posts"}],"about":[{"href":"https:\/\/www.amchambaq.com\/es_co\/wp-json\/wp\/v2\/types\/post"}],"author":[{"embeddable":true,"href":"https:\/\/www.amchambaq.com\/es_co\/wp-json\/wp\/v2\/users\/1"}],"replies":[{"embeddable":true,"href":"https:\/\/www.amchambaq.com\/es_co\/wp-json\/wp\/v2\/comments?post=11889"}],"version-history":[{"count":1,"href":"https:\/\/www.amchambaq.com\/es_co\/wp-json\/wp\/v2\/posts\/11889\/revisions"}],"predecessor-version":[{"id":11891,"href":"https:\/\/www.amchambaq.com\/es_co\/wp-json\/wp\/v2\/posts\/11889\/revisions\/11891"}],"wp:featuredmedia":[{"embeddable":true,"href":"https:\/\/www.amchambaq.com\/es_co\/wp-json\/wp\/v2\/media\/11890"}],"wp:attachment":[{"href":"https:\/\/www.amchambaq.com\/es_co\/wp-json\/wp\/v2\/media?parent=11889"}],"wp:term":[{"taxonomy":"category","embeddable":true,"href":"https:\/\/www.amchambaq.com\/es_co\/wp-json\/wp\/v2\/categories?post=11889"},{"taxonomy":"post_tag","embeddable":true,"href":"https:\/\/www.amchambaq.com\/es_co\/wp-json\/wp\/v2\/tags?post=11889"}],"curies":[{"name":"wp","href":"https:\/\/api.w.org\/{rel}","templated":true}]}}