{"id":11883,"date":"2024-02-08T09:44:20","date_gmt":"2024-02-08T14:44:20","guid":{"rendered":"https:\/\/www.amchambaq.com\/?p=11883"},"modified":"2024-02-08T09:44:20","modified_gmt":"2024-02-08T14:44:20","slug":"embajadores-de-ee-uu-y-colombia-resaltan-el-tlc-como-prioridad-en-agenda","status":"publish","type":"post","link":"https:\/\/www.amchambaq.com\/es_co\/embajadores-de-ee-uu-y-colombia-resaltan-el-tlc-como-prioridad-en-agenda\/","title":{"rendered":"Embajadores de EE. UU. y Colombia resaltan el TLC como prioridad en agenda"},"content":{"rendered":"<div id=\"body\" class=\"content-article size-m\">\n<p>Sumar esfuerzos conjuntos de\u00a0<strong>cooperaci\u00f3n\u00a0<\/strong>econ\u00f3mica y aprovechamiento comercial que atienda a las tendencias internacionales actuales y el desarrollo social resalta como una l\u00ednea prioritaria en la\u00a0<strong>agenda bilateral\u00a0<\/strong>entre\u00a0<strong>Colombia\u00a0<\/strong>y\u00a0<strong>Estados Unidos<\/strong>.<\/p>\n<\/div>\n<div id=\"paragraphs\" class=\"content-article paragraphs size-m\">\n<div class=\"field-collection-container clearfix\">\n<div class=\"field field-name-field-contenido-articulos-2 field-type-field-collection field-label-hidden\">\n<div class=\"field-item even\">\n<div class=\"field-collection-view clearfix view-mode-full field-collection-view-final\">\n<div>\n<div class=\"content\">\n<div class=\"paragraphs-items paragraphs-items-field-campos paragraphs-items-field-campos-full paragraphs-items-full\">\n<div class=\"field field-name-field-campos field-type-paragraphs field-label-hidden\">\n<div class=\"field-item even\">\n<div id=\"relacionado-body\">\n<div class=\"box-title\">\n<p>En esto coincidieron los embajadores\u00a0<strong>Francisco Palmieri<\/strong>, encargado de negocios de\u00a0<strong>Estados Unidos\u00a0<\/strong>en\u00a0<strong>Colombia<\/strong>, y\u00a0<strong>Luis Gilberto Murillo<\/strong>,\u00a0<strong>embajador de Colombia en Estados Unidos<\/strong>\u00a0durante el foro \u201c\u00bfC\u00f3mo vamos en la agenda Colombia \u2013 EE. UU.? Retos para la relaci\u00f3n bilateral en 2024\u201d, organizado por la\u00a0<strong>C\u00e1mara de Comercio Colombo Americana (AmCham Colombia).<\/strong><\/p>\n<p>De acuerdo con el embajador Palmieri, la Alianza para la\u00a0<strong>Prosperidad Econ\u00f3mica en las Am\u00e9ricas (APEP)<\/strong>\u00a0propuesta por el presidente\u00a0<strong>Joe Biden\u00a0<\/strong>enmarca un creciente inter\u00e9s del gobierno estadounidense en el desarrollo integral del pa\u00eds y la regi\u00f3n.<\/p>\n<p>Al respecto, hubo \u00e9nfasis en los cuatro principales\u00a0<strong>ejes tem\u00e1ticos\u00a0<\/strong>de la iniciativa\u00a0<strong>Alianza para la Prosperidad Econ\u00f3mica<\/strong>, entre estos, el fortalecimiento de la competitividad y la\u00a0<strong>integraci\u00f3n<\/strong>\u00a0<strong>regional<\/strong>; el fomento a la prosperidad compartida y la buena\u00a0<strong>gobernanza<\/strong>; la construcci\u00f3n de\u00a0<strong>infraestructura sostenible<\/strong>; y la promoci\u00f3n de comunidades saludables y con m\u00e1s capacidades individuales.<\/p>\n<p>Seg\u00fan Palmieri, atraer la inversi\u00f3n en capacidad humana y las oportunidades de\u00a0<strong>emprendimiento\u00a0<\/strong>supone un \u201cpunto clave\u201d para dar un mayor aprovechamiento a las iniciativas econ\u00f3micas de\u00a0<strong>Estados Unidos<\/strong>\u00a0en la regi\u00f3n.<\/p>\n<p>\u201cEl\u00a0<strong>Tratado de Libre Comercio (TLC)<\/strong>\u00a0es la piedra angular en la relaci\u00f3n, es la manera en que todos ganan y ganan de los dos lados\u201d, indic\u00f3 el funcionario.<\/p>\n<p>A su turno, el\u00a0<strong>embajador de Colombia en Estados Unidos, Luis Gilberto Murillo<\/strong>, puntualiz\u00f3 la interlocuci\u00f3n cercana entre Colombia y Estados Unidos y el desarrollo de cinco \u00e1reas estrat\u00e9gicas que buscan reorientar la agenda bilateral en los pr\u00f3ximos a\u00f1os.<\/p>\n<p>A tal efecto, se destacaron bases como\u00a0<strong>cambio clim\u00e1tico<\/strong>;\u00a0<strong>paz<\/strong>,\u00a0<strong>democracia<\/strong>,\u00a0<strong>derechos humanos\u00a0<\/strong>y lucha contra la corrupci\u00f3n;\u00a0<strong>migraci\u00f3n\u00a0<\/strong>y\u00a0<strong>movilidad humana<\/strong>;\u00a0<strong>seguridad<\/strong>,\u00a0<strong>defensa\u00a0<\/strong>y\u00a0<strong>pol\u00edtica de drogas<\/strong>; y cercan\u00eda en la relaci\u00f3n.<\/p>\n<p>\u201cEsta relaci\u00f3n es muy profunda, va m\u00e1s all\u00e1 de los\u00a0<strong>gobiernos\u00a0<\/strong>y los\u00a0<strong>Estados\u00a0<\/strong>(\u2026), es una relaci\u00f3n institucional de sectores como el\u00a0<strong>empresariado<\/strong>, de sectores como la sociedad civil, organizaciones de derechos humanos, organizaciones \u00e9tnicas, que tiene unos nexos muy fuertes\u201d, asegur\u00f3 el embajador Murillo.<\/p>\n<p>De acuerdo con Palmieri,\u00a0<strong>Estados Unidos\u00a0<\/strong>es el primer mercado para las exportaciones agr\u00edcolas colombianas y refleja \u201cnuevos caminos\u201d para fortalecer programas de cooperaci\u00f3n dirigido a comunidades rurales.<\/p>\n<p>\u201cVamos a abrir\u00a0<strong>nuevas oportunidades\u00a0<\/strong>que hasta ahora no hemos podido imaginar y es a trav\u00e9s de los beneficios que existen en el TLC\u201d, asegur\u00f3.<\/p>\n<p>El\u00a0<strong>relacionamiento\u00a0<\/strong>entre diversos actores resulta como un elemento fundamental a la hora de dise\u00f1ar una hoja de ruta que materialice el potencial exportador de Colombia en el mercado estadounidense.<\/p>\n<p>\u201cNecesitamos mayor capacidad para el comercio exterior (\u2026) para poner a tono con el nuevo contexto del\u00a0<strong>comercio\u00a0<\/strong>mundial y aprovechar grandes ventajas que tenemos en cadenas de producci\u00f3n y de suministro cercanas\u201d, sostuvo Murillo.<\/p>\n<\/div>\n<\/div>\n<\/div>\n<\/div>\n<\/div>\n<\/div>\n<\/div>\n<\/div>\n<\/div>\n<\/div>\n<\/div>\n<\/div>\n","protected":false},"excerpt":{"rendered":"<p>Sumar esfuerzos conjuntos de\u00a0cooperaci\u00f3n\u00a0econ\u00f3mica y aprovechamiento comercial que atienda a las tendencias internacionales actuales y el desarrollo social resalta como una l\u00ednea prioritaria en la\u00a0agenda bilateral\u00a0entre\u00a0Colombia\u00a0y\u00a0Estados Unidos. En esto coincidieron los embajadores\u00a0Francisco Palmieri, encargado de negocios de\u00a0Estados Unidos\u00a0en\u00a0Colombia, y\u00a0Luis Gilberto Murillo,\u00a0embajador de Colombia en Estados Unidos\u00a0durante el foro \u201c\u00bfC\u00f3mo vamos en la agenda Colombia \u2013<\/p>\n","protected":false},"author":1,"featured_media":11884,"comment_status":"closed","ping_status":"closed","sticky":false,"template":"","format":"standard","meta":{"footnotes":""},"categories":[342,181],"tags":[],"class_list":["post-11883","post","type-post","status-publish","format-standard","has-post-thumbnail","hentry","category-news","category-noticias"],"views":37,"_links":{"self":[{"href":"https:\/\/www.amchambaq.com\/es_co\/wp-json\/wp\/v2\/posts\/11883","targetHints":{"allow":["GET"]}}],"collection":[{"href":"https:\/\/www.amchambaq.com\/es_co\/wp-json\/wp\/v2\/posts"}],"about":[{"href":"https:\/\/www.amchambaq.com\/es_co\/wp-json\/wp\/v2\/types\/post"}],"author":[{"embeddable":true,"href":"https:\/\/www.amchambaq.com\/es_co\/wp-json\/wp\/v2\/users\/1"}],"replies":[{"embeddable":true,"href":"https:\/\/www.amchambaq.com\/es_co\/wp-json\/wp\/v2\/comments?post=11883"}],"version-history":[{"count":1,"href":"https:\/\/www.amchambaq.com\/es_co\/wp-json\/wp\/v2\/posts\/11883\/revisions"}],"predecessor-version":[{"id":11885,"href":"https:\/\/www.amchambaq.com\/es_co\/wp-json\/wp\/v2\/posts\/11883\/revisions\/11885"}],"wp:featuredmedia":[{"embeddable":true,"href":"https:\/\/www.amchambaq.com\/es_co\/wp-json\/wp\/v2\/media\/11884"}],"wp:attachment":[{"href":"https:\/\/www.amchambaq.com\/es_co\/wp-json\/wp\/v2\/media?parent=11883"}],"wp:term":[{"taxonomy":"category","embeddable":true,"href":"https:\/\/www.amchambaq.com\/es_co\/wp-json\/wp\/v2\/categories?post=11883"},{"taxonomy":"post_tag","embeddable":true,"href":"https:\/\/www.amchambaq.com\/es_co\/wp-json\/wp\/v2\/tags?post=11883"}],"curies":[{"name":"wp","href":"https:\/\/api.w.org\/{rel}","templated":true}]}}