{"id":11870,"date":"2024-02-07T10:11:00","date_gmt":"2024-02-07T15:11:00","guid":{"rendered":"https:\/\/www.amchambaq.com\/?p=11870"},"modified":"2024-02-07T10:11:00","modified_gmt":"2024-02-07T15:11:00","slug":"isa-gana-dos-proyectos-para-fortalecer-transmision-de-energia-electrica","status":"publish","type":"post","link":"https:\/\/www.amchambaq.com\/es_co\/isa-gana-dos-proyectos-para-fortalecer-transmision-de-energia-electrica\/","title":{"rendered":"ISA gana dos proyectos para fortalecer transmisi\u00f3n de energ\u00eda el\u00e9ctrica"},"content":{"rendered":"<p><strong>ISA\u00a0<\/strong>inicia el a\u00f1o con la adjudicaci\u00f3n de los dos primeros\u00a0<strong>proyectos de transmisi\u00f3n de energ\u00eda<\/strong>\u00a0licitados este a\u00f1o en\u00a0<strong>Colombia\u00a0<\/strong>por la\u00a0<strong>Unidad de Planeaci\u00f3n Minero Energ\u00e9tica (Upme).<\/strong><\/p>\n<p>Los\u00a0<strong>proyectos\u00a0<\/strong>comprenden el dise\u00f1o, construcci\u00f3n, operaci\u00f3n y mantenimiento del segundo transformador 500\/230 kV en la\u00a0<strong>subestaci\u00f3n Primavera<\/strong>, y el cuarto transformador de las mismas caracter\u00edsticas en la subestaci\u00f3n\u00a0<strong>Sogamoso<\/strong>; las dos subestaciones a intervenir son activos en operaci\u00f3n de ISA, est\u00e1n ubicadas en el departamento de Santander y tienen prevista fecha de entrada en operaci\u00f3n comercial el 31 de octubre de 2025.<\/p>\n<p>Conjuntamente los proyectos adjudicados tienen un valor presente neto de los ingresos futuros de USD23,47 millones, sumando ingresos anuales a ISA por USD2,8 millones.<\/p>\n<div class=\"field-item odd\">\n<div class=\"entity entity-paragraphs-item paragraphs-item-descripcion\">\n<div class=\"content\">\n<div class=\"field field-name-field-descripcion field-type-text-long field-label-hidden\">\n<div class=\"field-items\">\n<div class=\"field-item even\">\n<p>\u201cEstamos entusiasmados y comprometidos con estos proyectos que aportan significativamente a la estabilidad y el desarrollo del sistema y nos permiten seguir contribuyendo a la transici\u00f3n energ\u00e9tica en Colombia, uno de los principales objetivos de ISA y sus empresas en la regi\u00f3n.\u201d, dijo Gabriel Melguizo, presidente encargado de ISA.<\/p>\n<\/div>\n<\/div>\n<\/div>\n<\/div>\n<\/div>\n<\/div>\n<div class=\"field-item even\">\n<div id=\"relacionado-body\">\n<div class=\"box-title\">La compa\u00f1\u00eda indic\u00f3 que la\u00a0<strong>subestaci\u00f3n Primavera<\/strong>, ubicada en\u00a0<strong>Cimitarra<\/strong>,\u00a0<strong>Santander<\/strong>, permitir\u00e1 conectar los sistemas de generaci\u00f3n de energ\u00eda entre Antioquia y Santander. La subestaci\u00f3n transforma energ\u00eda entre 500 y 230 kV, permitiendo as\u00ed la distribuci\u00f3n de las hidroel\u00e9ctricas La Miel, Sogamoso y Porce a las redes del Sistema de Transmisi\u00f3n Nacional.<\/div>\n<div><\/div>\n<\/div>\n<div>A su vez, la subestaci\u00f3n\u00a0<strong>Sogamoso<\/strong>, ubicada en\u00a0<strong>Betulia<\/strong>,\u00a0<strong>Santander<\/strong>, es propiedad de\u00a0<strong>ISA<\/strong>, construida por su filial\u00a0<strong>Intercolombia<\/strong>, entr\u00f3 en operaci\u00f3n en agosto del 2014. La subestaci\u00f3n Sogamoso transforma energ\u00eda entre 500 y 230 kV, permitiendo as\u00ed aprovechar la capacidad de las centrales de\u00a0<strong>Sogamoso<\/strong>,\u00a0<strong>Meriel\u00e9ctrica<\/strong>,\u00a0<strong>Tasajero\u00a0<\/strong>y mejorando la calidad y confiabilidad del sistema, al mismo tiempo que atiende el crecimiento de la demanda futura del pa\u00eds.<\/div>\n<\/div>\n<div><\/div>\n<div>Tomado de: El Heraldo<\/div>\n<div><\/div>\n","protected":false},"excerpt":{"rendered":"<p>ISA\u00a0inicia el a\u00f1o con la adjudicaci\u00f3n de los dos primeros\u00a0proyectos de transmisi\u00f3n de energ\u00eda\u00a0licitados este a\u00f1o en\u00a0Colombia\u00a0por la\u00a0Unidad de Planeaci\u00f3n Minero Energ\u00e9tica (Upme). Los\u00a0proyectos\u00a0comprenden el dise\u00f1o, construcci\u00f3n, operaci\u00f3n y mantenimiento del segundo transformador 500\/230 kV en la\u00a0subestaci\u00f3n Primavera, y el cuarto transformador de las mismas caracter\u00edsticas en la subestaci\u00f3n\u00a0Sogamoso; las dos subestaciones a intervenir son<\/p>\n","protected":false},"author":1,"featured_media":11871,"comment_status":"closed","ping_status":"closed","sticky":false,"template":"","format":"standard","meta":{"footnotes":""},"categories":[342,181],"tags":[],"class_list":["post-11870","post","type-post","status-publish","format-standard","has-post-thumbnail","hentry","category-news","category-noticias"],"views":79,"_links":{"self":[{"href":"https:\/\/www.amchambaq.com\/es_co\/wp-json\/wp\/v2\/posts\/11870","targetHints":{"allow":["GET"]}}],"collection":[{"href":"https:\/\/www.amchambaq.com\/es_co\/wp-json\/wp\/v2\/posts"}],"about":[{"href":"https:\/\/www.amchambaq.com\/es_co\/wp-json\/wp\/v2\/types\/post"}],"author":[{"embeddable":true,"href":"https:\/\/www.amchambaq.com\/es_co\/wp-json\/wp\/v2\/users\/1"}],"replies":[{"embeddable":true,"href":"https:\/\/www.amchambaq.com\/es_co\/wp-json\/wp\/v2\/comments?post=11870"}],"version-history":[{"count":1,"href":"https:\/\/www.amchambaq.com\/es_co\/wp-json\/wp\/v2\/posts\/11870\/revisions"}],"predecessor-version":[{"id":11872,"href":"https:\/\/www.amchambaq.com\/es_co\/wp-json\/wp\/v2\/posts\/11870\/revisions\/11872"}],"wp:featuredmedia":[{"embeddable":true,"href":"https:\/\/www.amchambaq.com\/es_co\/wp-json\/wp\/v2\/media\/11871"}],"wp:attachment":[{"href":"https:\/\/www.amchambaq.com\/es_co\/wp-json\/wp\/v2\/media?parent=11870"}],"wp:term":[{"taxonomy":"category","embeddable":true,"href":"https:\/\/www.amchambaq.com\/es_co\/wp-json\/wp\/v2\/categories?post=11870"},{"taxonomy":"post_tag","embeddable":true,"href":"https:\/\/www.amchambaq.com\/es_co\/wp-json\/wp\/v2\/tags?post=11870"}],"curies":[{"name":"wp","href":"https:\/\/api.w.org\/{rel}","templated":true}]}}