{"id":11863,"date":"2024-02-06T14:11:56","date_gmt":"2024-02-06T19:11:56","guid":{"rendered":"https:\/\/www.amchambaq.com\/?p=11863"},"modified":"2024-02-06T14:11:56","modified_gmt":"2024-02-06T19:11:56","slug":"colombia-y-estados-unidos-reafirman-compromiso-para-avanzar-en-metas-regionales-compartidas","status":"publish","type":"post","link":"https:\/\/www.amchambaq.com\/es_co\/colombia-y-estados-unidos-reafirman-compromiso-para-avanzar-en-metas-regionales-compartidas\/","title":{"rendered":"Colombia y Estados Unidos reafirman compromiso para avanzar en metas regionales compartidas"},"content":{"rendered":"<p>El presidente de Colombia, Gustavo Petro, recibi\u00f3 al consejero principal adjunto de seguridad nacional, Jon Finer, para avanzar en la cooperaci\u00f3n en la amplia variedad de temas bilaterales y regionales que caracterizan la relaci\u00f3n estrat\u00e9gica entre Colombia y los Estados Unidos.<\/p>\n<p>Durante la reuni\u00f3n , Colombia y los Estados Unidos ratificaron su compromiso continuo con el fortalecimiento de la competitividad regional y el aumento de la inversi\u00f3n a trav\u00e9s de la Alianza para la Prosperidad Econ\u00f3mica en las Americas.<\/p>\n<p>El presidente Petro y el consejero Finer reafirmaron el compromiso de ambos pa\u00edses para abordar la migraci\u00f3n internacional irregular internacional de una manera segura, ordenada y humana a trav\u00e9s de un enfoque regional y analizaron los actuales esfuerzos conjuntos, enmarcados en la Declaraci\u00f3n de Los \u00c1ngeles sobre Migraci\u00f3n y Protecci\u00f3n.<\/p>\n<p>El presidente Petro y el consejero Finer coincidieron en la importancia de acelerar la implementaci\u00f3n del Acuerdo de Paz de 2016, que fortalecer\u00e1 el acceso a la seguridad, las instituciones democr\u00e1ticas y las oportunidades econ\u00f3micas para todos los colombianos. Tambi\u00e9n discutieron el estado de las negociaciones de paz en curso entre el Gobierno con los grupos armados, una iniciativa prioritaria para el presidente Petro.<\/p>\n<p>Finalmente, el presidente Petro y el consejero Finer dialogaron en profundidad sobre la situaci\u00f3n en Venezuela y reafirmaron la importancia de implementar todos los elementos del Acuerdo de Barbados y de trabajar junto con todas las partes para cumplir con la hoja de ruta electoral acordada.<\/p>\n","protected":false},"excerpt":{"rendered":"<p>El presidente de Colombia, Gustavo Petro, recibi\u00f3 al consejero principal adjunto de seguridad nacional, Jon Finer, para avanzar en la cooperaci\u00f3n en la amplia variedad de temas bilaterales y regionales que caracterizan la relaci\u00f3n estrat\u00e9gica entre Colombia y los Estados Unidos. Durante la reuni\u00f3n , Colombia y los Estados Unidos ratificaron su compromiso continuo con<\/p>\n","protected":false},"author":1,"featured_media":11827,"comment_status":"closed","ping_status":"closed","sticky":false,"template":"","format":"standard","meta":{"footnotes":""},"categories":[342,181],"tags":[],"class_list":["post-11863","post","type-post","status-publish","format-standard","has-post-thumbnail","hentry","category-news","category-noticias"],"views":61,"_links":{"self":[{"href":"https:\/\/www.amchambaq.com\/es_co\/wp-json\/wp\/v2\/posts\/11863","targetHints":{"allow":["GET"]}}],"collection":[{"href":"https:\/\/www.amchambaq.com\/es_co\/wp-json\/wp\/v2\/posts"}],"about":[{"href":"https:\/\/www.amchambaq.com\/es_co\/wp-json\/wp\/v2\/types\/post"}],"author":[{"embeddable":true,"href":"https:\/\/www.amchambaq.com\/es_co\/wp-json\/wp\/v2\/users\/1"}],"replies":[{"embeddable":true,"href":"https:\/\/www.amchambaq.com\/es_co\/wp-json\/wp\/v2\/comments?post=11863"}],"version-history":[{"count":1,"href":"https:\/\/www.amchambaq.com\/es_co\/wp-json\/wp\/v2\/posts\/11863\/revisions"}],"predecessor-version":[{"id":11864,"href":"https:\/\/www.amchambaq.com\/es_co\/wp-json\/wp\/v2\/posts\/11863\/revisions\/11864"}],"wp:featuredmedia":[{"embeddable":true,"href":"https:\/\/www.amchambaq.com\/es_co\/wp-json\/wp\/v2\/media\/11827"}],"wp:attachment":[{"href":"https:\/\/www.amchambaq.com\/es_co\/wp-json\/wp\/v2\/media?parent=11863"}],"wp:term":[{"taxonomy":"category","embeddable":true,"href":"https:\/\/www.amchambaq.com\/es_co\/wp-json\/wp\/v2\/categories?post=11863"},{"taxonomy":"post_tag","embeddable":true,"href":"https:\/\/www.amchambaq.com\/es_co\/wp-json\/wp\/v2\/tags?post=11863"}],"curies":[{"name":"wp","href":"https:\/\/api.w.org\/{rel}","templated":true}]}}