{"id":11855,"date":"2024-02-05T10:21:50","date_gmt":"2024-02-05T15:21:50","guid":{"rendered":"https:\/\/www.amchambaq.com\/?p=11855"},"modified":"2024-02-05T10:21:50","modified_gmt":"2024-02-05T15:21:50","slug":"powell-dice-que-hay-que-abordar-con-cuidado-las-posibles-bajas-de-tasas","status":"publish","type":"post","link":"https:\/\/www.amchambaq.com\/es_co\/powell-dice-que-hay-que-abordar-con-cuidado-las-posibles-bajas-de-tasas\/","title":{"rendered":"Powell dice que hay que abordar \u201ccon cuidado\u201d las posibles bajas de tasas"},"content":{"rendered":"<div id=\"body\" class=\"content-article size-m\">\n<p>El presidente de la<strong>\u00a0Reserva Federal (Fed), Jerome Powell<\/strong>, afirm\u00f3 en una entrevista que a la hora de pensar en posibles bajadas de<strong>\u00a0tipos de inter\u00e9s<\/strong>\u00a0hay que actuar &#8220;con cuidado&#8221;.<\/p>\n<\/div>\n<div id=\"paragraphs\" class=\"content-article paragraphs size-m\">\n<div class=\"field-collection-container clearfix\">\n<div class=\"field field-name-field-contenido-articulos-2 field-type-field-collection field-label-hidden\">\n<div class=\"field-item even\">\n<div class=\"field-collection-view clearfix view-mode-full field-collection-view-final\">\n<div>\n<div class=\"content\">\n<div class=\"paragraphs-items paragraphs-items-field-campos paragraphs-items-field-campos-full paragraphs-items-full\">\n<div class=\"field field-name-field-campos field-type-paragraphs field-label-hidden\">\n<div class=\"field-item even\">\n<div id=\"relacionado-body\">\n<div class=\"box-title\">\n<div class=\"field-item odd\">\n<div class=\"entity entity-paragraphs-item paragraphs-item-descripcion\">\n<div class=\"content\">\n<div class=\"field field-name-field-descripcion field-type-text-long field-label-hidden\">\n<div class=\"field-items\">\n<div class=\"field-item even\">\n<p>&#8220;El crecimiento avanza a un ritmo s\u00f3lido, el mercado laboral es fuerte y con una\u00a0<strong>econom\u00eda\u00a0<\/strong>as\u00ed de fuerte, sentimos que debemos abordar la cuesti\u00f3n de cu\u00e1ndo comenzar a reducir las<strong>\u00a0tasas de inter\u00e9s\u00a0<\/strong>con cuidado&#8221;, se\u00f1al\u00f3 en una entrevista para el programa &#8217;60 minutes&#8217; de\u00a0<strong>CBS News<\/strong>.<\/p>\n<p>Coherente con el mensaje que dio esta semana en la rueda de prensa posterior al anuncio de la\u00a0<strong>Fed\u00a0<\/strong>de que mantienes los tipos, Powell afirm\u00f3 que quieren ver &#8220;m\u00e1s evidencia&#8221; de que la inflaci\u00f3n est\u00e1 bajando de manera sostenible al 2 %.<\/p>\n<p>As\u00ed, a la pregunta de si se ha logrado vencer a la\u00a0<strong>inflaci\u00f3n<\/strong>, Powell dijo que &#8220;no ir\u00eda tan lejos&#8221;. &#8220;Lo que puedo decir es que la inflaci\u00f3n ha disminuido realmente durante el a\u00f1o pasado y de manera bastante pronunciada durante los \u00faltimos seis meses. Estamos haciendo buenos progresos, pero el trabajo no est\u00e1 hecho&#8221;, indic\u00f3 el presidente del regulador.<\/p>\n<p>El pasado mi\u00e9rcoles, la\u00a0<strong>Fed\u00a0<\/strong>decidi\u00f3 mantener los tipos en la horquilla del 5,25 % y el 5,5 %, su m\u00e1ximo nivel desde 2001.<\/p>\n<p>Tras el anuncio, Powell dijo que si la econom\u00eda evoluciona como se espera, probablemente ser\u00e1 apropiado comenzar a reducir los tipos este a\u00f1o.<\/p>\n<\/div>\n<\/div>\n<\/div>\n<\/div>\n<\/div>\n<\/div>\n<div class=\"field-item even\">\n<div id=\"relacionado-body\">\n<div class=\"box-title\">\n<p>El presidente expres\u00f3 hoy que &#8220;casi todos&#8221; los 19 miembros del\u00a0<strong>Comit\u00e9 Federal de Mercado Abierto (FOMC, en ingl\u00e9s)<\/strong>, \u00f3rgano encargado de decidir si se suben o no los tipos, &#8220;creen que, en su caso m\u00e1s probable, ser\u00e1 apropiado&#8221; que se reduzca la tasa &#8220;este a\u00f1o&#8221;.<\/p>\n<p>&#8220;Creo que no es probable que este comit\u00e9 alcance ese nivel de confianza a tiempo para la reuni\u00f3n de marzo, que ser\u00e1 dentro de siete semanas. La pr\u00f3xima votaci\u00f3n del comit\u00e9 ser\u00eda entonces en mayo&#8221;, record\u00f3.<\/p>\n<p>Los recortes, explic\u00f3, no necesariamente llegar\u00e1n cuando se llegue al 2 %. &#8220;Eso no es lo que decimos en absoluto. Estamos comprometidos a devolver la inflaci\u00f3n al 2 % con el tiempo, pero no esperaremos a llegar al 2 % para reducir los tipos&#8221;, afirm\u00f3.<\/p>\n<p>La entrevista se realiz\u00f3 el pasado jueves, antes de conocerse los \u00faltimos datos de\u00a0<strong>empleo<\/strong>, una de las cifras analizadas de cerca por la Fed para tomar sus decisiones.<\/p>\n<p>En enero la\u00a0<strong>tasa de desempleo<\/strong>\u00a0en\u00a0<strong>Estados Unidos\u00a0<\/strong>se mantuvo, por tercer mes consecutivo, en el 3,7 % y se crearon 353.000 puestos netos, una cifra muy superior a los 255.000 puestos netos creados al mes en promedio en 2023 y que est\u00e1 por encima de las previsiones que hac\u00edan los analistas.<\/p>\n<p>La decisi\u00f3n de la\u00a0<strong>Fed\u00a0<\/strong>de esta semana se conoci\u00f3 unos d\u00edas despu\u00e9s de que\u00a0<strong>Estados Unidos\u00a0<\/strong>anunciara que cerr\u00f3 2023 con un crecimiento del\u00a0<strong>Producto Interior Bruto (PIB)<\/strong>\u00a0del 3,1 %, gracias al aumento del gasto de los consumidores pese a la inflaci\u00f3n.<\/p>\n<p>La cifra es mayor a la estimada por los\u00a0<strong>economistas\u00a0<\/strong>y superior al 2,1 % del crecimiento registrado en 2022, a\u00f1o en el que la primera\u00a0<strong>econom\u00eda\u00a0<\/strong>del mundo sufri\u00f3 una\u00a0<strong>recesi\u00f3n t\u00e9cnica<\/strong>.<\/p>\n<p>El\u00a0<strong>PIB\u00a0<\/strong>es uno de los datos que analiza de cerca el regulador, junto con la\u00a0<strong>inflaci\u00f3n<\/strong>, que en diciembre abandon\u00f3 su racha bajista. Los precios subieron tres d\u00e9cimas interanualmente y la inflaci\u00f3n cerr\u00f3 el a\u00f1o en el 3,4 %.<\/p>\n<p>Tomado de: EL HERALDO<\/p>\n<\/div>\n<\/div>\n<\/div>\n<\/div>\n<\/div>\n<\/div>\n<\/div>\n<\/div>\n<\/div>\n<\/div>\n<\/div>\n<\/div>\n<\/div>\n<\/div>\n<\/div>\n","protected":false},"excerpt":{"rendered":"<p>El presidente de la\u00a0Reserva Federal (Fed), Jerome Powell, afirm\u00f3 en una entrevista que a la hora de pensar en posibles bajadas de\u00a0tipos de inter\u00e9s\u00a0hay que actuar &#8220;con cuidado&#8221;. &#8220;El crecimiento avanza a un ritmo s\u00f3lido, el mercado laboral es fuerte y con una\u00a0econom\u00eda\u00a0as\u00ed de fuerte, sentimos que debemos abordar la cuesti\u00f3n de cu\u00e1ndo comenzar a<\/p>\n","protected":false},"author":1,"featured_media":11856,"comment_status":"closed","ping_status":"closed","sticky":false,"template":"","format":"standard","meta":{"footnotes":""},"categories":[342,181],"tags":[],"class_list":["post-11855","post","type-post","status-publish","format-standard","has-post-thumbnail","hentry","category-news","category-noticias"],"views":44,"_links":{"self":[{"href":"https:\/\/www.amchambaq.com\/es_co\/wp-json\/wp\/v2\/posts\/11855","targetHints":{"allow":["GET"]}}],"collection":[{"href":"https:\/\/www.amchambaq.com\/es_co\/wp-json\/wp\/v2\/posts"}],"about":[{"href":"https:\/\/www.amchambaq.com\/es_co\/wp-json\/wp\/v2\/types\/post"}],"author":[{"embeddable":true,"href":"https:\/\/www.amchambaq.com\/es_co\/wp-json\/wp\/v2\/users\/1"}],"replies":[{"embeddable":true,"href":"https:\/\/www.amchambaq.com\/es_co\/wp-json\/wp\/v2\/comments?post=11855"}],"version-history":[{"count":1,"href":"https:\/\/www.amchambaq.com\/es_co\/wp-json\/wp\/v2\/posts\/11855\/revisions"}],"predecessor-version":[{"id":11857,"href":"https:\/\/www.amchambaq.com\/es_co\/wp-json\/wp\/v2\/posts\/11855\/revisions\/11857"}],"wp:featuredmedia":[{"embeddable":true,"href":"https:\/\/www.amchambaq.com\/es_co\/wp-json\/wp\/v2\/media\/11856"}],"wp:attachment":[{"href":"https:\/\/www.amchambaq.com\/es_co\/wp-json\/wp\/v2\/media?parent=11855"}],"wp:term":[{"taxonomy":"category","embeddable":true,"href":"https:\/\/www.amchambaq.com\/es_co\/wp-json\/wp\/v2\/categories?post=11855"},{"taxonomy":"post_tag","embeddable":true,"href":"https:\/\/www.amchambaq.com\/es_co\/wp-json\/wp\/v2\/tags?post=11855"}],"curies":[{"name":"wp","href":"https:\/\/api.w.org\/{rel}","templated":true}]}}