{"id":11850,"date":"2024-01-31T10:32:32","date_gmt":"2024-01-31T15:32:32","guid":{"rendered":"https:\/\/www.amchambaq.com\/?p=11850"},"modified":"2024-01-31T10:32:32","modified_gmt":"2024-01-31T15:32:32","slug":"amcham-colombia-analizara-retos-de-la-relacion-entre-colombia-y-ee-uu-en-2024","status":"publish","type":"post","link":"https:\/\/www.amchambaq.com\/es_co\/amcham-colombia-analizara-retos-de-la-relacion-entre-colombia-y-ee-uu-en-2024\/","title":{"rendered":"AmCham Colombia analizar\u00e1 retos de la relaci\u00f3n entre Colombia y EE. UU. en 2024"},"content":{"rendered":"<p>El pr\u00f3ximo 6 de febrero, expertos y autoridades nacionales e internacionales se dar\u00e1n cita en el foro\u00a0<em>\u201c\u00bfC\u00f3mo vamos en la agenda Colombia \u2013 Estados Unidos? Retos para la relaci\u00f3n bilateral en 2024\u201d<\/em>\u00a0que realizar\u00e1 la C\u00e1mara de Comercio Colombo Americana (AmCham Colombia) en el Bogot\u00e1.<\/p>\n<p>\u201cEstados Unidos es el principal socio comercial de Colombia y aliado en temas relacionados con la lucha contra el narcotr\u00e1fico, fortalecimiento de la justica y desarrollo social del pa\u00eds. Con el apoyo de autoridades y expertos en AmCham Colombia daremos una mirada a lo que se espera en la relaci\u00f3n binacional en este 2024, si tendr\u00e1 alg\u00fan impacto el proceso electoral en curso en ese pa\u00eds y c\u00f3mo podemos potenciar las oportunidades comerciales en momentos en los que Colombia enfrenta un desaf\u00edo de crecimiento econ\u00f3mico\u201d, dijo la presidenta de la C\u00e1mara Colombo Americana, AmCham Colombia, Mar\u00eda Claudia Lacouture.<\/p>\n<p>El\u00a0embajador de Colombia en Estados Unidos, Luis Gilberto Murillo; y su hom\u00f3logo, el\u00a0embajador de Estados Unidos en Colombia, Francisco Palmieri; dar\u00e1n apertura al Foro analizando las perspectivas de la relaci\u00f3n bilateral en medio de un conversatorio moderado por el director de Noticias Caracol, Juan Roberto Vargas.<\/p>\n<p>Para complementar la visi\u00f3n gubernamental desde la perspectiva nacional, el viceministro de Comercio Exterior de Colombia, Luis Felipe Quintero, abordar\u00e1 la relaci\u00f3n comercial con Estados Unidos.<\/p>\n<p>Por su parte, el exembajador de Estados Unidos en Colombia, Kevin Whitaker, conversar\u00e1 con el director del diario La Rep\u00fablica, Fernando Quijano, sobre el impacto de las elecciones presidenciales en Estados Unidos este 2024 en la relaci\u00f3n bilateral.<\/p>\n<p>El cierre del evento estar\u00e1 a cargo de Bill Udell, Chief Executive Officer of Control Risks\u2019 Americas regi\u00f3n, quien dar\u00e1 a conocer las oportunidades y riesgos de las perspectivas econ\u00f3micas y pol\u00edticas de Estados Unidos.<\/p>\n<p>Este Foro, que se llevar\u00e1 a cabo desde las 8:00 a. m. hasta las 10:30 a. m., es desarrollado con el apoyo de FedEx y Congrupo. Los interesados en asistir pueden inscribirse gratuitamente en este link:\u00a0<a title=\"\" href=\"https:\/\/amchamcolombia.co\/eventos-amcham\/como-vamos-en-la-agenda-colombia-estados-unidos-retos-para-la-relacion-bilateral-en-2024\/\" target=\"_blank\" rel=\"noopener\">https:\/\/amchamcolombia.co\/eventos-amcham\/como-vamos-en-la-agenda-colombia-estados-unidos-retos-para-la-relacion-bilateral-en-2024\/<\/a><\/p>\n","protected":false},"excerpt":{"rendered":"<p>El pr\u00f3ximo 6 de febrero, expertos y autoridades nacionales e internacionales se dar\u00e1n cita en el foro\u00a0\u201c\u00bfC\u00f3mo vamos en la agenda Colombia \u2013 Estados Unidos? Retos para la relaci\u00f3n bilateral en 2024\u201d\u00a0que realizar\u00e1 la C\u00e1mara de Comercio Colombo Americana (AmCham Colombia) en el Bogot\u00e1. \u201cEstados Unidos es el principal socio comercial de Colombia y aliado<\/p>\n","protected":false},"author":1,"featured_media":11684,"comment_status":"closed","ping_status":"closed","sticky":false,"template":"","format":"standard","meta":{"footnotes":""},"categories":[342,181],"tags":[],"class_list":["post-11850","post","type-post","status-publish","format-standard","has-post-thumbnail","hentry","category-news","category-noticias"],"views":59,"_links":{"self":[{"href":"https:\/\/www.amchambaq.com\/es_co\/wp-json\/wp\/v2\/posts\/11850","targetHints":{"allow":["GET"]}}],"collection":[{"href":"https:\/\/www.amchambaq.com\/es_co\/wp-json\/wp\/v2\/posts"}],"about":[{"href":"https:\/\/www.amchambaq.com\/es_co\/wp-json\/wp\/v2\/types\/post"}],"author":[{"embeddable":true,"href":"https:\/\/www.amchambaq.com\/es_co\/wp-json\/wp\/v2\/users\/1"}],"replies":[{"embeddable":true,"href":"https:\/\/www.amchambaq.com\/es_co\/wp-json\/wp\/v2\/comments?post=11850"}],"version-history":[{"count":1,"href":"https:\/\/www.amchambaq.com\/es_co\/wp-json\/wp\/v2\/posts\/11850\/revisions"}],"predecessor-version":[{"id":11851,"href":"https:\/\/www.amchambaq.com\/es_co\/wp-json\/wp\/v2\/posts\/11850\/revisions\/11851"}],"wp:featuredmedia":[{"embeddable":true,"href":"https:\/\/www.amchambaq.com\/es_co\/wp-json\/wp\/v2\/media\/11684"}],"wp:attachment":[{"href":"https:\/\/www.amchambaq.com\/es_co\/wp-json\/wp\/v2\/media?parent=11850"}],"wp:term":[{"taxonomy":"category","embeddable":true,"href":"https:\/\/www.amchambaq.com\/es_co\/wp-json\/wp\/v2\/categories?post=11850"},{"taxonomy":"post_tag","embeddable":true,"href":"https:\/\/www.amchambaq.com\/es_co\/wp-json\/wp\/v2\/tags?post=11850"}],"curies":[{"name":"wp","href":"https:\/\/api.w.org\/{rel}","templated":true}]}}