{"id":11844,"date":"2024-01-29T14:04:39","date_gmt":"2024-01-29T19:04:39","guid":{"rendered":"https:\/\/www.amchambaq.com\/?p=11844"},"modified":"2024-01-29T14:04:39","modified_gmt":"2024-01-29T19:04:39","slug":"los-colegios-publicos-de-barranquilla-quedaran-100-bilingues-alcalde-char","status":"publish","type":"post","link":"https:\/\/www.amchambaq.com\/es_co\/los-colegios-publicos-de-barranquilla-quedaran-100-bilingues-alcalde-char\/","title":{"rendered":"Los colegios p\u00fablicos de Barranquilla quedar\u00e1n 100% biling\u00fces: alcalde Char"},"content":{"rendered":"<div id=\"body\" class=\"content-article size-m\">\n<p>Este lunes cerca de 210 mil ni\u00f1os y j\u00f3venes iniciaron su calendario escolar en Barranquilla.<\/p>\n<p>Con entusiasmo estudiantes y docentes se disponen a enfrentar los retos de este nuevo a\u00f1o acad\u00e9mico que, seg\u00fan la alcald\u00eda, tendr\u00e1 inversiones importantes en infraestructura y dotaci\u00f3n.<\/p>\n<\/div>\n<div id=\"paragraphs\" class=\"content-article paragraphs size-m\">\n<div class=\"field-collection-container clearfix\">\n<div class=\"field field-name-field-contenido-articulos-2 field-type-field-collection field-label-hidden\">\n<div class=\"field-item even\">\n<div class=\"field-collection-view clearfix view-mode-full field-collection-view-final\">\n<div>\n<div class=\"content\">\n<div class=\"paragraphs-items paragraphs-items-field-campos paragraphs-items-field-campos-full paragraphs-items-full\">\n<div class=\"field field-name-field-campos field-type-paragraphs field-label-hidden\">\n<div class=\"field-item even\">\n<div class=\"entity entity-paragraphs-item paragraphs-item-descripcion\">\n<div class=\"content\">\n<div class=\"field field-name-field-descripcion field-type-text-long field-label-hidden\">\n<div class=\"field-items\">\n<div class=\"field-item even\">\n<p>Durante el regreso a clases el alcalde Alejandro Char comparti\u00f3 a trav\u00e9s de su cuenta de X la visita que realiz\u00f3 a comunidad estudiantil de la Instituci\u00f3n Educativa Distrital Comunitaria Metropolitana, con el fin de darles la bienvenida y reiterar su compromiso por la calidad educativa en la ciudad.<\/p>\n<p>\u201cQu\u00e9 orgullo acompa\u00f1arlos en su regreso a clases y saber que se encontrar\u00e1n con aulas bonitas e innovadoras y toda una comunidad educativa capacitada para guiarlos y fortalecer sus competencias con una educaci\u00f3n de calidad, biling\u00fce, incluyente y sostenible\u201d, expres\u00f3 el mandatario.<\/p>\n<div class=\"field-item even\">\n<div class=\"entity entity-paragraphs-item paragraphs-item-descripcion\">\n<div class=\"content\">\n<div class=\"field field-name-field-descripcion field-type-text-long field-label-hidden\">\n<div class=\"field-items\">\n<div class=\"field-item even\">\n<p>Es importante destacar que el inicio de clases va acorde con lo expuesto en la\u00a0Resoluci\u00f3n 06182 de 2023 de la Secretar\u00eda de Educaci\u00f3n distrital.<\/p>\n<p>El alcalde tambi\u00e9n asegur\u00f3 que durante este a\u00f1o la apuesta es a que\u00a0los colegios p\u00fablicos de Barranquilla queden 100% biling\u00fces.<\/p>\n<\/div>\n<\/div>\n<\/div>\n<\/div>\n<\/div>\n<\/div>\n<div class=\"field-item odd\">\n<div class=\"entity entity-paragraphs-item paragraphs-item-descripcion\">\n<div class=\"content\">\n<div class=\"field field-name-field-descripcion field-type-text-long field-label-hidden\">\n<div class=\"field-items\">\n<div class=\"field-item even\">\n<p>\u201cHoy, en el primer d\u00eda de clases, anunciamos que Barranquilla le apuesta a la educaci\u00f3n biling\u00fce en el 100% de sus colegios p\u00fablicos, iniciando desde transici\u00f3n de la mano del programa Global Kids que impacta a m\u00e1s de 45 mil ni\u00f1os y ni\u00f1as. Lo que antes era un privilegio para unos pocos, \u00a1ahora es un derecho para todos!\u201d, asegur\u00f3.<\/p>\n<p>Tambi\u00e9n anunci\u00f3 que\u00a0continuar\u00e1n el fortalecimiento de la infraestructura educativa \u201cpara consolidar espacios de aprendizaje multiprop\u00f3sito, innovadores y sostenibles\u201d.<\/p>\n<\/div>\n<\/div>\n<\/div>\n<\/div>\n<\/div>\n<\/div>\n<\/div>\n<\/div>\n<\/div>\n<\/div>\n<\/div>\n<\/div>\n<\/div>\n<\/div>\n<\/div>\n<\/div>\n<\/div>\n<\/div>\n<\/div>\n<\/div>\n<\/div>\n","protected":false},"excerpt":{"rendered":"<p>Este lunes cerca de 210 mil ni\u00f1os y j\u00f3venes iniciaron su calendario escolar en Barranquilla. Con entusiasmo estudiantes y docentes se disponen a enfrentar los retos de este nuevo a\u00f1o acad\u00e9mico que, seg\u00fan la alcald\u00eda, tendr\u00e1 inversiones importantes en infraestructura y dotaci\u00f3n. Durante el regreso a clases el alcalde Alejandro Char comparti\u00f3 a trav\u00e9s de<\/p>\n","protected":false},"author":1,"featured_media":11845,"comment_status":"closed","ping_status":"closed","sticky":false,"template":"","format":"standard","meta":{"footnotes":""},"categories":[342,181],"tags":[],"class_list":["post-11844","post","type-post","status-publish","format-standard","has-post-thumbnail","hentry","category-news","category-noticias"],"views":62,"_links":{"self":[{"href":"https:\/\/www.amchambaq.com\/es_co\/wp-json\/wp\/v2\/posts\/11844","targetHints":{"allow":["GET"]}}],"collection":[{"href":"https:\/\/www.amchambaq.com\/es_co\/wp-json\/wp\/v2\/posts"}],"about":[{"href":"https:\/\/www.amchambaq.com\/es_co\/wp-json\/wp\/v2\/types\/post"}],"author":[{"embeddable":true,"href":"https:\/\/www.amchambaq.com\/es_co\/wp-json\/wp\/v2\/users\/1"}],"replies":[{"embeddable":true,"href":"https:\/\/www.amchambaq.com\/es_co\/wp-json\/wp\/v2\/comments?post=11844"}],"version-history":[{"count":1,"href":"https:\/\/www.amchambaq.com\/es_co\/wp-json\/wp\/v2\/posts\/11844\/revisions"}],"predecessor-version":[{"id":11846,"href":"https:\/\/www.amchambaq.com\/es_co\/wp-json\/wp\/v2\/posts\/11844\/revisions\/11846"}],"wp:featuredmedia":[{"embeddable":true,"href":"https:\/\/www.amchambaq.com\/es_co\/wp-json\/wp\/v2\/media\/11845"}],"wp:attachment":[{"href":"https:\/\/www.amchambaq.com\/es_co\/wp-json\/wp\/v2\/media?parent=11844"}],"wp:term":[{"taxonomy":"category","embeddable":true,"href":"https:\/\/www.amchambaq.com\/es_co\/wp-json\/wp\/v2\/categories?post=11844"},{"taxonomy":"post_tag","embeddable":true,"href":"https:\/\/www.amchambaq.com\/es_co\/wp-json\/wp\/v2\/tags?post=11844"}],"curies":[{"name":"wp","href":"https:\/\/api.w.org\/{rel}","templated":true}]}}