{"id":11835,"date":"2024-01-29T09:04:53","date_gmt":"2024-01-29T14:04:53","guid":{"rendered":"https:\/\/www.amchambaq.com\/?p=11835"},"modified":"2024-01-29T09:04:53","modified_gmt":"2024-01-29T14:04:53","slug":"las-cifras-de-produccion-de-cafe-en-colombia-y-como-estamos-frente-a-otros-paises","status":"publish","type":"post","link":"https:\/\/www.amchambaq.com\/es_co\/las-cifras-de-produccion-de-cafe-en-colombia-y-como-estamos-frente-a-otros-paises\/","title":{"rendered":"Las cifras de producci\u00f3n de caf\u00e9 en Colombia y c\u00f3mo estamos frente a otros pa\u00edses"},"content":{"rendered":"<p>Durante una intervenci\u00f3n en un evento en el Pac\u00edfico, el presidente Gustavo Petro se refiri\u00f3 a la producci\u00f3n cafetera mundial y a\u00a0<b>la ca\u00edda\u00a0de Colombia en el escalaf\u00f3n de los principales productores de caf\u00e9.\u00a0<\/b>Seg\u00fan\u00a0afirm\u00f3, el pa\u00eds pas\u00f3 de ocupar el segundo lugar de la lista a ubicarse en la quinta posici\u00f3n.<\/p>\n<p id=\"p597046-m595-2-596\" class=\"parrafo\"><i>\u00c9ramos el segundo productor mundial, hoy somos el quinto. Y nos va a pasar Etiop\u00eda, si la ministra de Agricultura no se pone las pilas&#8221;<\/i>, expres\u00f3 el mandatario.<\/p>\n<p id=\"p597046-m601-3-602\" class=\"parrafo\">Pero,<b>\u00a0\u00bfc\u00f3mo est\u00e1 el panorama de la producci\u00f3n de este recurso en el pa\u00eds?\u00a0<\/b><\/p>\n<p id=\"p597046-m607-4-608\" class=\"parrafo\">De acuerdo con el \u00faltimo reporte presentado por la Organizaci\u00f3n Internacional del Caf\u00e9 (ICO, por sus siglas en ingl\u00e9s), en el a\u00f1o cafetero 2022\/2023,\u00a0<b>el territorio nacional produjo 10,7 millones de sacos\u00a0de 60 kilogramos.<\/b>\u00a0El resultado representa una ca\u00edda del 9,7 % y se vio impulsado por las desfavorables condiciones clim\u00e1ticas que persistieron a lo largo de ese periodo.<\/p>\n<p id=\"p597046-m619-6-620\" class=\"parrafo\">En el informe, la ICO se\u00f1ala que es el tercer a\u00f1o consecutivo que el dato de producci\u00f3n de Colombia registra un crecimiento negativo.\u00a0No obstante, los pron\u00f3sticos son m\u00e1s alentadores.<\/p>\n<p id=\"p597046-m625-7-626\" class=\"parrafo\">El ente internacional apunta a que, para el a\u00f1o cafetero 2023\/2024, la producci\u00f3n llegu\u00e9 a los 12,5 millones de sacos.<\/p>\n<p>La previsi\u00f3n va en l\u00ednea, en cuanto a crecimiento, con la presentada por el Departamento de Agricultura de los Estados Unidos (USDA, por sus siglas en ingl\u00e9s). La entidad, quien realiza un monitoreo del mercado mundial en torno a este producto, estima que la producci\u00f3n alcanzar\u00e1 los 11,5 millones de sacos.<\/p>\n<div id=\"p597046-m663-10-664\" class=\"highlighted\">\n<div id=\"m668-667-669\" class=\"tiemposBold3\"><strong>C\u00f3mo est\u00e1 la producci\u00f3n en otros pa\u00edses<\/strong><\/div>\n<\/div>\n<p id=\"p597046-m675-11-676\" class=\"parrafo\">De acuerdo con la ICO, en el periodo antes mencionado,\u00a0<b>Brasil estableci\u00f3 un nuevo r\u00e9cord al registrar una producci\u00f3n de 65,9 millones de sacos.<\/b>\u00a0Una cifra que supera la marca obtenida en 2020, cuando el nivel lleg\u00f3 a 65,47 millones de sacos.<\/p>\n<p id=\"p597046-m681-12-682\" class=\"parrafo\">Sin embargo, la entidad destaca que la industria cafetera brasile\u00f1a todav\u00eda sufre el impacto de las heladas de julio de 2021.<\/p>\n<p id=\"p597046-m687-13-688\" class=\"parrafo\">A esta cifra le sigue la registrada por Vietnam. Los datos muestran que en el a\u00f1o cafetero 2022\/2023 el pa\u00eds asi\u00e1tico produjo 29,2 millones de sacos,\u00a0<b>lo que lo ubica como el segundo mayor productor de caf\u00e9 del mundo<\/b>\u00a0y el mayor de As\u00eda y Ocean\u00eda.<\/p>\n<p id=\"p597046-m693-14-694\" class=\"parrafo\">Por otro lado, en ese rango de tiempo, Indonesia vio su producci\u00f3n aumentar un 2,4 % a 12,0 millones de sacos.\u00a0El aumento responde a que la superficie cultivada con caf\u00e9 se expandi\u00f3 en 71.000 hect\u00e1reas netas en 2018-22.<\/p>\n<div id=\"p597046-m731-17-732\" class=\"highlighted\">\n<div id=\"m736-735-737\" class=\"tiemposBold3\"><strong>Aporte en la producci\u00f3n mundial de caf\u00e9<\/strong><\/div>\n<\/div>\n<p id=\"p597046-m743-18-744\" class=\"parrafo\">La ICO se\u00f1ala que en 2022\/2023 la producci\u00f3n mundial de caf\u00e9 alcanz\u00f3 los 168,2 millones de sacos. Estos fueron los principales productores en ese periodo:<\/p>\n<p id=\"p597046-m749-19-750\" class=\"parrafo custom-cursor-default-hover\"><b>&#8211; Brasil:<\/b>\u00a065,9 millones de sacos.<\/p>\n<p id=\"p597046-m755-20-756\" class=\"parrafo\"><b>&#8211; Vietnam<\/b>:\u00a029,2 millones de sacos.<\/p>\n<p id=\"p597046-m761-21-762\" class=\"parrafo\"><b>&#8211; Indonesia:\u00a0<\/b>12,0 millones de sacos.<\/p>\n<p id=\"p597046-m767-22-768\" class=\"parrafo\"><b>&#8211; Colombia:\u00a0<\/b>10,7 millones de sacos.<\/p>\n<p id=\"p597046-m773-23-774\" class=\"parrafo custom-cursor-default-hover\" spellcheck=\"false\" data-lt-tmp-id=\"lt-101228\" data-gramm=\"false\"><b>&#8211; Etiop\u00eda:<\/b>\u00a07,7 millones de sacos.<\/p>\n<p id=\"p597046-m882-24-883\" class=\"parrafo custom-cursor-default-hover\" spellcheck=\"false\" data-lt-tmp-id=\"lt-746020\" data-gramm=\"false\"><b>&#8211; India:<\/b>\u00a05,9 millones de sacos.<\/p>\n<p id=\"p597046-m779-24-780\" class=\"parrafo custom-cursor-default-hover\"><b>&#8211; Uganda:<\/b>\u00a05,6 millones de sacos.<\/p>\n","protected":false},"excerpt":{"rendered":"<p>Durante una intervenci\u00f3n en un evento en el Pac\u00edfico, el presidente Gustavo Petro se refiri\u00f3 a la producci\u00f3n cafetera mundial y a\u00a0la ca\u00edda\u00a0de Colombia en el escalaf\u00f3n de los principales productores de caf\u00e9.\u00a0Seg\u00fan\u00a0afirm\u00f3, el pa\u00eds pas\u00f3 de ocupar el segundo lugar de la lista a ubicarse en la quinta posici\u00f3n. \u00c9ramos el segundo productor mundial,<\/p>\n","protected":false},"author":1,"featured_media":11836,"comment_status":"closed","ping_status":"closed","sticky":false,"template":"","format":"standard","meta":{"footnotes":""},"categories":[342,181],"tags":[],"class_list":["post-11835","post","type-post","status-publish","format-standard","has-post-thumbnail","hentry","category-news","category-noticias"],"views":41,"_links":{"self":[{"href":"https:\/\/www.amchambaq.com\/es_co\/wp-json\/wp\/v2\/posts\/11835","targetHints":{"allow":["GET"]}}],"collection":[{"href":"https:\/\/www.amchambaq.com\/es_co\/wp-json\/wp\/v2\/posts"}],"about":[{"href":"https:\/\/www.amchambaq.com\/es_co\/wp-json\/wp\/v2\/types\/post"}],"author":[{"embeddable":true,"href":"https:\/\/www.amchambaq.com\/es_co\/wp-json\/wp\/v2\/users\/1"}],"replies":[{"embeddable":true,"href":"https:\/\/www.amchambaq.com\/es_co\/wp-json\/wp\/v2\/comments?post=11835"}],"version-history":[{"count":1,"href":"https:\/\/www.amchambaq.com\/es_co\/wp-json\/wp\/v2\/posts\/11835\/revisions"}],"predecessor-version":[{"id":11837,"href":"https:\/\/www.amchambaq.com\/es_co\/wp-json\/wp\/v2\/posts\/11835\/revisions\/11837"}],"wp:featuredmedia":[{"embeddable":true,"href":"https:\/\/www.amchambaq.com\/es_co\/wp-json\/wp\/v2\/media\/11836"}],"wp:attachment":[{"href":"https:\/\/www.amchambaq.com\/es_co\/wp-json\/wp\/v2\/media?parent=11835"}],"wp:term":[{"taxonomy":"category","embeddable":true,"href":"https:\/\/www.amchambaq.com\/es_co\/wp-json\/wp\/v2\/categories?post=11835"},{"taxonomy":"post_tag","embeddable":true,"href":"https:\/\/www.amchambaq.com\/es_co\/wp-json\/wp\/v2\/tags?post=11835"}],"curies":[{"name":"wp","href":"https:\/\/api.w.org\/{rel}","templated":true}]}}