{"id":11794,"date":"2024-01-16T09:57:29","date_gmt":"2024-01-16T14:57:29","guid":{"rendered":"https:\/\/www.amchambaq.com\/?p=11794"},"modified":"2024-01-16T09:57:29","modified_gmt":"2024-01-16T14:57:29","slug":"sin-cambios-las-empresas-del-mundo-cerraran-en-10-anos-indica-pwc","status":"publish","type":"post","link":"https:\/\/www.amchambaq.com\/es_co\/sin-cambios-las-empresas-del-mundo-cerraran-en-10-anos-indica-pwc\/","title":{"rendered":"Sin cambios, las empresas del mundo cerrar\u00e1n en 10 a\u00f1os, indica PwC"},"content":{"rendered":"<div id=\"body\" class=\"content-article size-m\">\n<p>El 45 % de los presidentes y consejeros delegados de las mayores<strong>\u00a0empresas del mundo\u00a0<\/strong>consideran que, si no cambian el rumbo de sus empresas, estas desaparecer\u00e1n en menos de\u00a0<strong>diez a\u00f1os<\/strong>, seg\u00fan la encuesta publicada por\u00a0<strong>PwC\u00a0<\/strong>en la primera jornada del<strong>\u00a0Foro Econ\u00f3mico Mundial de Davos.<\/strong><\/p>\n<\/div>\n<div id=\"paragraphs\" class=\"content-article paragraphs size-m\">\n<div class=\"field-collection-container clearfix\">\n<div class=\"field field-name-field-contenido-articulos-2 field-type-field-collection field-label-hidden\">\n<div class=\"field-item even\">\n<div class=\"field-collection-view clearfix view-mode-full field-collection-view-final\">\n<div>\n<div class=\"content\">\n<div class=\"paragraphs-items paragraphs-items-field-campos paragraphs-items-field-campos-full paragraphs-items-full\">\n<div class=\"field field-name-field-campos field-type-paragraphs field-label-hidden\">\n<div class=\"field-item even\">\n<div id=\"relacionado-body\">\n<div class=\"box-title\">\n<p>En su 27\u00aa edici\u00f3n, el documento revela que los ejecutivos espa\u00f1oles son relativamente m\u00e1s optimistas que la media, ya que la proporci\u00f3n alcanza el 36 %, para m\u00e1s de 4.700 ejecutivos entrevistados.<\/p>\n<p>Entre las principales preocupaciones de los directivos entrevistados destaca la\u00a0<strong>disrupci\u00f3n tecnol\u00f3gica<\/strong>, encarnada por la inteligencia artificial (IA) y el cambio clim\u00e1tico.<\/p>\n<p>En la presentaci\u00f3n de la encuesta, el consejero delegado de PwC<strong>, Bob Moritz<\/strong>, ha puesto el foco no tanto en los problemas a los que se enfrentan las empresas sino &#8220;a los que van a venir&#8221;, gran parte de los cuales derivan de la irrupci\u00f3n de la<strong>\u00a0inteligencia artificial (IA).<\/strong><\/p>\n<p>Eso unifica a todos los directivos, que tienen que enfrentarse, cada uno en la medida de sus posibilidades y con las herramientas de las que dispone, &#8220;al mismo reto&#8221;.<\/p>\n<p>Ya no se trata de hacer frente a la circulaci\u00f3n de miles de millones de <strong>datos<\/strong>, sino de una\u00a0<strong>inteligencia artificial\u00a0<\/strong>&#8220;aut\u00f3noma&#8221;, que sufre continuos\u00a0<strong>ciberataques\u00a0<\/strong>y que, en conjunto, &#8220;eleva el nivel de riesgos&#8221; de las compa\u00f1\u00edas, ha dicho Moritz.<\/p>\n<p>No obstante, la encuesta ha detectado cierta mejora en las expectativas de los directivos, desde el &#8220;r\u00e9cord&#8221; de pesimismo alcanzado en la anterior edici\u00f3n, ya que los\u00a0<strong>ejecutIvos\u00a0<\/strong>que prev\u00e9n un deterioro de la\u00a0<strong>econom\u00eda mundial\u00a0<\/strong>en 2024 ha pasado del 73 % al 45 %.<\/p>\n<p>Asimismo, los que creen que la situaci\u00f3n ir\u00e1 a mejor han crecido hasta el 38 % de los entrevistados; los espa\u00f1oles coinciden con sus\u00a0<strong>hom\u00f3logos internacionales\u00a0<\/strong>en las expectativas de\u00a0<strong>crecimiento<\/strong>, ya que pasan del 21 % al 38 % los que adelantan una mejora del\u00a0<strong>crecimiento global\u00a0<\/strong>en los pr\u00f3ximos doce meses y se reduce al 46 % -desde el 76 % de la anterior encuesta-, los que apuntan a un empeoramiento.<\/p>\n<p>Entre los principales obst\u00e1culos para &#8220;reinventar&#8221; sus compa\u00f1\u00edas, el 64 % de los encuestados -y el 68 % de los espa\u00f1oles- se\u00f1alan el entorno regulatorio; el 55% -43 % de los espa\u00f1oles-, la preocupaci\u00f3n por la entrada de competidores en sus negocios y el 52 % -el 50 % de los espa\u00f1oles-, la falta de empleados con las capacidades necesarias.<\/p>\n<p>ambi\u00e9n apuntan a las &#8220;<strong>ineficiencias<\/strong>&#8221; existentes en muchas actividades rutinarias, desde las reuniones para la toma de decisiones hasta los\u00a0<strong>correos electr\u00f3nicos<\/strong>.<\/p>\n<p>Pero los grandes ejecutivos son ahora m\u00e1s optimistas que hace un a\u00f1o, indica el documento, entre otros motivos por la moderaci\u00f3n del crecimiento de la\u00a0<strong>inflaci\u00f3n\u00a0<\/strong>en la mayor\u00eda de los\u00a0<strong>mercados\u00a0<\/strong>y con un escenario de tipos de inter\u00e9s m\u00e1s favorable, con una menor exposici\u00f3n percibida de las empresas a los\u00a0<strong>conflictos geopol\u00edticos\u00a0<\/strong>y con un descenso de la\u00a0<strong>volatilidad econ\u00f3mica<\/strong>.<\/p>\n<p>El\u00a0<strong>trabajo\u00a0<\/strong>desglosa los datos por \u00e1reas geogr\u00e1ficas y, en general, los entrevistados se muestran m\u00e1s optimistas que pesimistas sobre el crecimiento de sus propias\u00a0<strong>econom\u00edas nacionales.<\/strong><\/p>\n<p>No obstante, los grandes ejecutivos estadounidenses y europeos son la excepci\u00f3n a esta\u00a0<strong>tendencia<\/strong>, ya que en\u00a0<strong>Europa\u00a0<\/strong>el 32 % espera ver crecer sus econom\u00edas nacionales, pero un 48 % prev\u00e9\u00a0<strong>desaceleraci\u00f3n<\/strong>; en\u00a0<strong>Estados Unidos<\/strong>, la relaci\u00f3n es de 31 % frente a 52 %.<\/p>\n<p>Entre los\u00a0<strong>espa\u00f1oles<\/strong>, el 36 % apunta una mejora de la actividad en nuestro pa\u00eds en 2024, y el 48 % teme un\u00a0<strong>empeoramiento<\/strong>.<\/p>\n<\/div>\n<\/div>\n<\/div>\n<\/div>\n<\/div>\n<\/div>\n<\/div>\n<\/div>\n<\/div>\n<\/div>\n<\/div>\n<\/div>\n","protected":false},"excerpt":{"rendered":"<p>El 45 % de los presidentes y consejeros delegados de las mayores\u00a0empresas del mundo\u00a0consideran que, si no cambian el rumbo de sus empresas, estas desaparecer\u00e1n en menos de\u00a0diez a\u00f1os, seg\u00fan la encuesta publicada por\u00a0PwC\u00a0en la primera jornada del\u00a0Foro Econ\u00f3mico Mundial de Davos. En su 27\u00aa edici\u00f3n, el documento revela que los ejecutivos espa\u00f1oles son relativamente<\/p>\n","protected":false},"author":1,"featured_media":11795,"comment_status":"closed","ping_status":"closed","sticky":false,"template":"","format":"standard","meta":{"footnotes":""},"categories":[342,181],"tags":[],"class_list":["post-11794","post","type-post","status-publish","format-standard","has-post-thumbnail","hentry","category-news","category-noticias"],"views":51,"_links":{"self":[{"href":"https:\/\/www.amchambaq.com\/es_co\/wp-json\/wp\/v2\/posts\/11794","targetHints":{"allow":["GET"]}}],"collection":[{"href":"https:\/\/www.amchambaq.com\/es_co\/wp-json\/wp\/v2\/posts"}],"about":[{"href":"https:\/\/www.amchambaq.com\/es_co\/wp-json\/wp\/v2\/types\/post"}],"author":[{"embeddable":true,"href":"https:\/\/www.amchambaq.com\/es_co\/wp-json\/wp\/v2\/users\/1"}],"replies":[{"embeddable":true,"href":"https:\/\/www.amchambaq.com\/es_co\/wp-json\/wp\/v2\/comments?post=11794"}],"version-history":[{"count":1,"href":"https:\/\/www.amchambaq.com\/es_co\/wp-json\/wp\/v2\/posts\/11794\/revisions"}],"predecessor-version":[{"id":11796,"href":"https:\/\/www.amchambaq.com\/es_co\/wp-json\/wp\/v2\/posts\/11794\/revisions\/11796"}],"wp:featuredmedia":[{"embeddable":true,"href":"https:\/\/www.amchambaq.com\/es_co\/wp-json\/wp\/v2\/media\/11795"}],"wp:attachment":[{"href":"https:\/\/www.amchambaq.com\/es_co\/wp-json\/wp\/v2\/media?parent=11794"}],"wp:term":[{"taxonomy":"category","embeddable":true,"href":"https:\/\/www.amchambaq.com\/es_co\/wp-json\/wp\/v2\/categories?post=11794"},{"taxonomy":"post_tag","embeddable":true,"href":"https:\/\/www.amchambaq.com\/es_co\/wp-json\/wp\/v2\/tags?post=11794"}],"curies":[{"name":"wp","href":"https:\/\/api.w.org\/{rel}","templated":true}]}}