{"id":11776,"date":"2024-01-10T08:40:14","date_gmt":"2024-01-10T13:40:14","guid":{"rendered":"https:\/\/www.amchambaq.com\/?p=11776"},"modified":"2024-01-10T08:40:14","modified_gmt":"2024-01-10T13:40:14","slug":"rene-puche-renuncio-a-su-cargo-como-presidente-del-puerto-de-barranquilla","status":"publish","type":"post","link":"https:\/\/www.amchambaq.com\/es_co\/rene-puche-renuncio-a-su-cargo-como-presidente-del-puerto-de-barranquilla\/","title":{"rendered":"Rene Puche renunci\u00f3 a su cargo como presidente del Puerto de Barranquilla"},"content":{"rendered":"<div id=\"body\" class=\"content-article size-m\">\n<p><strong>Ren\u00e9 Puche<\/strong>, quien se desempe\u00f1\u00f3 como presidente del<strong>\u00a0Puerto de Barranquilla<\/strong>, renunci\u00f3 a su cargo que estar\u00e1 hasta el pr\u00f3ximo 31 de\u00a0<strong>marzo<\/strong>.<\/p>\n<\/div>\n<div id=\"paragraphs\" class=\"content-article paragraphs size-m\">\n<div class=\"field-collection-container clearfix\">\n<div class=\"field field-name-field-contenido-articulos-2 field-type-field-collection field-label-hidden\">\n<div class=\"field-item even\">\n<div class=\"field-collection-view clearfix view-mode-full field-collection-view-final\">\n<div>\n<div class=\"content\">\n<div class=\"paragraphs-items paragraphs-items-field-campos paragraphs-items-field-campos-full paragraphs-items-full\">\n<div class=\"field field-name-field-campos field-type-paragraphs field-label-hidden\">\n<div class=\"field-item even\">\n<div id=\"relacionado-body\">\n<div class=\"box-title\">\n<p>El dirigente estuvo trabajando en esta sociedad desde hace 11 a\u00f1os.<\/p>\n<p>\u201cIniciaremos la b\u00fasqueda de mi sucesor y la\u00a0<strong>transici\u00f3n\u00a0<\/strong>para que todos los procesos de la\u00a0<strong>organizaci\u00f3n\u00a0<\/strong>contin\u00faen de manera fluida y sin contratiempos y me mantendr\u00e9 a disposici\u00f3n de la persona que quede al mando para un empalme arm\u00f3nico en el que basados en las experiencias vividas abramos paso a las nuevas ideas\u201d, afirm\u00f3 el dirigente.<\/p>\n<p><strong>Puche\u00a0<\/strong>manifest\u00f3 mediante una carga que, durante este tiempo, se aument\u00f3 en m\u00e1s de un mill\u00f3n de toneladas el movimiento de carga, y se instaur\u00f3 un\u00a0<strong>gobierno\u00a0<\/strong>corporativo cada vez m\u00e1s transparente.<\/p>\n<p>\u201cConstruimos la primera y \u00fanica bodega de carga refrigerada y congelada de un terminal portuario en Colombia; pusimos en marcha la visi\u00f3n de Plataforma Log\u00edstica la cual ha sido un cambio radical en nuestra manera de hacer negocios y ejemplo para otros puertos a nivel mundial; iniciamos la ruta de la transformaci\u00f3n digital gracias a la cual para este a\u00f1o tendremos 100 % de nuestros procesos automatizados y no menos importante, llevamos el nombre Puerto de Barranquilla a un siguiente nivel, a que fuera reconocido a nivel nacional e internacional y a ponerlo en el mapa de otros jugadores portuarios por sus atributos diferenciales\u201d, dijo\u00a0<strong>Ren\u00e9 Puche.<\/strong><\/p>\n<p>El dirigente del\u00a0<strong>Puerto de Barranquilla\u00a0<\/strong>agradeci\u00f3 a la\u00a0<strong>ANDI<\/strong>,\u00a0<strong>Asoportuaria<\/strong>,\u00a0<strong>Comit\u00e9 Intergremial<\/strong>,\u00a0<strong>ProBarranquilla<\/strong>, C\u00e1mara Mar\u00edtima y Portuaria de la\u00a0<strong>ANDI<\/strong>, C\u00e1mara Colombiana de Infraestructura,\u00a0<strong>BASC<\/strong>,\u00a0<strong>Triple A<\/strong>, entre otras entidades por haberle permitido aportar en sus juntas directivas durante estos a\u00f1os.<\/p>\n<p>\u201cEn este momento en el que veo cumplidas metas que me plantee al inicio de mi liderazgo como tener una empresa m\u00e1s consolidada, un equipo m\u00e1s robusto y al sector trabajando m\u00e1s unido con resultados concretos a nivel de\u00a0<strong>navegabilidad<\/strong>, he decidido dar un paso al costado y retirarme como Presidente de la organizaci\u00f3n. Que este camino, no termine aqu\u00ed, sino que por el contrario sigan creyendo en las m\u00e1s de 700 personas que hacen parte de este lugar que por mucho tiempo ha sido mi casa\u201d, dijo\u00a0<strong>Ren\u00e9 Puche.<\/strong><\/p>\n<\/div>\n<\/div>\n<\/div>\n<\/div>\n<\/div>\n<\/div>\n<\/div>\n<\/div>\n<\/div>\n<\/div>\n<\/div>\n<\/div>\n","protected":false},"excerpt":{"rendered":"<p>Ren\u00e9 Puche, quien se desempe\u00f1\u00f3 como presidente del\u00a0Puerto de Barranquilla, renunci\u00f3 a su cargo que estar\u00e1 hasta el pr\u00f3ximo 31 de\u00a0marzo. El dirigente estuvo trabajando en esta sociedad desde hace 11 a\u00f1os. \u201cIniciaremos la b\u00fasqueda de mi sucesor y la\u00a0transici\u00f3n\u00a0para que todos los procesos de la\u00a0organizaci\u00f3n\u00a0contin\u00faen de manera fluida y sin contratiempos y me mantendr\u00e9<\/p>\n","protected":false},"author":1,"featured_media":11777,"comment_status":"closed","ping_status":"closed","sticky":false,"template":"","format":"standard","meta":{"footnotes":""},"categories":[342,181],"tags":[],"class_list":["post-11776","post","type-post","status-publish","format-standard","has-post-thumbnail","hentry","category-news","category-noticias"],"views":138,"_links":{"self":[{"href":"https:\/\/www.amchambaq.com\/es_co\/wp-json\/wp\/v2\/posts\/11776","targetHints":{"allow":["GET"]}}],"collection":[{"href":"https:\/\/www.amchambaq.com\/es_co\/wp-json\/wp\/v2\/posts"}],"about":[{"href":"https:\/\/www.amchambaq.com\/es_co\/wp-json\/wp\/v2\/types\/post"}],"author":[{"embeddable":true,"href":"https:\/\/www.amchambaq.com\/es_co\/wp-json\/wp\/v2\/users\/1"}],"replies":[{"embeddable":true,"href":"https:\/\/www.amchambaq.com\/es_co\/wp-json\/wp\/v2\/comments?post=11776"}],"version-history":[{"count":1,"href":"https:\/\/www.amchambaq.com\/es_co\/wp-json\/wp\/v2\/posts\/11776\/revisions"}],"predecessor-version":[{"id":11778,"href":"https:\/\/www.amchambaq.com\/es_co\/wp-json\/wp\/v2\/posts\/11776\/revisions\/11778"}],"wp:featuredmedia":[{"embeddable":true,"href":"https:\/\/www.amchambaq.com\/es_co\/wp-json\/wp\/v2\/media\/11777"}],"wp:attachment":[{"href":"https:\/\/www.amchambaq.com\/es_co\/wp-json\/wp\/v2\/media?parent=11776"}],"wp:term":[{"taxonomy":"category","embeddable":true,"href":"https:\/\/www.amchambaq.com\/es_co\/wp-json\/wp\/v2\/categories?post=11776"},{"taxonomy":"post_tag","embeddable":true,"href":"https:\/\/www.amchambaq.com\/es_co\/wp-json\/wp\/v2\/tags?post=11776"}],"curies":[{"name":"wp","href":"https:\/\/api.w.org\/{rel}","templated":true}]}}