{"id":11773,"date":"2024-01-10T08:37:33","date_gmt":"2024-01-10T13:37:33","guid":{"rendered":"https:\/\/www.amchambaq.com\/?p=11773"},"modified":"2024-01-10T08:37:33","modified_gmt":"2024-01-10T13:37:33","slug":"a-barranquilla-le-devolverian-sede-de-juegos-o-competiria-con-mas-ciudades","status":"publish","type":"post","link":"https:\/\/www.amchambaq.com\/es_co\/a-barranquilla-le-devolverian-sede-de-juegos-o-competiria-con-mas-ciudades\/","title":{"rendered":"\u00bfA Barranquilla le devolver\u00edan sede de Juegos o competir\u00eda con m\u00e1s ciudades?"},"content":{"rendered":"<div id=\"body\" class=\"content-article size-m\">\n<p>Lamentablemente no hay nada qu\u00e9 festejar todav\u00eda. La uni\u00f3n y los esfuerzos por salvar los<strong>\u00a0Juegos Panamericanos 2027<\/strong>\u00a0que el Gobierno nacional, el departamental y el Distrital \u00a0han reflejado a trav\u00e9s de la aparici\u00f3n y las palabras del presidente<strong>\u00a0Gustavo Petro<\/strong>, tras la reuni\u00f3n de este martes en Bogot\u00e1, no garantizan la devoluci\u00f3n inmediata de las justas a Barranquilla.<\/p>\n<\/div>\n<div id=\"paragraphs\" class=\"content-article paragraphs size-m\">\n<div class=\"field-collection-container clearfix\">\n<div class=\"field field-name-field-contenido-articulos-2 field-type-field-collection field-label-hidden\">\n<div class=\"field-item even\">\n<div class=\"field-collection-view clearfix view-mode-full field-collection-view-final\">\n<div>\n<div class=\"content\">\n<div class=\"paragraphs-items paragraphs-items-field-campos paragraphs-items-field-campos-full paragraphs-items-full\">\n<div class=\"field field-name-field-campos field-type-paragraphs field-label-hidden\">\n<div class=\"field-item even\">\n<div id=\"relacionado-body\">\n<div class=\"box-title\">\n<div class=\"field-item odd\">\n<div class=\"entity entity-paragraphs-item paragraphs-item-descripcion\">\n<div class=\"content\">\n<div class=\"field field-name-field-descripcion field-type-text-long field-label-hidden\">\n<div class=\"field-items\">\n<div class=\"field-item even\">\n<p>La \u201cdecisi\u00f3n indeclinable\u201d, como la calific\u00f3<strong>\u00a0Panam Sports<\/strong>\u00a0en un comunicado, de retirarle las relevantes competencias multideportivas a \u2018la Arenosa\u2019 no se puede reversar de momento. Tiene que pasar por la asamblea extraordinaria que se cumplir\u00e1 a mediados de febrero con los 41 pa\u00edses miembros de la rectora de los Juegos.<\/p>\n<p><strong>Helmut Bellingrodt<\/strong>, dos veces medallista ol\u00edmpico en tiro deportivo (Munich-1972 y Los \u00c1ngeles 1984) y actual vocal del<strong>\u00a0Comit\u00e9 Ol\u00edmpico Colombiano<\/strong>\u00a0(COC), no tiene claro lo que estatutariamente aplica para resolver una situaci\u00f3n tan ex\u00f3tica como la que se ha presentado con Colombia.<\/p>\n<p>\u201cComo todo ha sido at\u00edpico, tanto la elecci\u00f3n de Barranquilla por aclamaci\u00f3n como el retiro de la sede, no estoy seguro sobre cu\u00e1l ser\u00eda el procedimiento a seguir. No s\u00e9 si est\u00e1 escrito. No lo conozco\u201d, admiti\u00f3 Bellingrodt.<\/p>\n<p>Sin embargo, su experiencia le dice que el\u00a0<strong>Comit\u00e9 Ejecutivo de Panam Sports<\/strong>\u00a0no va a revocar por s\u00ed mismo su radical determinaci\u00f3n luego de los incumplimientos del Gobierno nacional en los pagos contractuales sobre los derechos de organizaci\u00f3n de las justas y la concesi\u00f3n de los derechos de televisi\u00f3n.<\/p>\n<p>\u201cPersonalmente creo que no va a existir reversa. Lo que puede pasar es que Barranquilla tenga que presentarse nuevamente a la Asamblea General, que ser\u00e1 en el mes de febrero, pero como otra aspirante, como va a estar Jalisco, M\u00e9xico; como va a estar\u00a0<strong>Sao Paulo, Brasil;\u00a0<\/strong>como va a estar<strong>\u00a0Asunci\u00f3n, Paraguay<\/strong>; y no s\u00e9 qu\u00e9 otra ciudad. Panam Sports ya abri\u00f3 una convocatoria de candidaturas\u201d, coment\u00f3 Bellingrodt.<\/p>\n<p>\u201cLo mejor ser\u00eda que el Comit\u00e9 Ejecutivo devolviera la sede y listo, pero dudo y veo improbable que reviertan la resoluci\u00f3n ya emitida por el Comit\u00e9 de Panam Sports. Repito: esto es una situaci\u00f3n totalmente at\u00edpica. Por eso yo me imagino que los miembros del Comit\u00e9 Ejecutivo dijeron: \u2018no nos vamos a meter en camisas de once varas\u2019, vamos a lo normal, vamos a lo prudente, vamos a la democracia total y convoquemos una asamblea, y que la asamblea de los 41 pa\u00edses decida exactamente el derrotero a seguir\u201d, complement\u00f3 el ex tirador.<\/p>\n<p>De todas formas, Bellingrodt ve con buenos ojos Gustavo Petro, por fin, le est\u00e9 poniendo el pecho a la brisa y tratando de enmendar todo lo que ha representado la p\u00e9rdida de una sede\u00a0<strong>que Barranquilla se gan\u00f3 con esmero\u00a0<\/strong>y m\u00e9rito por aclamaci\u00f3n un\u00e1nime, algo in\u00e9dito en la historia de estas justas.<\/p>\n<\/div>\n<\/div>\n<\/div>\n<\/div>\n<\/div>\n<\/div>\n<div class=\"field-item even\">\n<div id=\"relacionado-body\">\n<div class=\"box-title\">\n<p>\u201cLa familia del deporte colombiano est\u00e1 muy agradecida con las palabras de apoyo que dio el presidente en la reuni\u00f3n y despu\u00e9s en la rueda de prensa. Es algo motivante para nosotros como COC y como ciudadanos de Barranquilla y del Caribe\u201d, apunt\u00f3.<\/p>\n<p>Pensando en un pron\u00f3stico optimista, Bellingrodt tambi\u00e9n puso sobre la mesa la posibilidad de que una gran mayor\u00eda de los 41 pa\u00edses desistan de un proceso de varias ciudades candidatas y le brinden una vez m\u00e1s el voto de confianza a Colombia al ver el respaldo que ha salido a dar p\u00fablicamente el presidente Petro junto al\u00a0<strong>alcalde de Barranquilla, Alejandro Char<\/strong>, y el\u00a0<strong>gobernador del Atl\u00e1ntico, Eduardo Verano.<\/strong><\/p>\n<p>\u201cYo me imagino que con esto los comit\u00e9s ol\u00edmpicos nacionales de Am\u00e9rica est\u00e1n disipando el problema de la falta de apoyo que hasta el d\u00eda de hoy hab\u00edamos tenido por parte del Gobierno nacional. Eso es un punto a nuestro favor para que nos den el apoyo y el visto bueno con el voto en la Asamblea General. Eso es lo que creo que se pudiera venir. Los comit\u00e9s de muchos pa\u00edses siempre han deseado y han apoyado para que sea Barranquilla. Ya teniendo el<strong>\u00a0apoyo econ\u00f3mico, financiero, administrativo y log\u00edstico del Gobierno nacional,<\/strong>\u00a0votar\u00edan a nuestro favor\u201d, puntualiz\u00f3 el ex deportista barranquillero.<\/p>\n<\/div>\n<\/div>\n<\/div>\n<\/div>\n<\/div>\n<\/div>\n<\/div>\n<\/div>\n<\/div>\n<\/div>\n<\/div>\n<\/div>\n<\/div>\n<\/div>\n<\/div>\n","protected":false},"excerpt":{"rendered":"<p>Lamentablemente no hay nada qu\u00e9 festejar todav\u00eda. La uni\u00f3n y los esfuerzos por salvar los\u00a0Juegos Panamericanos 2027\u00a0que el Gobierno nacional, el departamental y el Distrital \u00a0han reflejado a trav\u00e9s de la aparici\u00f3n y las palabras del presidente\u00a0Gustavo Petro, tras la reuni\u00f3n de este martes en Bogot\u00e1, no garantizan la devoluci\u00f3n inmediata de las justas a<\/p>\n","protected":false},"author":1,"featured_media":11774,"comment_status":"closed","ping_status":"closed","sticky":false,"template":"","format":"standard","meta":{"footnotes":""},"categories":[342,181],"tags":[],"class_list":["post-11773","post","type-post","status-publish","format-standard","has-post-thumbnail","hentry","category-news","category-noticias"],"views":34,"_links":{"self":[{"href":"https:\/\/www.amchambaq.com\/es_co\/wp-json\/wp\/v2\/posts\/11773","targetHints":{"allow":["GET"]}}],"collection":[{"href":"https:\/\/www.amchambaq.com\/es_co\/wp-json\/wp\/v2\/posts"}],"about":[{"href":"https:\/\/www.amchambaq.com\/es_co\/wp-json\/wp\/v2\/types\/post"}],"author":[{"embeddable":true,"href":"https:\/\/www.amchambaq.com\/es_co\/wp-json\/wp\/v2\/users\/1"}],"replies":[{"embeddable":true,"href":"https:\/\/www.amchambaq.com\/es_co\/wp-json\/wp\/v2\/comments?post=11773"}],"version-history":[{"count":1,"href":"https:\/\/www.amchambaq.com\/es_co\/wp-json\/wp\/v2\/posts\/11773\/revisions"}],"predecessor-version":[{"id":11775,"href":"https:\/\/www.amchambaq.com\/es_co\/wp-json\/wp\/v2\/posts\/11773\/revisions\/11775"}],"wp:featuredmedia":[{"embeddable":true,"href":"https:\/\/www.amchambaq.com\/es_co\/wp-json\/wp\/v2\/media\/11774"}],"wp:attachment":[{"href":"https:\/\/www.amchambaq.com\/es_co\/wp-json\/wp\/v2\/media?parent=11773"}],"wp:term":[{"taxonomy":"category","embeddable":true,"href":"https:\/\/www.amchambaq.com\/es_co\/wp-json\/wp\/v2\/categories?post=11773"},{"taxonomy":"post_tag","embeddable":true,"href":"https:\/\/www.amchambaq.com\/es_co\/wp-json\/wp\/v2\/tags?post=11773"}],"curies":[{"name":"wp","href":"https:\/\/api.w.org\/{rel}","templated":true}]}}