{"id":11770,"date":"2024-01-09T11:53:12","date_gmt":"2024-01-09T16:53:12","guid":{"rendered":"https:\/\/www.amchambaq.com\/?p=11770"},"modified":"2024-01-09T11:53:12","modified_gmt":"2024-01-09T16:53:12","slug":"exministra-urrutia-senalo-que-para-los-panamericanos-habia-recursos-y-futuro-conpes","status":"publish","type":"post","link":"https:\/\/www.amchambaq.com\/es_co\/exministra-urrutia-senalo-que-para-los-panamericanos-habia-recursos-y-futuro-conpes\/","title":{"rendered":"Exministra Urrutia se\u00f1al\u00f3 que para los Panamericanos hab\u00eda recursos y futuro Conpes"},"content":{"rendered":"<p>A medida que pasan los d\u00edas, se conoce m\u00e1s informaci\u00f3n sobre\u00a0<strong>el enramado con los pagos administrativos que deb\u00eda realizar el Gobierno Nacional para garantizar a Barranquilla como sede de los XX Juegos Panamericanos 2027.<\/strong><\/p>\n<p>Este domingo se conoci\u00f3 una carta enviada a Neven Ilic, presidente de Panam Sports, en el que la exministra de Deporte, Mar\u00eda Isabel Urrutia,\u00a0<strong>garantizaba la disponibilidad de recursos, los cuales, se a\u00f1adir\u00edan al presupuesto general para 2023.<\/strong><\/p>\n<p>&#8220;<strong>Le manifiesto que se har\u00e1 apropiaci\u00f3n presupuestal para la vigencia de 2023<\/strong>&#8220;, dice la misiva, en referencia a las obligaciones contractuales con la organizaci\u00f3n.<\/p>\n<p>Adem\u00e1s, Urrutia prometi\u00f3<strong>\u00a0la elaboraci\u00f3n de un instrumento Conpes para trazar la hoja de ruta acerca de los juegos.<\/strong><\/p>\n<p>&#8220;(&#8230;) que es el instrumento legal en Colombia para\u00a0<strong>la definici\u00f3n y orientaci\u00f3n de las actividades tendientes a cumplir con las acciones y compromisos adquiridos para llevar a feliz t\u00e9rmino el desarrollo de este evento<\/strong>&#8220;, mencion\u00f3 la extitular de Deporte.<\/p>\n<p>&#8220;Reiteramos que, desde el Ministerio de Deporte de Colombia,\u00a0<strong>estamos comprometidos para cumplir con todas las obligaciones que tienen que ver con la organizaci\u00f3n y apoyo para desarrollo de los XX Juegos Panamericanos 2027<\/strong>&#8220;, concluye la misiva.<\/p>\n<p><strong>El pasado 3 de enero la organizaci\u00f3n Panam Sports revoc\u00f3 a Barranquilla su nombramiento como sede de los XX Juegos Panamericanos 2027 por el incumplimiento de los pagos por parte del Gobierno Nacional<\/strong>. Este martes el presidente Gustavo Petro se re\u00fane con el gobernador del Atl\u00e1ntico, Eduardo Verano de la Rosa y el alcalde de Barranquilla, Alejandro Char, con el objetivo de recuperar la sede.<\/p>\n","protected":false},"excerpt":{"rendered":"<p>A medida que pasan los d\u00edas, se conoce m\u00e1s informaci\u00f3n sobre\u00a0el enramado con los pagos administrativos que deb\u00eda realizar el Gobierno Nacional para garantizar a Barranquilla como sede de los XX Juegos Panamericanos 2027. Este domingo se conoci\u00f3 una carta enviada a Neven Ilic, presidente de Panam Sports, en el que la exministra de Deporte,<\/p>\n","protected":false},"author":1,"featured_media":11771,"comment_status":"closed","ping_status":"closed","sticky":false,"template":"","format":"standard","meta":{"footnotes":""},"categories":[342,181],"tags":[],"class_list":["post-11770","post","type-post","status-publish","format-standard","has-post-thumbnail","hentry","category-news","category-noticias"],"views":25,"_links":{"self":[{"href":"https:\/\/www.amchambaq.com\/es_co\/wp-json\/wp\/v2\/posts\/11770","targetHints":{"allow":["GET"]}}],"collection":[{"href":"https:\/\/www.amchambaq.com\/es_co\/wp-json\/wp\/v2\/posts"}],"about":[{"href":"https:\/\/www.amchambaq.com\/es_co\/wp-json\/wp\/v2\/types\/post"}],"author":[{"embeddable":true,"href":"https:\/\/www.amchambaq.com\/es_co\/wp-json\/wp\/v2\/users\/1"}],"replies":[{"embeddable":true,"href":"https:\/\/www.amchambaq.com\/es_co\/wp-json\/wp\/v2\/comments?post=11770"}],"version-history":[{"count":1,"href":"https:\/\/www.amchambaq.com\/es_co\/wp-json\/wp\/v2\/posts\/11770\/revisions"}],"predecessor-version":[{"id":11772,"href":"https:\/\/www.amchambaq.com\/es_co\/wp-json\/wp\/v2\/posts\/11770\/revisions\/11772"}],"wp:featuredmedia":[{"embeddable":true,"href":"https:\/\/www.amchambaq.com\/es_co\/wp-json\/wp\/v2\/media\/11771"}],"wp:attachment":[{"href":"https:\/\/www.amchambaq.com\/es_co\/wp-json\/wp\/v2\/media?parent=11770"}],"wp:term":[{"taxonomy":"category","embeddable":true,"href":"https:\/\/www.amchambaq.com\/es_co\/wp-json\/wp\/v2\/categories?post=11770"},{"taxonomy":"post_tag","embeddable":true,"href":"https:\/\/www.amchambaq.com\/es_co\/wp-json\/wp\/v2\/tags?post=11770"}],"curies":[{"name":"wp","href":"https:\/\/api.w.org\/{rel}","templated":true}]}}