{"id":11672,"date":"2023-11-07T10:31:38","date_gmt":"2023-11-07T15:31:38","guid":{"rendered":"https:\/\/www.amchambaq.com\/?p=11672"},"modified":"2023-11-07T10:31:38","modified_gmt":"2023-11-07T15:31:38","slug":"el-deficit-del-comercio-exterior-de-ee-uu-bajo-el-20-hasta-septiembre","status":"publish","type":"post","link":"https:\/\/www.amchambaq.com\/es_co\/el-deficit-del-comercio-exterior-de-ee-uu-bajo-el-20-hasta-septiembre\/","title":{"rendered":"El d\u00e9ficit del comercio exterior de EE. UU. baj\u00f3 el 20 % hasta septiembre"},"content":{"rendered":"<p>El d\u00e9ficit de\u00a0<strong>Estados Unidos\u00a0<\/strong>en su\u00a0<strong>comercio exterior<\/strong>\u00a0de bienes y servicios baj\u00f3 el 20 % en los nueve primeros meses del a\u00f1o, hasta situarse en 147.400 millones de d\u00f3lares, inform\u00f3 este martes la\u00a0<strong>Oficina de An\u00e1lisis Econ\u00f3mico\u00a0<\/strong>(BEA, en ingl\u00e9s).<\/p>\n<p>Durante estos nueve meses, las\u00a0<strong>exportaciones\u00a0<\/strong>subieron en 22.700 millones, el 1 %, mientras que las\u00a0<strong>importaciones\u00a0<\/strong>decrecieron el 4,2 % y sumaron 124.800 millones.<\/p>\n<p>Los datos referidos exclusivamente al mes de\u00a0<strong>septiembre\u00a0<\/strong>muestran que el\u00a0<strong>d\u00e9ficit\u00a0<\/strong>del comercio exterior subi\u00f3 el 4,9 % hasta situarse en los 61.500 millones de d\u00f3lares.<\/p>\n<p>En el noveno mes del a\u00f1o las\u00a0<strong>exportaciones\u00a0<\/strong>subieron el 2,2 %, hasta los 261.100 millones de\u00a0<strong>d\u00f3lares<\/strong>, mientras que las importaciones ascendieron el 2,7 %, hasta los 322.700 millones de d\u00f3lares.<\/p>\n<p>El aumento del d\u00e9ficit de\u00a0<strong>bienes\u00a0<\/strong>y\u00a0<strong>servicios\u00a0<\/strong>en\u00a0<strong>septiembre\u00a0<\/strong>reflej\u00f3 un aumento del d\u00e9ficit de bienes de 1.700 millones de d\u00f3lares a 86.300 millones de d\u00f3lares y una disminuci\u00f3n del\u00a0<strong>super\u00e1vit\u00a0<\/strong>de servicios de 1.200 millones de d\u00f3lares a 24.800 millones de d\u00f3lares.<\/p>\n<p>En la media de los tres \u00faltimos meses, una medida utilizada por los\u00a0<strong>economistas\u00a0<\/strong>para determinar la\u00a0<strong>tendencia<\/strong>, el d\u00e9ficit cay\u00f3 700 millones hasta los 61.600 millones de d\u00f3lares.<\/p>\n<p>Seg\u00fan los datos del mes de\u00a0<strong>septiembre<\/strong>, las\u00a0<strong>exportaciones\u00a0<\/strong>de bienes aumentaron 5.300 millones gracias sobre todo al incremento de las ventas al exterior de materiales y componentes industriales, que se elevaron en 1.400 millones, as\u00ed como de los alimentos, piensos y bebidas, que crecieron una cantidad similar. Las exportaciones de servicios aumentaron, por su parte, en 300 millones.<\/p>\n<p>La subida de 7.000 millones de las importaciones de bienes se debi\u00f3 sobre todo a que los bienes de consumo aumentaron 2.000 millones de d\u00f3lares, mientras que los veh\u00edculos, repuestos y motores automotores aumentaron 1.900 millones de d\u00f3lares.<\/p>\n<p>Por regiones, las cifras de septiembre muestran super\u00e1vits con<strong>\u00a0Am\u00e9rica del Sur\u00a0<\/strong>y Central (4.800 millones de\u00a0<strong>d\u00f3lares<\/strong>), Pa\u00edses Bajos (3.200), Hong Kong (2.700), Australia (1.600), B\u00e9lgica (1.200), Singapur (700), Reino Unido (500) y Arabia Saudita (200).<\/p>\n<p>Se registraron d\u00e9ficits con China (24.100 millones de d\u00f3lares), la\u00a0<strong>Uni\u00f3n Europea<\/strong>\u00a0(16.800),\u00a0<strong>M\u00e9xico\u00a0<\/strong>(12.200),\u00a0<strong>Vietnam\u00a0<\/strong>(9.400),\u00a0<strong>Jap\u00f3n\u00a0<\/strong>(6.900),\u00a0<strong>Alemania\u00a0<\/strong>(6.300),\u00a0<strong>Irlanda\u00a0<\/strong>(6.200), Canad\u00e1 (5.900), Taiw\u00e1n (5.000), Corea del Sur (4.500), India (3.900),\u00a0<strong>Italia\u00a0<\/strong>(2.900), Suiza (2.100), Malasia (1.900), Francia (900), Israel (600) y\u00a0<strong>Brasil\u00a0<\/strong>(300).<\/p>\n","protected":false},"excerpt":{"rendered":"<p>El d\u00e9ficit de\u00a0Estados Unidos\u00a0en su\u00a0comercio exterior\u00a0de bienes y servicios baj\u00f3 el 20 % en los nueve primeros meses del a\u00f1o, hasta situarse en 147.400 millones de d\u00f3lares, inform\u00f3 este martes la\u00a0Oficina de An\u00e1lisis Econ\u00f3mico\u00a0(BEA, en ingl\u00e9s). Durante estos nueve meses, las\u00a0exportaciones\u00a0subieron en 22.700 millones, el 1 %, mientras que las\u00a0importaciones\u00a0decrecieron el 4,2 % y sumaron<\/p>\n","protected":false},"author":1,"featured_media":11673,"comment_status":"closed","ping_status":"closed","sticky":false,"template":"","format":"standard","meta":{"footnotes":""},"categories":[342,181],"tags":[],"class_list":["post-11672","post","type-post","status-publish","format-standard","has-post-thumbnail","hentry","category-news","category-noticias"],"views":30,"_links":{"self":[{"href":"https:\/\/www.amchambaq.com\/es_co\/wp-json\/wp\/v2\/posts\/11672","targetHints":{"allow":["GET"]}}],"collection":[{"href":"https:\/\/www.amchambaq.com\/es_co\/wp-json\/wp\/v2\/posts"}],"about":[{"href":"https:\/\/www.amchambaq.com\/es_co\/wp-json\/wp\/v2\/types\/post"}],"author":[{"embeddable":true,"href":"https:\/\/www.amchambaq.com\/es_co\/wp-json\/wp\/v2\/users\/1"}],"replies":[{"embeddable":true,"href":"https:\/\/www.amchambaq.com\/es_co\/wp-json\/wp\/v2\/comments?post=11672"}],"version-history":[{"count":1,"href":"https:\/\/www.amchambaq.com\/es_co\/wp-json\/wp\/v2\/posts\/11672\/revisions"}],"predecessor-version":[{"id":11674,"href":"https:\/\/www.amchambaq.com\/es_co\/wp-json\/wp\/v2\/posts\/11672\/revisions\/11674"}],"wp:featuredmedia":[{"embeddable":true,"href":"https:\/\/www.amchambaq.com\/es_co\/wp-json\/wp\/v2\/media\/11673"}],"wp:attachment":[{"href":"https:\/\/www.amchambaq.com\/es_co\/wp-json\/wp\/v2\/media?parent=11672"}],"wp:term":[{"taxonomy":"category","embeddable":true,"href":"https:\/\/www.amchambaq.com\/es_co\/wp-json\/wp\/v2\/categories?post=11672"},{"taxonomy":"post_tag","embeddable":true,"href":"https:\/\/www.amchambaq.com\/es_co\/wp-json\/wp\/v2\/tags?post=11672"}],"curies":[{"name":"wp","href":"https:\/\/api.w.org\/{rel}","templated":true}]}}