{"id":11627,"date":"2023-10-13T09:40:27","date_gmt":"2023-10-13T14:40:27","guid":{"rendered":"https:\/\/www.amchambaq.com\/?p=11627"},"modified":"2023-10-13T09:40:27","modified_gmt":"2023-10-13T14:40:27","slug":"sentencia-de-la-corte-constitucional-sobre-el-regimen-de-zonas-francas","status":"publish","type":"post","link":"https:\/\/www.amchambaq.com\/es_co\/sentencia-de-la-corte-constitucional-sobre-el-regimen-de-zonas-francas\/","title":{"rendered":"Sentencia de la corte constitucional sobre el r\u00e9gimen de Zonas francas"},"content":{"rendered":"<p class=\"s7\"><strong><span class=\"s4\"><em>Por Mart\u00edn Gustavo Ibarra \u2013Presidente de Ara\u00fajo Ibarra Consultores Internacionales SAS.<\/em><\/span><\/strong><\/p>\n<p class=\"s5\"><span class=\"s4\">La corte constitucional acaba de emitir un fallo en donde declara la exequibilidad modulada del Articulo 11 de la Reforma Tributaria referente a\u00a0<\/span><span class=\"s8\">USUARIOS INDUSTRIALES\u00a0<\/span><span class=\"s9\">De\u00a0<\/span><span class=\"s8\">ZONAS FRANCAS<\/span>\u00a0<span class=\"s4\">(Numerales 1 y 2 y Par\u00e1grafo Sexto del Art\u00edculo 11 de la Reforma Tributaria).<\/span><\/p>\n<p class=\"s5\"><span class=\"s4\">Dicha norma solo permit\u00eda gozar de la tarifa del 20% para los ingresos provenientes de las\u00a0<\/span><span class=\"s9\">exportaciones<\/span>\u00a0<span class=\"s9\">de bienes y servicios<\/span><span class=\"s4\">\u00a0de acuerdo con los planes de internacionalizaci\u00f3n presentados ante el Ministerio de Industria y Turismo, seg\u00fan la reglamentaci\u00f3n que expida el Gobierno Nacional.<\/span><\/p>\n<p class=\"s5\"><span class=\"s4\">Para la Corte, en aras a mantener los principios de seguridad jur\u00eddica, buena fe y confianza leg\u00edtima, decidi\u00f3 que esta norma\u00a0<\/span><span class=\"s9\">SOLO<\/span><span class=\"s4\">, se aplicar\u00e1 para los\u00a0<\/span><span class=\"s9\">NUEVOS USUARIOS<\/span>\u00a0<span class=\"s9\">INDUSTRIALES<\/span><span class=\"s4\">\u00a0que se califiquen a partir del 13 de diciembre de 2023, fecha en que fue promulgada la Reforma Tributaria.<\/span><\/p>\n<p class=\"s5\"><span class=\"s4\">Para aquellos usuarios que hubieren sido calificados con anterioridad y hubieren cumplido los compromisos para su calificaci\u00f3n (de inversi\u00f3n y empleo), se les aplicar\u00e1 la tarifa del 20%, tanto para los ingresos provenientes de exportaciones, como de aquellos generados en las ventas al mercado nacional.<\/span><\/p>\n<p class=\"s5\"><span class=\"s4\">Esta sentencia es una muy buena noticia, tanto para el r\u00e9gimen de zonas francas, como para el buen nombre de Colombia, pues se demuestra como en el Pa\u00eds se respeta la palabra empe\u00f1ada, la seguridad jur\u00eddica y la confianza leg\u00edtima.<\/span><\/p>\n<p class=\"s5\"><span class=\"s4\">Esta norma beneficia a m\u00e1s de 500 usuarios ya calificados en las zonas francas colombianas, tanto en zonas francas permanentes como en zonas francas especiales y ser\u00e1 de vital importancia poder probar a partir del 2024, que empieza a regir este art\u00edculo, el debido cumplimiento de los compromisos de inversiones y empleo a que se obligaron los usuarios industriales calificados con anterioridad a la Reforma Tributaria.<\/span><\/p>\n<p class=\"s5\"><span class=\"s4\">Debo aclarar que el mismo Articulo 11 ya hab\u00eda contemplado algunas excepciones a los planes de internacionalizaci\u00f3n, como es el caso de los usuarios operadores, las zonas francas portuarias, las zonas francas offshore, refinaci\u00f3n de petr\u00f3leo, aquellas dedicadas a los biocombustibles y los usuarios de log\u00edstica.<\/span><\/p>\n<p class=\"s5\"><span class=\"s4\">Por lo tanto, la modulaci\u00f3n de esta sentencia se aplicar\u00e1 \u00fanicamente hac\u00eda el futuro, y hasta el vencimiento de las licencias de zonas francas para el resto de usuario industriales de bienes y servicios ya calificados.<\/span><\/p>\n<p class=\"s5\"><span class=\"s4\">Por otra parte, la sentencia a su vez es un espaldarazo a la pol\u00edtica del nuevo gobierno, de re orientar los incentivos del impuesto de renta del mecanismo de zonas francas, en una tarifa reducida del 20%, hacia las exportaciones de bienes y servicios para los nuevos usuarios que se califiquen a partir del 13 de diciembre del 2022.<\/span><\/p>\n<p class=\"s5\"><span class=\"s4\">Debo subrayar, el papel protag\u00f3nico que tienen las zonas francas en la atracci\u00f3n de las nuevas inversiones del nearshoring, en los cuales Colombia tiene un gran potencial hacia el futuro y que lamentablemente a\u00fan no han llegado.<\/span><\/p>\n<p class=\"s5\"><span class=\"s4\">Con la tarifa del 20% Colombia es el \u00fanico pa\u00eds de America Latina de tama\u00f1o medio o grande, que otorga, adem\u00e1s de los beneficios de comercio exterior de las zonas francas una tarifa del 20% en cualquier parte de su territorio, pues en otros pa\u00edses, como M\u00e9jico, Brasil, Per\u00fa o Chile est\u00e1n limitados los incentivos a regiones fronterizas o remotas.<\/span><\/p>\n","protected":false},"excerpt":{"rendered":"<p>Por Mart\u00edn Gustavo Ibarra \u2013Presidente de Ara\u00fajo Ibarra Consultores Internacionales SAS. La corte constitucional acaba de emitir un fallo en donde declara la exequibilidad modulada del Articulo 11 de la Reforma Tributaria referente a\u00a0USUARIOS INDUSTRIALES\u00a0De\u00a0ZONAS FRANCAS\u00a0(Numerales 1 y 2 y Par\u00e1grafo Sexto del Art\u00edculo 11 de la Reforma Tributaria). Dicha norma solo permit\u00eda gozar de<\/p>\n","protected":false},"author":1,"featured_media":11628,"comment_status":"closed","ping_status":"closed","sticky":false,"template":"","format":"standard","meta":{"footnotes":""},"categories":[342,181],"tags":[],"class_list":["post-11627","post","type-post","status-publish","format-standard","has-post-thumbnail","hentry","category-news","category-noticias"],"views":65,"_links":{"self":[{"href":"https:\/\/www.amchambaq.com\/es_co\/wp-json\/wp\/v2\/posts\/11627","targetHints":{"allow":["GET"]}}],"collection":[{"href":"https:\/\/www.amchambaq.com\/es_co\/wp-json\/wp\/v2\/posts"}],"about":[{"href":"https:\/\/www.amchambaq.com\/es_co\/wp-json\/wp\/v2\/types\/post"}],"author":[{"embeddable":true,"href":"https:\/\/www.amchambaq.com\/es_co\/wp-json\/wp\/v2\/users\/1"}],"replies":[{"embeddable":true,"href":"https:\/\/www.amchambaq.com\/es_co\/wp-json\/wp\/v2\/comments?post=11627"}],"version-history":[{"count":1,"href":"https:\/\/www.amchambaq.com\/es_co\/wp-json\/wp\/v2\/posts\/11627\/revisions"}],"predecessor-version":[{"id":11629,"href":"https:\/\/www.amchambaq.com\/es_co\/wp-json\/wp\/v2\/posts\/11627\/revisions\/11629"}],"wp:featuredmedia":[{"embeddable":true,"href":"https:\/\/www.amchambaq.com\/es_co\/wp-json\/wp\/v2\/media\/11628"}],"wp:attachment":[{"href":"https:\/\/www.amchambaq.com\/es_co\/wp-json\/wp\/v2\/media?parent=11627"}],"wp:term":[{"taxonomy":"category","embeddable":true,"href":"https:\/\/www.amchambaq.com\/es_co\/wp-json\/wp\/v2\/categories?post=11627"},{"taxonomy":"post_tag","embeddable":true,"href":"https:\/\/www.amchambaq.com\/es_co\/wp-json\/wp\/v2\/tags?post=11627"}],"curies":[{"name":"wp","href":"https:\/\/api.w.org\/{rel}","templated":true}]}}