{"id":11583,"date":"2023-09-26T08:33:10","date_gmt":"2023-09-26T13:33:10","guid":{"rendered":"https:\/\/www.amchambaq.com\/?p=11583"},"modified":"2023-09-26T08:33:10","modified_gmt":"2023-09-26T13:33:10","slug":"amcham-exportaciones-de-colombia-a-ee-uu-crecen-un-15","status":"publish","type":"post","link":"https:\/\/www.amchambaq.com\/es_co\/amcham-exportaciones-de-colombia-a-ee-uu-crecen-un-15\/","title":{"rendered":"AmCham: Exportaciones de Colombia a EE. UU. crecen un 15 %"},"content":{"rendered":"<p>La presidenta de la C\u00e1mara Colombo Americana (<strong>AmChams<\/strong>),\u00a0<strong>Mar\u00eda Claudia Lacouture<\/strong>, afirm\u00f3 en el foro\u00a0<strong>&#8220;TLC Colombia\u2013Estados Unidos: \u00bfes posible mejorarlo&#8221;<\/strong>\u00a0que el tratado comercial firmado con el m\u00e1ximo aliado comercial en el mundo para el pa\u00eds exige unos desaf\u00edos m\u00e1s all\u00e1 de los resultados positivos.<\/p>\n<p>Lacouture en su an\u00e1lisis identifica unas caracter\u00edsticas que preocupan desde las variables econ\u00f3micas internas de\u00a0<strong>Colombia<\/strong>. \u201cEs necesario ofrecer condiciones para la seguridad f\u00edsica, jur\u00eddica y pol\u00edtica, con estabilidad de las variables macro y microecon\u00f3micas, que hoy son aceptables, aunque con una perspectiva que preocupa por el desbordado gasto p\u00fablico respecto al PIB, que aumenta de manera desproporcionada en transferencias directas en forma de subsidios y asistencialismo y muy poco en infraestructura, servicios esenciales, educaci\u00f3n y proyectos productivos\u201d.<\/p>\n<p>El evento de AmChams mostr\u00f3 con datos del Banco de la Rep\u00fablica,que la inversi\u00f3n extranjera directa de<strong>\u00a0Estados Unidos<\/strong>\u00a0a Colombia lleg\u00f3 a US$2.861 millones entre enero y junio de 2023, reflejando un crecimiento de 15,4% frente a los US$2.479 millones registrados para el mismo per\u00edodo de 2022,<\/p>\n<p>El Embajador de Estados Unidos,\u00a0<strong>Francisco Palmieri\u00a0<\/strong>que estuvo en el foro destac\u00f3 que el comercio bilateral entre\u00a0<strong>Colombia\u00a0<\/strong>y Estados Unidos ha alcanzado casi 40 mil millones de d\u00f3lares anuales, lo que demuestra la s\u00f3lida relaci\u00f3n econ\u00f3mica entre ambas naciones.<\/p>\n<p>El sector agr\u00edcola colombiano es uno de los que muestra con el\u00a0<strong>TLC\u00a0<\/strong>unas cifras positivas. El embajador Palmieri precis\u00f3 que las exportaciones agr\u00edcolas totales de Colombia a Estados Unidos alcanzaron los 4.4 mil millones de d\u00f3lares en 2022, casi el doble del valor total de exportaciones hace 10 a\u00f1os cuando comenz\u00f3 el tratado.<\/p>\n<p>En 2017, por primera vez, los\u00a0<strong>consumidores estadounidenses\u00a0<\/strong>pudieron comprar aguacates colombianos en los supermercados, record\u00f3 Palmieri como muestra del crecimiento y diversificaci\u00f3n de las exportaciones colombianas.<\/p>\n<p>El TLC entre Colombia y Estados Unidos es el resultado de un proceso que comenz\u00f3\u00a0<strong>el 8 de agosto de 2003<\/strong>, cuando a trav\u00e9s del USTR el pa\u00eds americano acept\u00f3 explorar la v\u00eda con el benepl\u00e1cito de los presidentes\u00a0<strong>\u00c1lvaro Uribe<\/strong>\u00a0y\u00a0<strong>George W. Bush.<\/strong><\/p>\n<p>El 18 de noviembre de 2003 el Gobierno de Estados Unidos inform\u00f3 al Congreso que empezar\u00eda las negociaciones.<\/p>\n<p>Las primeras rondas de conversaciones empezaron en mayo de 2004.<\/p>\n<p>El acuerdo comercial entr\u00f3 en vigencia\u00a0<strong>el 15 de mayo de 2014<\/strong>.<\/p>\n<p>Mar\u00eda Claudia Lacouture advirti\u00f3 que cambiar las condiciones de juego del TLC con Estados Unidos, Colombia perder\u00eda competitividad y una fuga de capitales.<\/p>\n<p><strong>La canasta exportadora<\/strong>\u00a0desde la firma del TLC muestra, seg\u00fan Lacouture, que Colombia ha diversificado sus ventas de bienes no mineros energ\u00e9ticos al exterior del 29 % al 52 % desde el 2012 al 2022.<\/p>\n<p>Y el sector minero energ\u00e9tico dej\u00f3 de concentrar las exportaciones nacionales de un 71 % a un 48 % entre el 2012 y 2022.<\/p>\n<p>Tomado de: EL HERALDO<\/p>\n","protected":false},"excerpt":{"rendered":"<p>La presidenta de la C\u00e1mara Colombo Americana (AmChams),\u00a0Mar\u00eda Claudia Lacouture, afirm\u00f3 en el foro\u00a0&#8220;TLC Colombia\u2013Estados Unidos: \u00bfes posible mejorarlo&#8221;\u00a0que el tratado comercial firmado con el m\u00e1ximo aliado comercial en el mundo para el pa\u00eds exige unos desaf\u00edos m\u00e1s all\u00e1 de los resultados positivos. Lacouture en su an\u00e1lisis identifica unas caracter\u00edsticas que preocupan desde las variables<\/p>\n","protected":false},"author":1,"featured_media":11584,"comment_status":"closed","ping_status":"closed","sticky":false,"template":"","format":"standard","meta":{"footnotes":""},"categories":[342,181],"tags":[],"class_list":["post-11583","post","type-post","status-publish","format-standard","has-post-thumbnail","hentry","category-news","category-noticias"],"views":73,"_links":{"self":[{"href":"https:\/\/www.amchambaq.com\/es_co\/wp-json\/wp\/v2\/posts\/11583","targetHints":{"allow":["GET"]}}],"collection":[{"href":"https:\/\/www.amchambaq.com\/es_co\/wp-json\/wp\/v2\/posts"}],"about":[{"href":"https:\/\/www.amchambaq.com\/es_co\/wp-json\/wp\/v2\/types\/post"}],"author":[{"embeddable":true,"href":"https:\/\/www.amchambaq.com\/es_co\/wp-json\/wp\/v2\/users\/1"}],"replies":[{"embeddable":true,"href":"https:\/\/www.amchambaq.com\/es_co\/wp-json\/wp\/v2\/comments?post=11583"}],"version-history":[{"count":1,"href":"https:\/\/www.amchambaq.com\/es_co\/wp-json\/wp\/v2\/posts\/11583\/revisions"}],"predecessor-version":[{"id":11585,"href":"https:\/\/www.amchambaq.com\/es_co\/wp-json\/wp\/v2\/posts\/11583\/revisions\/11585"}],"wp:featuredmedia":[{"embeddable":true,"href":"https:\/\/www.amchambaq.com\/es_co\/wp-json\/wp\/v2\/media\/11584"}],"wp:attachment":[{"href":"https:\/\/www.amchambaq.com\/es_co\/wp-json\/wp\/v2\/media?parent=11583"}],"wp:term":[{"taxonomy":"category","embeddable":true,"href":"https:\/\/www.amchambaq.com\/es_co\/wp-json\/wp\/v2\/categories?post=11583"},{"taxonomy":"post_tag","embeddable":true,"href":"https:\/\/www.amchambaq.com\/es_co\/wp-json\/wp\/v2\/tags?post=11583"}],"curies":[{"name":"wp","href":"https:\/\/api.w.org\/{rel}","templated":true}]}}