{"id":11570,"date":"2023-09-20T10:14:00","date_gmt":"2023-09-20T15:14:00","guid":{"rendered":"https:\/\/www.amchambaq.com\/?p=11570"},"modified":"2023-09-20T10:14:00","modified_gmt":"2023-09-20T15:14:00","slug":"barranquilla-sera-sede-de-la-convencion-portuaria-de-latinoamerica-2023","status":"publish","type":"post","link":"https:\/\/www.amchambaq.com\/es_co\/barranquilla-sera-sede-de-la-convencion-portuaria-de-latinoamerica-2023\/","title":{"rendered":"Barranquilla ser\u00e1 sede de la convenci\u00f3n portuaria de Latinoam\u00e9rica 2023"},"content":{"rendered":"<p><b>Barranquilla<\/b>\u00a0ser\u00e1 sede por primera vez de la\u00a0<b>convenci\u00f3n de la Asociaci\u00f3n Americana de Autoridades Portuarias -AAPA Latam-, que tendr\u00e1 lugar del 4 al 6 de diciembre de este a\u00f1o.<\/b><\/p>\n<p>Durante este martes se llev\u00f3 a cabo el pre-lanzamiento de este evento, que atraer\u00e1 a los principales l\u00edderes y autoridades del<b>\u00a0sector portuario y la cadena log\u00edstica de los puertos de Latinoam\u00e9rica y tambi\u00e9n de Estados Unidos.<\/b><\/p>\n<p><b>Ren\u00e9 Puche, presidente del Puerto de Barranquilla,\u00a0<\/b>dijo que hace dos a\u00f1os Buenos Aires era la ciudad m\u00e1s opcionada para el encuentro, sin embargo, al final la capital del Atl\u00e1ntico logr\u00f3 esta oportunidad, como apuesta para\u00a0<b>seguir consolidando a Barranquilla como una ciudad de eventos y negocios.<\/b><\/p>\n<p>\u201cEstamos haciendo una apuesta en lograr una sinergia entre el\u00a0<b>cap\u00edtulo AAPA en Norteam\u00e9rica de y Latinoam\u00e9rica porque hay una conexi\u00f3n y sin duda Estados Unidos es un aliado comercial\u00a0<\/b>fuerte para nosotros\u201d, destac\u00f3 Puche.<\/p>\n<p>Por su parte, la\u00a0<b>directora de Probarranquilla, Vicky Osorio, asegur\u00f3 que se trata de oportunidad para conectar aliados de todo el continente y que le aportar\u00e1 a la competitividad de la ciudad<\/b>, trat\u00e1ndose de un sector de inter\u00e9s y de vocaci\u00f3n para Barranquilla.<\/p>\n<p>\u201cEs un evento que traer\u00e1 m\u00e1s o menos unas 600 personas, por lo que ser\u00e1 un doble impacto para la ciudad.\u00a0<b>Por un lado el impacto econ\u00f3mico que tienen esos visitantes que consumen, pero tambi\u00e9n como traemos a los l\u00edderes de un sector estrat\u00e9gico para temas que son para nuestro crecimiento y desarrollo<\/b>\u201d, afirm\u00f3.<\/p>\n<p>La convenci\u00f3n ser\u00e1 escenario para discutir temas como como\u00a0<b>desarrollo y financiaci\u00f3n internacional, energ\u00eda e\u00f3lica, digitalizaci\u00f3n, carbono cero, nearshoring, tendencias en cruceros, pol\u00edtica p\u00fablica,\u00a0<\/b>desarrollo de ciudades portuarias, entre otros.<\/p>\n<p>Tomado de: CARACOL RADIO<\/p>\n","protected":false},"excerpt":{"rendered":"<p>Barranquilla\u00a0ser\u00e1 sede por primera vez de la\u00a0convenci\u00f3n de la Asociaci\u00f3n Americana de Autoridades Portuarias -AAPA Latam-, que tendr\u00e1 lugar del 4 al 6 de diciembre de este a\u00f1o. Durante este martes se llev\u00f3 a cabo el pre-lanzamiento de este evento, que atraer\u00e1 a los principales l\u00edderes y autoridades del\u00a0sector portuario y la cadena log\u00edstica de<\/p>\n","protected":false},"author":1,"featured_media":11571,"comment_status":"closed","ping_status":"closed","sticky":false,"template":"","format":"standard","meta":{"footnotes":""},"categories":[342,181],"tags":[],"class_list":["post-11570","post","type-post","status-publish","format-standard","has-post-thumbnail","hentry","category-news","category-noticias"],"views":31,"_links":{"self":[{"href":"https:\/\/www.amchambaq.com\/es_co\/wp-json\/wp\/v2\/posts\/11570","targetHints":{"allow":["GET"]}}],"collection":[{"href":"https:\/\/www.amchambaq.com\/es_co\/wp-json\/wp\/v2\/posts"}],"about":[{"href":"https:\/\/www.amchambaq.com\/es_co\/wp-json\/wp\/v2\/types\/post"}],"author":[{"embeddable":true,"href":"https:\/\/www.amchambaq.com\/es_co\/wp-json\/wp\/v2\/users\/1"}],"replies":[{"embeddable":true,"href":"https:\/\/www.amchambaq.com\/es_co\/wp-json\/wp\/v2\/comments?post=11570"}],"version-history":[{"count":1,"href":"https:\/\/www.amchambaq.com\/es_co\/wp-json\/wp\/v2\/posts\/11570\/revisions"}],"predecessor-version":[{"id":11572,"href":"https:\/\/www.amchambaq.com\/es_co\/wp-json\/wp\/v2\/posts\/11570\/revisions\/11572"}],"wp:featuredmedia":[{"embeddable":true,"href":"https:\/\/www.amchambaq.com\/es_co\/wp-json\/wp\/v2\/media\/11571"}],"wp:attachment":[{"href":"https:\/\/www.amchambaq.com\/es_co\/wp-json\/wp\/v2\/media?parent=11570"}],"wp:term":[{"taxonomy":"category","embeddable":true,"href":"https:\/\/www.amchambaq.com\/es_co\/wp-json\/wp\/v2\/categories?post=11570"},{"taxonomy":"post_tag","embeddable":true,"href":"https:\/\/www.amchambaq.com\/es_co\/wp-json\/wp\/v2\/tags?post=11570"}],"curies":[{"name":"wp","href":"https:\/\/api.w.org\/{rel}","templated":true}]}}